{"id":2295,"date":"2023-03-25T12:12:38","date_gmt":"2023-03-25T11:12:38","guid":{"rendered":"http:\/\/parafia.scinawa.info\/?p=2295"},"modified":"2023-03-25T12:26:43","modified_gmt":"2023-03-25T11:26:43","slug":"2295","status":"publish","type":"post","link":"http:\/\/parafia.scinawa.info\/index.php\/2023\/03\/25\/2295\/","title":{"rendered":"INTENCJE MSZALNE 26.03. \u2013 02.04. 2023"},"content":{"rendered":"\n<p><strong><em>Sk\u0142adaj\u0105c\nOfiar\u0119, kt\u00f3ra nam przypomina niezmierzon\u0105 mi\u0142o\u015b\u0107 Twojego Syna, pokornie prosimy\nCi\u0119, Bo\u017ce, przyjmij intencje Twoich wiernych i spraw przez dzia\u0142anie\nEucharystii, aby w naszych rodzinach wzrasta\u0142a prawdziwa wiara, \u015bwi\u0119to\u015b\u0107 \u017cycia,\nbraterska mi\u0142o\u015b\u0107 i duch modlitwy. <\/em><\/strong><strong>Niech\nMatka Naj\u015bwi\u0119tsza wyprosi \u0142aski, o kt\u00f3re modlili\u015bmy si\u0119 w tej Mszy \u015bw. dla \u2026\nZa\u015b zmar\u0142ym \u2026 za kt\u00f3rych odprawiali\u015bmy Msz\u0119 \u015bw.: wieczny odpoczynek racz im\nda\u0107 Panie (\u2026); niech odpoczywaj\u0105 w pokoju wiecznym. Amen<\/strong><\/p>\n\n\n\n<p><strong>26.03<em>. &#8211; NIEDZIELA&nbsp; <\/em><\/strong><em><\/em><\/p>\n\n\n\n<p><strong>8.oo\n\u2013 1) <\/strong>w intencji Beaty<strong> <\/strong>w 56 rocz. przyj\u0119cia sakramentu Chrztu \u015bw. dzi\u0119kczynna za\notrzymane \u0142aski <\/p>\n\n\n\n<p>&nbsp;&nbsp;&nbsp;&nbsp;&nbsp;&nbsp;&nbsp;&nbsp;&nbsp;&nbsp;&nbsp;&nbsp;&nbsp; z pro\u015bb\u0105 o zdrowie, Bo\u017ce b\u0142ogos\u0142awie\u0144stwo,\ndary\nDucha \u015awi\u0119tego , opiek\u0119 NMP i \u015bw. Patron\u00f3w <\/p>\n\n\n\n<p><strong>&nbsp;&nbsp;&nbsp;&nbsp;&nbsp;&nbsp;&nbsp;&nbsp;&nbsp;&nbsp;&nbsp; &nbsp;\n2)<\/strong> + mam\u0119 Ann\u0119\nFrydrych \u2013 gregorianka 22<\/p>\n\n\n\n<p><strong>&nbsp; 9.3o \u2013 <\/strong>&nbsp;+ Jerzego Eichsteadta w 3 rocz. \u015bm. oraz ++\nrodzic\u00f3w \u2013 modli si\u0119 c\u00f3rka z rodzin\u0105 <\/p>\n\n\n\n<p><strong>11.oo\n\u2013 1) <\/strong>+ Krystyn\u0119 Parzy\u0144sk\u0105 w 5\nrocz. \u015bm. \u2013 modli si\u0119 rodzina<\/p>\n\n\n\n<p><strong>&nbsp;&nbsp;&nbsp;&nbsp;&nbsp;&nbsp;&nbsp;&nbsp;&nbsp;&nbsp;&nbsp; &nbsp;\n2) <\/strong>w intencji Doroty z racji\nurodzin\ndzi\u0119kczynna za otrzymane \u0142aski z pro\u015bb\u0105 o zdrowie, Bo\u017ce<\/p>\n\n\n\n<p>&nbsp;&nbsp;&nbsp;&nbsp;&nbsp;&nbsp;&nbsp;&nbsp;&nbsp;&nbsp;&nbsp;&nbsp;&nbsp; &nbsp;b\u0142ogos\u0142awie\u0144stwo, dary\nDucha \u015awi\u0119tego , opiek\u0119 NMP i \u015bw. Patron\u00f3w \u2013 modli si\u0119 m\u0105\u017c z rodzin\u0105<\/p>\n\n\n\n<p><strong>12.3o\n\u2013 1)<\/strong> ++ rodzic\u00f3w: Tomasza i Mari\u0119\nBaran\u00f3w \u2013 modl\u0105 si\u0119 dzieci z rodzinami <\/p>\n\n\n\n<p><strong>&nbsp;&nbsp;&nbsp;&nbsp;&nbsp;&nbsp;&nbsp;&nbsp;&nbsp;&nbsp;&nbsp; &nbsp;2)<\/strong> ++ rodzic\u00f3w: Mari\u0119 i Tomasza Pirg\u00f3w, brata\nStanis\u0142awa i bratow\u0105 Czes\u0142aw\u0119 \u2013 modli si\u0119 rodzina<\/p>\n\n\n\n<p>&nbsp;&nbsp;&nbsp;&nbsp;&nbsp;&nbsp;&nbsp;&nbsp;&nbsp;&nbsp;&nbsp;&nbsp;&nbsp;&nbsp;&nbsp;&nbsp;&nbsp;&nbsp;&nbsp;&nbsp;&nbsp;&nbsp;&nbsp; <strong><em>Chrzest po Mszy: Kacper \u0141ozi\u0144ski<\/em><\/strong><\/p>\n\n\n\n<p><strong>18.oo\n\u2013 <\/strong>+ Micha\u0142a Skocznia \u2013 modli si\u0119 kuzynka Teresa z\nm\u0119\u017cem z Obidzy<strong>\n&nbsp;&nbsp;<\/strong>&nbsp;<\/p>\n\n\n\n<p><strong>27.03<em>. \u2013 PONIEDZIA\u0141EK<\/em><\/strong><\/p>\n\n\n\n<p><strong>&nbsp; &nbsp;&nbsp;7.oo \u2013 <\/strong>&nbsp;+ mam\u0119\nAnn\u0119 Frydrych \u2013 gregorianka 23<\/p>\n\n\n\n<p><strong>18.oo\n\u2013 1) + Eleonora Majerska \u2013 gregorianka 21<\/strong> <\/p>\n\n\n\n<p><strong>&nbsp;&nbsp;&nbsp;&nbsp;&nbsp;&nbsp;&nbsp;&nbsp;&nbsp;&nbsp;&nbsp; &nbsp;\n2)<\/strong> + Stefania Winiarska \u2013\nmodli si\u0119 wnuk Marcin z \u017con\u0105 i dzie\u0107mi<\/p>\n\n\n\n<p><strong>28.03<em>. &#8211; WTOREK<\/em><\/strong><em><\/em><\/p>\n\n\n\n<p><strong>&nbsp;&nbsp; 7.oo \u20131) <\/strong>+ mam\u0119 Ann\u0119 Frydrych \u2013 gregorianka 24 <\/p>\n\n\n\n<p><strong>&nbsp;&nbsp;&nbsp;&nbsp;&nbsp;&nbsp;&nbsp;&nbsp;&nbsp;&nbsp;&nbsp; &nbsp;\n2)<\/strong><\/p>\n\n\n\n<p><strong>18.oo\n\u2013 + Eleonora Majerska \u2013 gregorianka 22<\/strong><\/p>\n\n\n\n<p><strong>29.03<em>. \u2013 \u015aRODA <\/em><\/strong><\/p>\n\n\n\n<p><strong>&nbsp; 7.oo \u20131) <\/strong>+ mam\u0119 Ann\u0119 Frydrych \u2013 gregorianka 25 <\/p>\n\n\n\n<p><strong>&nbsp;&nbsp;&nbsp;&nbsp;&nbsp;&nbsp;&nbsp;&nbsp;&nbsp;&nbsp;&nbsp; &nbsp;&nbsp;2) +\nEleonora Majerska \u2013 gregorianka 23<\/strong><\/p>\n\n\n\n<p><strong>18.oo\n\u2013&nbsp; intencja zbiorowa nowennowa:<\/strong><\/p>\n\n\n\n<p><strong>1)<\/strong>\n+ Jana Jasickiego \u2013 modli si\u0119 rodzina W\u0142odarczyk\u00f3w z Krakowa<\/p>\n\n\n\n<p><strong>2)<\/strong>\nw 70 rocz. urodzin Alicji Szulik dzi\u0119kczynna za otrzymane \u0142aski z pro\u015bb\u0105 o zdrowie,\nBo\u017ce<\/p>\n\n\n\n<p>&nbsp;&nbsp;&nbsp; &nbsp;b\u0142ogos\u0142awie\u0144stwo,\ndary\nDucha \u015awi\u0119tego , opiek\u0119 NMP i \u015bw. Patron\u00f3w \u2013 modli si\u0119 rodzina<\/p>\n\n\n\n<p><strong>3)<\/strong><\/p>\n\n\n\n<p><strong>4)<\/strong><\/p>\n\n\n\n<p><strong>5)<\/strong><\/p>\n\n\n\n<p><strong>30.03<em>. \u2013 CZWARTEK &#8211; REKOLEKCJE &nbsp;<\/em><\/strong><em>&nbsp;<\/em><\/p>\n\n\n\n<p><strong>8.oo\n\u2013<\/strong>\n&nbsp;+\nmam\u0119 Ann\u0119 Frydrych \u2013 gregorianka 26<\/p>\n\n\n\n<p><strong>11.oo\n\u2013 1) <\/strong>++ Henryk\u0119 i Marian oraz\n++ z rodziny Cielas\u00f3w, Rosik\u00f3w i Klepackich \u2013 modli si\u0119 rodzina\n<\/p>\n\n\n\n<p><strong>&nbsp;&nbsp;&nbsp;&nbsp;&nbsp;&nbsp;&nbsp;&nbsp;&nbsp;&nbsp;&nbsp; &nbsp;\n2) <\/strong><\/p>\n\n\n\n<p><strong>16.oo\n\u2013 + Eleonora Majerska \u2013 gregorianka 24<\/strong><\/p>\n\n\n\n<p><strong>18.oo\n\u2013 1) <\/strong>w intencji wnuk\u00f3w dzi\u0119kczynna\nza otrzymane \u0142aski z pro\u015bb\u0105 o zdrowie, Bo\u017ce<\/p>\n\n\n\n<p>&nbsp;&nbsp;&nbsp; &nbsp;&nbsp;&nbsp;&nbsp;&nbsp;&nbsp;&nbsp;&nbsp;&nbsp;&nbsp;&nbsp;&nbsp;&nbsp;b\u0142ogos\u0142awie\u0144stwo, dary\nDucha \u015awi\u0119tego , opiek\u0119 NMP i \u015bw. Patron\u00f3w \u2013 modl\u0105 si\u0119 dziadkowie<\/p>\n\n\n\n<p><strong>&nbsp;&nbsp;&nbsp;&nbsp;&nbsp;&nbsp;&nbsp;&nbsp;&nbsp;&nbsp;&nbsp; &nbsp;\n2)<\/strong> + Micha\u0142a Skocznia \u2013\nmodli si\u0119 kuzynka Kazimiera z rodzin\u0105 z Nowego S\u0105cza<\/p>\n\n\n\n<p><strong>31.03<em>. \u2013 PI\u0104TEK &#8211; REKOLEKCJE<\/em><\/strong><\/p>\n\n\n\n<p><strong>&nbsp; &nbsp;&nbsp;8.oo\n\u2013<\/strong>\n&nbsp;<strong>1)\n<\/strong>+ mam\u0119 Ann\u0119 Frydrych \u2013 gregorianka 27\n<\/p>\n\n\n\n<p><strong>&nbsp;&nbsp;&nbsp;&nbsp;&nbsp;&nbsp;&nbsp;&nbsp;&nbsp;&nbsp;&nbsp; &nbsp;\n2)<\/strong> + Zofi\u0119 G\u00f3rn\u0105 i ++ z\nrodziny \u2013 modli si\u0119 Katarzyna z rodzin\u0105<\/p>\n\n\n\n<p><strong>11.oo\n\u2013 1) + Eleonora Majerska \u2013 gregorianka 25<\/strong> <\/p>\n\n\n\n<p><strong>&nbsp;&nbsp;&nbsp;&nbsp;&nbsp;&nbsp;&nbsp;&nbsp;&nbsp;&nbsp;&nbsp; &nbsp;\n2) <\/strong><\/p>\n\n\n\n<p><strong>16.oo\n\u2013 <\/strong>+ Stefanie Winiarsk\u0105 \u2013 modli si\u0119 siostra W\u0142adys\u0142aw\u0105\nz rodzin\u0105<\/p>\n\n\n\n<p><strong>18.oo\n\u2013 1) <\/strong>+ Zenona Obieg\u0142\u0119 w 6 rocz.\n\u015bm. \u2013 modli si\u0119 siostra z rodzin\u0105 <\/p>\n\n\n\n<p><strong>&nbsp;&nbsp;&nbsp;&nbsp;&nbsp;&nbsp;&nbsp;&nbsp;&nbsp;&nbsp;&nbsp; &nbsp;\n2)<\/strong> + Bogus\u0142awa Staszewskiego\nw 10 rocz. \u015bm. \u2013 modli si\u0119 kuzynka z rodzin\u0105 &nbsp;<\/p>\n\n\n\n<p><strong><em>01.04.\n\u2013 SOBOTA &#8211; REKOLEKCJE<\/em><\/strong><\/p>\n\n\n\n<p><strong>&nbsp; &nbsp;&nbsp;9.oo\n\u2013<\/strong>\n&nbsp;<strong>&nbsp;<\/strong>&nbsp;+ mam\u0119 Ann\u0119 Frydrych \u2013 gregorianka 28<\/p>\n\n\n\n<p><strong>11.oo\n\u2013<\/strong> intencja wynagradzaj\u0105ca Niepokalanemu Sercu NMP<\/p>\n\n\n\n<p><strong>16.oo\n\u2013 + Eleonora Majerska \u2013 gregorianka 26<\/strong><\/p>\n\n\n\n<p><strong>18.oo\n\u2013 1) <\/strong>+ Barbar\u0119 Chajnowsk\u0105 w 5\nrocz. \u015bm. oraz ++ jej rodzic\u00f3w i wszystkich ++ z rodziny<\/p>\n\n\n\n<p>&nbsp;&nbsp;&nbsp;&nbsp;&nbsp;&nbsp;&nbsp;&nbsp;&nbsp;&nbsp;&nbsp;&nbsp;&nbsp;&nbsp;&nbsp;&nbsp; &nbsp;Kwiatkowskich i Chajnowskich \u2013 modli si\u0119 m\u0105\u017c z\ndzie\u0107mi i rodzin\u0105<strong>\n<\/strong><\/p>\n\n\n\n<p><strong>&nbsp;&nbsp;&nbsp;&nbsp;&nbsp;&nbsp;&nbsp;&nbsp;&nbsp;&nbsp;&nbsp; &nbsp;\n2)<\/strong> + brata W\u0142adys\u0142awa Kubika w 10 rocz. \u015bm. \u2013 modli si\u0119\nsiostra z rodzin\u0105 <\/p>\n\n\n\n<p><strong><em>02.04.\n\u2013 NIEDZIELA&nbsp; <\/em><\/strong><\/p>\n\n\n\n<p><strong>&nbsp; 8.oo \u2013 1) <\/strong>+ mam\u0119 Ann\u0119 Frydrych \u2013 gregorianka 29 <\/p>\n\n\n\n<p><strong>&nbsp;&nbsp;&nbsp;&nbsp;&nbsp;&nbsp;&nbsp;&nbsp;&nbsp;&nbsp;&nbsp; &nbsp;\n2)<\/strong> + m\u0119\u017ca Edwarda Marcinowa w 20 rocz. \u015bm., ++ jego\nrodzic\u00f3w: Franciszk\u0119 i Wojciecha<\/p>\n\n\n\n<p>&nbsp;&nbsp;&nbsp;&nbsp;&nbsp;&nbsp;&nbsp;&nbsp;&nbsp;&nbsp;&nbsp;&nbsp;&nbsp;&nbsp;&nbsp;&nbsp; &nbsp;Marcinow\u00f3w, Stanis\u0142aw\u0119 i Mariana Ja\u0142owickich\noraz Helen\u0119 Mory\u0144 \u2013 modli si\u0119 rodzina<\/p>\n\n\n\n<p><strong>&nbsp; 9.3o \u2013 <\/strong>&nbsp;++ m\u0119\u017ca Ryszarda i zi\u0119cia Ryszarda z racji\nziemskich urodzin i imienin \u2013 modli si\u0119 rodzina<\/p>\n\n\n\n<p><strong>11.oo\n\u2013 1) <\/strong>++&nbsp; rodzic\u00f3w: Katarzyn\u0119 i J\u00f3zefa Demczyszak\u00f3w,\nOlg\u0119 i Dymitra Chocholak\u00f3w, brata J\u00f3zefa <\/p>\n\n\n\n<p>&nbsp;&nbsp;&nbsp;&nbsp;&nbsp;&nbsp;&nbsp;&nbsp;&nbsp;&nbsp;&nbsp;&nbsp;&nbsp;&nbsp; Demczyszaka,\nKazimierza Chmielowca, Katarzyn\u0119 i W\u0142adys\u0142awa Grudnik\u00f3w \u2013 modli si\u0119 rodzina<\/p>\n\n\n\n<p><strong>&nbsp;&nbsp;&nbsp;&nbsp;&nbsp;&nbsp;&nbsp;&nbsp;&nbsp;&nbsp;&nbsp; &nbsp; 2) <\/strong>w intencji &nbsp;ca\u0142ej Parafii o potrzebne \u0142aski, dzieci I Komunijnych, m\u0142odzie\u017cy przygotowuj\u0105cej si\u0119 do bierzmowania, za naszych kleryk\u00f3w: Mateusza i Jakuba oraz o nowe powo\u0142ania kap\u0142a\u0144skie&nbsp;i zakonne z naszej parafii \u2013 modli si\u0119 \u017bywy R\u00f3\u017caniec <\/p>\n\n\n\n<p><strong>12.3o\n\u2013 1) <\/strong>+ siostr\u0119 Agnieszk\u0119<\/p>\n\n\n\n<p><strong>&nbsp;&nbsp;&nbsp;&nbsp;&nbsp;&nbsp;&nbsp;&nbsp;&nbsp;&nbsp;&nbsp; &nbsp;\n2)<\/strong> + Janin\u0119 Wo\u017aniak w 3 rocz. \u015bm. \u2013 modl\u0105 si\u0119 synowie:\nGrzegorz, Gabriel i Krzysztof<\/p>\n\n\n\n<p><strong>18.oo\n\u2013 1)<\/strong> <strong>+\nEleonora Majerska \u2013 gregorianka 27<\/strong><\/p>\n\n\n\n<p><strong>&nbsp;&nbsp;&nbsp;&nbsp;&nbsp; 2) <\/strong>+ Alfreda Skoczylasa w 10 rocz. \u015bm., ++ te\u015bci\u00f3w: Ann\u0119 i Dymitra\nHawrylczak\u00f3w \u2013 modli si\u0119 rodzina<strong>\n<\/strong>&nbsp;<\/p>\n","protected":false},"excerpt":{"rendered":"<p>Sk\u0142adaj\u0105c Ofiar\u0119, kt\u00f3ra nam przypomina niezmierzon\u0105 mi\u0142o\u015b\u0107 Twojego Syna, pokornie prosimy Ci\u0119, Bo\u017ce, przyjmij intencje Twoich wiernych i spraw przez dzia\u0142anie Eucharystii, aby w naszych rodzinach wzrasta\u0142a prawdziwa wiara, \u015bwi\u0119to\u015b\u0107 \u017cycia, braterska mi\u0142o\u015b\u0107 i duch modlitwy. Niech Matka Naj\u015bwi\u0119tsza wyprosi \u0142aski, o kt\u00f3re modlili\u015bmy si\u0119 w tej Mszy \u015bw. dla&#8230; <a class=\"continue-reading-link\" href=\"http:\/\/parafia.scinawa.info\/index.php\/2023\/03\/25\/2295\/\">Czytaj dalej <span class=\"meta-nav\">&rarr; <\/span><\/a><\/p>\n","protected":false},"author":2,"featured_media":0,"comment_status":"closed","ping_status":"closed","sticky":false,"template":"","format":"standard","meta":{"footnotes":""},"categories":[39],"tags":[],"class_list":["post-2295","post","type-post","status-publish","format-standard","hentry","category-intencje"],"_links":{"self":[{"href":"http:\/\/parafia.scinawa.info\/index.php\/wp-json\/wp\/v2\/posts\/2295","targetHints":{"allow":["GET"]}}],"collection":[{"href":"http:\/\/parafia.scinawa.info\/index.php\/wp-json\/wp\/v2\/posts"}],"about":[{"href":"http:\/\/parafia.scinawa.info\/index.php\/wp-json\/wp\/v2\/types\/post"}],"author":[{"embeddable":true,"href":"http:\/\/parafia.scinawa.info\/index.php\/wp-json\/wp\/v2\/users\/2"}],"replies":[{"embeddable":true,"href":"http:\/\/parafia.scinawa.info\/index.php\/wp-json\/wp\/v2\/comments?post=2295"}],"version-history":[{"count":3,"href":"http:\/\/parafia.scinawa.info\/index.php\/wp-json\/wp\/v2\/posts\/2295\/revisions"}],"predecessor-version":[{"id":2300,"href":"http:\/\/parafia.scinawa.info\/index.php\/wp-json\/wp\/v2\/posts\/2295\/revisions\/2300"}],"wp:attachment":[{"href":"http:\/\/parafia.scinawa.info\/index.php\/wp-json\/wp\/v2\/media?parent=2295"}],"wp:term":[{"taxonomy":"category","embeddable":true,"href":"http:\/\/parafia.scinawa.info\/index.php\/wp-json\/wp\/v2\/categories?post=2295"},{"taxonomy":"post_tag","embeddable":true,"href":"http:\/\/parafia.scinawa.info\/index.php\/wp-json\/wp\/v2\/tags?post=2295"}],"curies":[{"name":"wp","href":"https:\/\/api.w.org\/{rel}","templated":true}]}}