{"id":2301,"date":"2023-03-25T13:05:34","date_gmt":"2023-03-25T12:05:34","guid":{"rendered":"http:\/\/parafia.scinawa.info\/?p=2301"},"modified":"2023-03-25T13:05:34","modified_gmt":"2023-03-25T12:05:34","slug":"ogloszenia-duszpasterskie-5-niedziela-wielkiego-postu-26-03-2023","status":"publish","type":"post","link":"http:\/\/parafia.scinawa.info\/index.php\/2023\/03\/25\/ogloszenia-duszpasterskie-5-niedziela-wielkiego-postu-26-03-2023\/","title":{"rendered":"Og\u0142oszenia duszpasterskie    5 Niedziela Wielkiego Postu \u2013 26.03. 2023"},"content":{"rendered":"\n<p><strong>1<\/strong><strong>.<\/strong> Dzi\u015b prze\u017cywamy\n<strong>5 Niedziel\u0119 Wielkiego Postu<\/strong><strong>.<\/strong> Msze \u015bw. wed\u0142ug porz\u0105dku\nniedzielnego. <\/p>\n\n\n\n<p><strong>2<\/strong><strong>.<\/strong> Msze \u015bw. w tygodniu&nbsp; o <strong>7<sup>00<\/sup><\/strong> i <strong>18<sup>00<\/sup><\/strong>.&nbsp; <\/p>\n\n\n\n<p><strong>2<\/strong><strong>.<\/strong> Msze \u015bw. do\n\u015brody w\u0142\u0105cznie o <strong>7<sup>00<\/sup><\/strong> i <strong>18<sup>00<\/sup><\/strong>, <strong><em>a\nod czwartku rekolekcje wielkopostne i nabo\u017ce\u0144stwa drogi Krzy\u017cowej wg planu!!!<\/em><\/strong><\/p>\n\n\n\n<p><strong>4. <\/strong><strong>W tym tygodniu nabo\u017ce\u0144stwa: <\/strong><\/p>\n\n\n\n<p><strong>&#8211; w poniedzia\u0142ek &nbsp;&#8211; <\/strong>nabo\u017ce\u0144stwo<strong>\n<em>do Bo\u017cego Mi\u0142osierdzia <\/em><\/strong>o godz. <strong>17<sup>30<\/sup><\/strong><\/p>\n\n\n\n<p><strong>&#8211; we wtorek<\/strong> <strong>&nbsp;&nbsp;&nbsp;&nbsp;&nbsp;&nbsp;&nbsp;&nbsp;&nbsp;&nbsp; &nbsp;&nbsp;&nbsp;&nbsp;&nbsp;&nbsp;&nbsp;&nbsp;&nbsp;&nbsp; <\/strong>&#8211; nabo\u017ce\u0144stwo do <strong>\u015bw. Ojca Szarbela<\/strong>o godz.<strong>17<sup>30<\/sup><\/strong><\/p>\n\n\n\n<p><strong>&#8211;<\/strong> <strong>w \u015brod\u0119<\/strong>\n&nbsp;&nbsp;&nbsp; &nbsp;&nbsp;&nbsp;&nbsp;&nbsp;<strong>&#8211; <\/strong>Nowenna\ndo <strong><em>NMP Nieustaj\u0105cej Pomocy<\/em><\/strong><strong><em>\ni<\/em> \u015bw. Micha\u0142a Archanio\u0142a<\/strong>\no godz. <strong>17<sup>30<\/sup><\/strong><\/p>\n\n\n\n<p><strong>5<\/strong><strong>.<\/strong> Gorzkie \u017bale w niedziel\u0119\no godz. <strong>17<sup>15<\/sup>.<\/strong>Za udzia\u0142 w nabo\u017ce\u0144stwie Gorzkich\n\u017bali w Wielkim Po\u015bcie oraz za odprawienie Drogi Krzy\u017cowej mo\u017cna uzyska\u0107 odpust\nzupe\u0142ny pod zwyk\u0142ymi warunkami.<\/p>\n\n\n\n<p><strong>6.<\/strong>\nW I sobot\u0119 miesi\u0105ca po Mszy o godz. <strong>11<sup>00<\/sup><\/strong>\n<strong><em>nabo\u017ce\u0144stwo\nfatimskie<\/em><\/strong>.<strong><\/strong><\/p>\n\n\n\n<p><strong>7<\/strong><strong>.\n<\/strong>W przysz\u0142\u0105\nniedziel\u0119 b\u0119dziemy prze\u017cywa\u0107 <strong>6 Niedziel\u0119\nWielkiego Postu<\/strong> czyli Niedziel\u0119\nPalmow\u0105. Msze \u015bw. wed\u0142ug porz\u0105dku niedzielnego. &nbsp;W czasie ka\u017cdej Mszy \u015bw. po\u015bwi\u0119cenie palm. &nbsp;Zmiana tajemnic \u017bywego R\u00f3\u017ca\u0144ca o <strong>10<sup>30<\/sup>.<\/strong> <\/p>\n\n\n\n<p><strong>8<\/strong><strong>.<\/strong> Kancelaria\nczynna codziennie po Mszy \u015bw. wieczornej z wyj\u0105tkiem niedziel, uroczysto\u015bci i\n\u015bwi\u0105t.<\/p>\n\n\n\n<p><strong>9<\/strong><strong>.<\/strong> Do nabycia jest\nprasa katolicka: Niedziela, Go\u015b\u0107 Niedzielny i R\u00f3\u017caniec. <\/p>\n\n\n\n<p><strong>10<\/strong><strong>.<\/strong> Dzi\u0119kuj\u0119\nwszystkim, kt\u00f3rzy w tym tygodniu sprz\u0105tali \u015bwi\u0105tyni\u0119 i przygotowali j\u0105 na nasze\nspotkanie eucharystyczne.<\/p>\n\n\n\n<p><strong>11<\/strong><strong>.<\/strong> Serdeczne B\u00f3g\nzap\u0142a\u0107 za ofiary sk\u0142adane na remonty w naszej parafii. <\/p>\n\n\n\n<p><strong>12<\/strong><strong>.<\/strong> Intencje mszalne,\nkartki \u015bwi\u0105teczne, obrazki \u2013 pami\u0105tki odprawionej Mszy \u015bw., program rekolekcji\ni na \u015bwi\u0119ta, paschaliki du\u017ce po 16 z\u0142 i ma\u0142e po 8 z\u0142.<\/p>\n\n\n\n<p><strong>13. <\/strong>Tradycj\u0105 lat minionych od I Niedzieli Wielkiego Postu sk\u0142adamy ofiary na kwiaty do Bo\u017cego Grobu do skarbony pod ambon\u0105.<\/p>\n\n\n\n<p><em>\u017byczymy mi\u0142ego tygodnia i obfitych \u0142ask Bo\u017cych.<\/em><\/p>\n","protected":false},"excerpt":{"rendered":"<p>1. Dzi\u015b prze\u017cywamy 5 Niedziel\u0119 Wielkiego Postu. Msze \u015bw. wed\u0142ug porz\u0105dku niedzielnego. 2. Msze \u015bw. w tygodniu&nbsp; o 700 i 1800.&nbsp; 2. Msze \u015bw. do \u015brody w\u0142\u0105cznie o 700 i 1800, a od czwartku rekolekcje wielkopostne i nabo\u017ce\u0144stwa drogi Krzy\u017cowej wg planu!!! 4. W tym tygodniu nabo\u017ce\u0144stwa: &#8211; w poniedzia\u0142ek&#8230; <a class=\"continue-reading-link\" href=\"http:\/\/parafia.scinawa.info\/index.php\/2023\/03\/25\/ogloszenia-duszpasterskie-5-niedziela-wielkiego-postu-26-03-2023\/\">Czytaj dalej <span class=\"meta-nav\">&rarr; <\/span><\/a><\/p>\n","protected":false},"author":2,"featured_media":0,"comment_status":"closed","ping_status":"closed","sticky":false,"template":"","format":"standard","meta":{"footnotes":""},"categories":[40],"tags":[],"class_list":["post-2301","post","type-post","status-publish","format-standard","hentry","category-ogloszenia-duszpasterskie"],"_links":{"self":[{"href":"http:\/\/parafia.scinawa.info\/index.php\/wp-json\/wp\/v2\/posts\/2301","targetHints":{"allow":["GET"]}}],"collection":[{"href":"http:\/\/parafia.scinawa.info\/index.php\/wp-json\/wp\/v2\/posts"}],"about":[{"href":"http:\/\/parafia.scinawa.info\/index.php\/wp-json\/wp\/v2\/types\/post"}],"author":[{"embeddable":true,"href":"http:\/\/parafia.scinawa.info\/index.php\/wp-json\/wp\/v2\/users\/2"}],"replies":[{"embeddable":true,"href":"http:\/\/parafia.scinawa.info\/index.php\/wp-json\/wp\/v2\/comments?post=2301"}],"version-history":[{"count":1,"href":"http:\/\/parafia.scinawa.info\/index.php\/wp-json\/wp\/v2\/posts\/2301\/revisions"}],"predecessor-version":[{"id":2302,"href":"http:\/\/parafia.scinawa.info\/index.php\/wp-json\/wp\/v2\/posts\/2301\/revisions\/2302"}],"wp:attachment":[{"href":"http:\/\/parafia.scinawa.info\/index.php\/wp-json\/wp\/v2\/media?parent=2301"}],"wp:term":[{"taxonomy":"category","embeddable":true,"href":"http:\/\/parafia.scinawa.info\/index.php\/wp-json\/wp\/v2\/categories?post=2301"},{"taxonomy":"post_tag","embeddable":true,"href":"http:\/\/parafia.scinawa.info\/index.php\/wp-json\/wp\/v2\/tags?post=2301"}],"curies":[{"name":"wp","href":"https:\/\/api.w.org\/{rel}","templated":true}]}}