{"id":2304,"date":"2023-04-01T20:48:35","date_gmt":"2023-04-01T18:48:35","guid":{"rendered":"http:\/\/parafia.scinawa.info\/?p=2304"},"modified":"2023-04-01T20:50:51","modified_gmt":"2023-04-01T18:50:51","slug":"intencje-mszalne-02-04-09-04-2023","status":"publish","type":"post","link":"http:\/\/parafia.scinawa.info\/index.php\/2023\/04\/01\/intencje-mszalne-02-04-09-04-2023\/","title":{"rendered":"INTENCJE MSZALNE 02.04. \u2013 09.04. 2023"},"content":{"rendered":"\n<p><strong><em>Sk\u0142adaj\u0105c\nOfiar\u0119, kt\u00f3ra nam przypomina niezmierzon\u0105 mi\u0142o\u015b\u0107 Twojego Syna, pokornie prosimy\nCi\u0119, Bo\u017ce, przyjmij intencje Twoich wiernych i spraw przez dzia\u0142anie\nEucharystii, aby w naszych rodzinach wzrasta\u0142a prawdziwa wiara, \u015bwi\u0119to\u015b\u0107 \u017cycia,\nbraterska mi\u0142o\u015b\u0107 i duch modlitwy. <\/em><\/strong><strong>Niech\nMatka Naj\u015bwi\u0119tsza wyprosi \u0142aski, o kt\u00f3re modlili\u015bmy si\u0119 w tej Mszy \u015bw. dla \u2026\nZa\u015b zmar\u0142ym \u2026 za kt\u00f3rych odprawiali\u015bmy Msz\u0119 \u015bw.: wieczny odpoczynek racz im\nda\u0107 Panie (\u2026); niech odpoczywaj\u0105 w pokoju wiecznym. Amen<\/strong><\/p>\n\n\n\n<p><strong>02.04<em>. &#8211; NIEDZIELA&nbsp; <\/em><\/strong><em><\/em><\/p>\n\n\n\n<p><strong>&nbsp;8.oo \u2013 1) <\/strong>+ mam\u0119 Ann\u0119 Frydrych \u2013 gregorianka 29 <\/p>\n\n\n\n<p><strong>&nbsp;&nbsp;&nbsp;&nbsp;&nbsp;&nbsp;&nbsp;&nbsp;&nbsp;&nbsp;&nbsp; &nbsp;\n2)<\/strong> + m\u0119\u017ca Edwarda Marcinowa w 20 rocz. \u015bm., ++ jego\nrodzic\u00f3w: Franciszk\u0119 i Wojciecha \u00a0Marcinow\u00f3w, Stanis\u0142aw\u0119 i Mariana Ja\u0142owickich oraz Helen\u0119 Mory\u0144 \u2013 modli si\u0119 rodzina<\/p>\n\n\n\n<p><strong>&nbsp; 9.3o \u2013 <\/strong>&nbsp;++ m\u0119\u017ca Ryszarda i zi\u0119cia Ryszarda z racji\nziemskich urodzin i imienin \u2013 modli si\u0119 rodzina<\/p>\n\n\n\n<p><strong>11.oo\n\u2013 1) <\/strong>++&nbsp; rodzic\u00f3w: Katarzyn\u0119 i J\u00f3zefa Demczyszak\u00f3w,\nOlg\u0119 i Dymitra Chocholak\u00f3w, brata J\u00f3zefa \u00a0 Demczyszaka, Kazimierza Chmielowca, Katarzyn\u0119 i W\u0142adys\u0142awa Grudnik\u00f3w \u2013 modli si\u0119 rodzina<\/p>\n\n\n\n<p><strong>&nbsp;&nbsp;&nbsp;&nbsp;&nbsp;&nbsp;&nbsp;&nbsp;&nbsp;&nbsp;&nbsp; &nbsp;&nbsp;2) <\/strong>w\nintencji &nbsp;ca\u0142ej Parafii o potrzebne\n\u0142aski, dzieci I Komunijnych, m\u0142odzie\u017cy przygotowuj\u0105cej si\u0119 \u00a0 do bierzmowania, za naszych kleryk\u00f3w: Mateusza i Jakuba oraz o nowe powo\u0142ania kap\u0142a\u0144skie\u00a0\u00a0i zakonne z naszej parafii \u2013 modli si\u0119 \u017bywy R\u00f3\u017caniec <\/p>\n\n\n\n<p><strong>12.3o\n\u2013 1) <\/strong>+ siostr\u0119 Agnieszk\u0119<\/p>\n\n\n\n<p><strong>&nbsp;&nbsp;&nbsp;&nbsp;&nbsp;&nbsp;&nbsp;&nbsp;&nbsp;&nbsp;&nbsp; &nbsp;\n2)<\/strong> + Janin\u0119 Wo\u017aniak w 3 rocz. \u015bm. \u2013 modl\u0105 si\u0119 synowie:\nGrzegorz, Gabriel i Krzysztof<\/p>\n\n\n\n<p><strong>18.oo\n\u2013 1)<\/strong> <strong>+\nEleonora Majerska \u2013 gregorianka 27<\/strong><\/p>\n\n\n\n<p><strong>&nbsp;&nbsp;&nbsp;&nbsp;&nbsp; 2) <\/strong>+ Alfreda Skoczylasa w 10 rocz. \u015bm., ++ te\u015bci\u00f3w: Ann\u0119 i Dymitra\nHawrylczak\u00f3w \u2013 modli si\u0119 rodzina<\/p>\n\n\n\n<p><strong>&nbsp;&nbsp;&nbsp;&nbsp;&nbsp; <\/strong>&nbsp;<strong>3)<\/strong> + Dariusza Ciesielk\u0119 \u2013 gregorianka 16<\/p>\n\n\n\n<p><strong>03.04<em>. \u2013 PONIEDZIA\u0141EK<\/em><\/strong><\/p>\n\n\n\n<p><strong>&nbsp;7.oo \u2013 <\/strong>&nbsp;<strong>1) <\/strong>+\nsyna Miros\u0142awa i dusze w czy\u015b\u0107cu cierpi\u0105ce \u2013 modli si\u0119 mama<\/p>\n\n\n\n<p><strong>&nbsp;&nbsp;&nbsp;&nbsp;&nbsp;&nbsp;&nbsp;&nbsp;&nbsp;&nbsp;&nbsp; &nbsp;\n2) <\/strong>o szcz\u0119\u015bliwe zako\u0144czenie\noperacji, powr\u00f3t do zdrowia i opiek\u0119 NMP dla J\u00f3zefy<strong><\/strong><\/p>\n\n\n\n<p><strong>13.oo\n\u2013 <\/strong>+ Miros\u0142awa W\u0119c\u0142awka &#8211; pogrzebowa<\/p>\n\n\n\n<p><strong>18.oo\n\u2013 1) <\/strong>&nbsp;+ mam\u0119 Ann\u0119 Frydrych \u2013 gregorianka 30<\/p>\n\n\n\n<p><strong>&nbsp;&nbsp;&nbsp;&nbsp;&nbsp;&nbsp;&nbsp;&nbsp;&nbsp;&nbsp;&nbsp; &nbsp;2)<\/strong> w rocz. urodzin Damiana dzi\u0119kczynna za otrzymane \u0142aski z\npro\u015bb\u0105 o zdrowie, Bo\u017ce\u00a0b\u0142ogos\u0142awie\u0144stwo, dary Ducha \u015awi\u0119tego , opiek\u0119 NMP i \u015bw. Patron\u00f3w \u2013 modl\u0105 si\u0119 \u017cona i te\u015bciowa<\/p>\n\n\n\n<p>&nbsp;&nbsp;&nbsp;&nbsp;&nbsp;&nbsp;&nbsp;&nbsp;&nbsp;&nbsp;&nbsp; <strong>3)<\/strong> + Dariusza Ciesielk\u0119 \u2013 gregorianka 17<\/p>\n\n\n\n<p>4) <strong>+\nEleonora Majerska \u2013 gregorianka 28<\/strong><\/p>\n\n\n\n<p><strong>04.04<em>. &#8211; WTOREK<\/em><\/strong><em><\/em><\/p>\n\n\n\n<p><strong>7.oo\n\u20131) <\/strong>+ Micha\u0142a Skocznia \u2013 modli si\u0119 kuzynka Lucyna z\nrodzin\u0105 z Mielca <\/p>\n\n\n\n<p><strong>&nbsp;&nbsp;&nbsp;&nbsp;&nbsp;&nbsp;&nbsp;&nbsp;&nbsp;&nbsp;&nbsp; &nbsp;\n2) + Eleonora Majerska \u2013 gregorianka 29<\/strong><\/p>\n\n\n\n<p><strong>18.oo\n\u2013 1) <\/strong>++ rodzic\u00f3w: Kazimierza w\n5 rocz. \u015bm. i Czes\u0142aw\u0119 Puchniak\u00f3w, ++ dziadk\u00f3w z obu stron: \u00a0J\u00f3zef\u0119 i Jana oraz Rozali\u0119 i Franciszka\u00a0 &#8211; modli si\u0119 rodzina <\/p>\n\n\n\n<p><strong>&nbsp;&nbsp;&nbsp;&nbsp;&nbsp;&nbsp;&nbsp;&nbsp;&nbsp;&nbsp;&nbsp; &nbsp;\n2)<\/strong> + Dariusza Ciesielk\u0119 \u2013 gregorianka\n18<\/p>\n\n\n\n<p><strong>05.04<em>. \u2013 \u015aRODA <\/em><\/strong><\/p>\n\n\n\n<p><strong>&nbsp; 7.oo \u20131) <\/strong>+ Grzegorza w dniu ziemskich urodzin oraz za dusze w czy\u015b\u0107cu cierpiace\n<\/p>\n\n\n\n<p><strong>&nbsp;&nbsp;&nbsp;&nbsp;&nbsp;&nbsp;&nbsp;&nbsp;&nbsp;&nbsp;&nbsp; &nbsp;&nbsp;2) +\nEleonora Majerska \u2013 gregorianka 30<\/strong><\/p>\n\n\n\n<p><strong>&nbsp;\n3) <\/strong>+ Dariusza Ciesielk\u0119 \u2013 gregorianka\n19<strong><\/strong><\/p>\n\n\n\n<p><strong>18.oo\n\u2013&nbsp; intencja zbiorowa nowennowa:<\/strong><\/p>\n\n\n\n<p><strong>&nbsp;1)<\/strong> + Stanis\u0142awa \u0141uckiego\nw 69 rocz. ziemskich urodzin \u2013 modli si\u0119 \u017cona z rodzin\u0105 \u0141uckich i Homond\u00f3w<\/p>\n\n\n\n<p><strong>&nbsp;2)<\/strong> w 72 rocz. urodzin\nJ\u00f3zefa dzi\u0119kczynna za otrzymane \u0142aski z pro\u015bb\u0105 o zdrowie, Bo\u017ce \u00a0b\u0142ogos\u0142awie\u0144stwo, dary Ducha \u015awi\u0119tego , opiek\u0119 NMP i \u015bw. Patron\u00f3w \u2013 modl\u0105 si\u0119 znajomi<\/p>\n\n\n\n<p><strong>&nbsp;3)<\/strong> w 50 rocz. urodzin Anety Pa\u0142ac dzi\u0119kczynna za otrzymane\n\u0142aski z pro\u015bb\u0105 o zdrowie, Bo\u017ce \u00a0b\u0142ogos\u0142awie\u0144stwo, dary Ducha \u015awi\u0119tego , opiek\u0119 NMP i \u015bw. Patron\u00f3w \u2013 modl\u0105 si\u0119 rodzice i rodzina<\/p>\n\n\n\n<p><strong>&nbsp;4)<\/strong> + Stefani\u0119 Winiarsk\u0105 \u2013 modli si\u0119 m\u0105\u017c z rodzin\u0105<\/p>\n\n\n\n<p><strong>06.04<em>. \u2013 WIELKI CZWARTEK <\/em><\/strong><em>&nbsp;<\/em><\/p>\n\n\n\n<p><strong>18.oo\n\u2013 1) <\/strong>o zdrowie i Bo\u017ce b\u0142ogos\u0142awie\u0144stwo dla kap\u0142an\u00f3w,\nkt\u00f3rzy pracuj\u0105 w naszej parafii\u00a0\u00a0z racji Dnia kap\u0142a\u0144skiego \u00a0&#8211; od cz\u0142onk\u00f3w \u017bywego R\u00f3\u017ca\u0144ca<\/p>\n\n\n\n<p><strong>&nbsp;&nbsp;&nbsp;&nbsp;&nbsp;&nbsp;&nbsp;&nbsp;&nbsp;&nbsp;&nbsp; &nbsp;\n2) <\/strong>o powo\u0142ania i za powo\u0142anych &#8211; modli si\u0119 Towarzystwo\nPrzyjaci\u00f3\u0142 Seminarium<\/p>\n\n\n\n<p>&nbsp; <strong>3)<\/strong> + Dariusza Ciesielk\u0119 \u2013 gregorianka 20<\/p>\n\n\n\n<p><strong>07.04<em>. \u2013 WIELKI PI\u0104TEK<\/em><\/strong><\/p>\n\n\n\n<p><strong>&nbsp; &nbsp;&nbsp;18.oo\n\u2013 <\/strong>Liturgia\nM\u0119ki Pa\u0144skiej<\/p>\n\n\n\n<p><strong><em>08.04.\n\u2013 WIELKA SOBOTA<\/em><\/strong><strong>\n&nbsp;&#8211; WIGILIA PASCHALNA <\/strong><\/p>\n\n\n\n<p><strong>20.oo\n\u2013 1) <\/strong>++ z rodziny J\u00f3zefiak\u00f3w, Blok\u00f3w, Fisiork\u00f3w i Bilewicz\u00f3w<\/p>\n\n\n\n<p><strong>&nbsp;&nbsp;&nbsp;&nbsp;&nbsp;&nbsp;&nbsp;&nbsp;&nbsp;&nbsp;&nbsp; &nbsp;\n2)<\/strong> + Ludwik\u0119 Szmigielsk\u0105 \u2013 modli si\u0119 rodzina <\/p>\n\n\n\n<p>&nbsp;&nbsp;&nbsp;&nbsp;&nbsp;&nbsp;&nbsp;&nbsp;&nbsp;&nbsp;&nbsp; &nbsp; <strong>3)<\/strong> + Dariusza Ciesielk\u0119 \u2013 gregorianka 21<\/p>\n\n\n\n<p><a><strong><em>09.04. \u2013 NIEDZIELA WIEKANOCNA&nbsp; <\/em><\/strong><\/a><\/p>\n\n\n\n<p><strong>7.oo \u2013 1) <\/strong>&nbsp;za Parafian<\/p>\n\n\n\n<p><strong>&nbsp;&nbsp;&nbsp;&nbsp;&nbsp;&nbsp;&nbsp;&nbsp;&nbsp;&nbsp;&nbsp; &nbsp; 2)<\/strong>\n++ rodzic\u00f3w: Piotra i Teodor\u0119 Je\u017cyn\u00f3w i ++ rodzic\u00f3w chrzestnych Boles\u0142awa i\nHelen\u0119<\/p>\n\n\n\n<p><strong>&nbsp;\n9.3o \u2013 <\/strong>&nbsp;++ Antoniego Kulika, J\u00f3zefa Kucego i Soni\nOrze\u0142 <\/p>\n\n\n\n<p><strong>11.oo \u2013 1) <\/strong>++\nJadwig\u0119 Szpularz w 2 rocz. \u015bm. oraz Adama Szpularza \u2013 modl\u0105 si\u0119 c\u00f3rki<\/p>\n\n\n\n<p><strong>&nbsp;&nbsp;&nbsp;&nbsp;&nbsp;&nbsp;&nbsp;&nbsp;&nbsp;&nbsp;&nbsp; &nbsp; 2) <\/strong>++ J\u00f3zefa, W\u0142adys\u0142aw\u0119 i Krzysztofa z rodziny\nGr\u0119dys\u00f3w \u2013 modli si\u0119 rodzina <\/p>\n\n\n\n<p><strong>12.3o \u2013 1) <\/strong>w\nintencji ca\u0142ej rodziny z podzi\u0119kowaniem dobremu Bogu za wiele \u0142ask oraz z\npro\u015bb\u0105 o dalsz\u0105\u00a0opiek\u0119 Matki Bo\u017cej<strong> <\/strong><\/p>\n\n\n\n<p><strong>&nbsp;&nbsp;&nbsp;&nbsp;&nbsp;&nbsp;&nbsp;&nbsp;&nbsp;&nbsp;&nbsp; &nbsp; 2)<\/strong>\n++ Stanis\u0142awa Rybk\u0119, Katarzyn\u0119 Pisulak, Jakuba Smoli\u0144skiego \u2013 modli si\u0119 rodzina<\/p>\n\n\n\n<p><strong>18.oo \u2013 1) <\/strong>++ z\nrodziny Banasiak\u00f3w \u2013 modli si\u0119 rodzina\n<\/p>\n\n\n\n<p><strong>&nbsp;&nbsp;&nbsp;&nbsp;&nbsp;&nbsp;&nbsp;&nbsp;&nbsp;&nbsp;&nbsp; &nbsp; 2) <\/strong>+ Dariusza Ciesielk\u0119 \u2013 gregorianka 22<\/p>\n","protected":false},"excerpt":{"rendered":"<p>Sk\u0142adaj\u0105c Ofiar\u0119, kt\u00f3ra nam przypomina niezmierzon\u0105 mi\u0142o\u015b\u0107 Twojego Syna, pokornie prosimy Ci\u0119, Bo\u017ce, przyjmij intencje Twoich wiernych i spraw przez dzia\u0142anie Eucharystii, aby w naszych rodzinach wzrasta\u0142a prawdziwa wiara, \u015bwi\u0119to\u015b\u0107 \u017cycia, braterska mi\u0142o\u015b\u0107 i duch modlitwy. Niech Matka Naj\u015bwi\u0119tsza wyprosi \u0142aski, o kt\u00f3re modlili\u015bmy si\u0119 w tej Mszy \u015bw. dla&#8230; <a class=\"continue-reading-link\" href=\"http:\/\/parafia.scinawa.info\/index.php\/2023\/04\/01\/intencje-mszalne-02-04-09-04-2023\/\">Czytaj dalej <span class=\"meta-nav\">&rarr; <\/span><\/a><\/p>\n","protected":false},"author":2,"featured_media":0,"comment_status":"closed","ping_status":"closed","sticky":false,"template":"","format":"standard","meta":{"footnotes":""},"categories":[39],"tags":[],"class_list":["post-2304","post","type-post","status-publish","format-standard","hentry","category-intencje"],"_links":{"self":[{"href":"http:\/\/parafia.scinawa.info\/index.php\/wp-json\/wp\/v2\/posts\/2304","targetHints":{"allow":["GET"]}}],"collection":[{"href":"http:\/\/parafia.scinawa.info\/index.php\/wp-json\/wp\/v2\/posts"}],"about":[{"href":"http:\/\/parafia.scinawa.info\/index.php\/wp-json\/wp\/v2\/types\/post"}],"author":[{"embeddable":true,"href":"http:\/\/parafia.scinawa.info\/index.php\/wp-json\/wp\/v2\/users\/2"}],"replies":[{"embeddable":true,"href":"http:\/\/parafia.scinawa.info\/index.php\/wp-json\/wp\/v2\/comments?post=2304"}],"version-history":[{"count":2,"href":"http:\/\/parafia.scinawa.info\/index.php\/wp-json\/wp\/v2\/posts\/2304\/revisions"}],"predecessor-version":[{"id":2306,"href":"http:\/\/parafia.scinawa.info\/index.php\/wp-json\/wp\/v2\/posts\/2304\/revisions\/2306"}],"wp:attachment":[{"href":"http:\/\/parafia.scinawa.info\/index.php\/wp-json\/wp\/v2\/media?parent=2304"}],"wp:term":[{"taxonomy":"category","embeddable":true,"href":"http:\/\/parafia.scinawa.info\/index.php\/wp-json\/wp\/v2\/categories?post=2304"},{"taxonomy":"post_tag","embeddable":true,"href":"http:\/\/parafia.scinawa.info\/index.php\/wp-json\/wp\/v2\/tags?post=2304"}],"curies":[{"name":"wp","href":"https:\/\/api.w.org\/{rel}","templated":true}]}}