{"id":2307,"date":"2023-04-01T20:57:25","date_gmt":"2023-04-01T18:57:25","guid":{"rendered":"http:\/\/parafia.scinawa.info\/?p=2307"},"modified":"2023-04-01T20:57:25","modified_gmt":"2023-04-01T18:57:25","slug":"ogloszenia-duszpasterskie-6-niedziela-wielkiego-postu-02-04-2023","status":"publish","type":"post","link":"http:\/\/parafia.scinawa.info\/index.php\/2023\/04\/01\/ogloszenia-duszpasterskie-6-niedziela-wielkiego-postu-02-04-2023\/","title":{"rendered":"Og\u0142oszenia duszpasterskie    6 Niedziela Wielkiego Postu \u2013 02.04.2023"},"content":{"rendered":"\n<p><strong>1<\/strong><strong>.<\/strong>\nDzi\u015b prze\u017cywamy <strong>6 Niedziel\u0119 Wielkiego Postu <\/strong>czyli\nNiedziel\u0119 Palmow\u0105. Msze \u015bw. wed\u0142ug porz\u0105dku niedzielnego. &nbsp;W czasie ka\u017cdej Mszy \u015bw. po\u015bwi\u0119cenie palm.\nZmiana tajemnic \u017bywego R\u00f3\u017ca\u0144ca o <strong>10<sup>30<\/sup>.<\/strong><\/p>\n\n\n\n<p><strong>2<\/strong><strong>.<\/strong>\nMsze \u015bw. w tygodniu&nbsp; o <strong>7<sup>00<\/sup><\/strong>\ni <strong>18<sup>00<\/sup><\/strong>.&nbsp; <\/p>\n\n\n\n<p><strong>3<\/strong><strong>. <\/strong>Codziennie\nadoracja Naj\u015bwi\u0119tszego Sakramentu o godz. <strong>17<sup>00<\/sup>.<\/strong><\/p>\n\n\n\n<p><strong>4<\/strong><strong>. W poniedzia\u0142ek o&nbsp; 17<sup>30<\/sup> nabo\u017ce\u0144stwo do Bo\u017cego\nMi\u0142osierdzia. <\/strong>(Na stoliku pod ch\u00f3rem znajduj\u0105 si\u0119\nkartki, na kt\u00f3rych mo\u017cna wypisywa\u0107 pro\u015bby i podzi\u0119kowania, kt\u00f3re b\u0119dziemy\npoleca\u0107 Bo\u017cemu Mi\u0142osierdziu).<\/p>\n\n\n\n<p><strong>5.<\/strong><strong> <\/strong>W\n\u015brod\u0119 Nowenna do NMP Nieustaj\u0105cej Pomocy o godz. <strong>17<sup>30<\/sup><\/strong>.<\/p>\n\n\n\n<p><strong>6<\/strong><strong>.<\/strong>\nKancelaria czynna od poniedzia\u0142ku do \u015brody po Mszy \u015bw. wieczornej w sprawach wa\u017cnych<\/p>\n\n\n\n<p><strong>7<\/strong><strong>.<\/strong>\nDo nabycia jest prasa katolicka: Niedziela, Go\u015b\u0107 Niedzielny i R\u00f3\u017caniec. <\/p>\n\n\n\n<p><strong>8<\/strong><strong>.<\/strong>\nDzi\u0119kuj\u0119 wszystkim, kt\u00f3rzy w tym tygodniu sprz\u0105tali \u015bwi\u0105tyni\u0119 i przygotowali j\u0105\nna nasze spotkanie eucharystyczne.<\/p>\n\n\n\n<p><strong>9<\/strong><strong>.<\/strong>\nSerdeczne B\u00f3g zap\u0142a\u0107 za ofiary sk\u0142adane na remonty w naszej parafii.<\/p>\n\n\n\n<p><strong>10<\/strong><strong>. <\/strong>Tradycj\u0105\nlat minionych od I Niedzieli Wielkiego Postu sk\u0142adamy ofiary na kwiaty do\nBo\u017cego Grobu <\/p>\n\n\n\n<p>&nbsp;&nbsp;&nbsp;&nbsp;&nbsp; do skarbony pod ambon\u0105<\/p>\n\n\n\n<p><strong>11<\/strong><strong>.<\/strong>\nIntencje mszalne, kalendarze parafialne, kartki \u015bwi\u0105teczne, <\/p>\n\n\n\n<p><strong>12<\/strong><strong>.<em> Odwiedziny chorych z racji \u015bwi\u0105t &nbsp;i I pi\u0105tku w Wielki Pi\u0105tek od godz. 8.30. Odwiedzamy\nchorych, do kt\u00f3rych chodzimy w I pi\u0105tki miesi\u0105ca oraz zg\u0142oszonych z racji \u015bwi\u0105t.\nProsz\u0119 zg\u0142asza\u0107 chorych do \u015brody w\u0142\u0105cznie.<\/em><\/strong><\/p>\n\n\n\n<p><strong>13.<\/strong><strong><em> <a>Dzisiaj, 2 kwietnia o <\/a><\/em><\/strong><strong>20<sup>30<\/sup>\n&nbsp;w naszej parafii adoracja i czuwanie z Janem\nPaw\u0142em II (adoracja, r\u00f3\u017caniec i modlitwy do 21<sup>37<\/sup>).<\/strong><strong><em>\n<\/em><\/strong><\/p>\n\n\n\n<p><strong>Triduum Paschalne<\/strong><\/p>\n\n\n\n<p><strong>06.04\n&#8211; Wielki Czwartek &#8211; \u015acinawa<\/strong><strong><\/strong><\/p>\n\n\n\n<p>&#8211; 18.00\n&#8211; Msza \u015bw. Wieczerzy Pa\u0144skiej<\/p>\n\n\n\n<p>&#8211;\nadoracja w Ciemnicy (o\u0142tarz adoracji) do 24.00<\/p>\n\n\n\n<p><strong>07.04\n&#8211; Wielki Pi\u0105tek &#8211; \u015acinawa<\/strong><\/p>\n\n\n\n<p>&#8211; Droga Krzy\u017cowa o 9.00<\/p>\n\n\n\n<p>&#8211; adoracja w Ciemnicy od 9.30 do 18.00<\/p>\n\n\n\n<p>&#8211; Koronka do Bo\u017cego Mi\u0142osierdzia&nbsp; i I dzie\u0144 Nowenny o <strong>17.30<\/strong> <\/p>\n\n\n\n<p>&#8211;\n18.00 &#8211; Liturgia M\u0119ki Pa\u0144skiej<\/p>\n\n\n\n<p>&nbsp;&nbsp;&nbsp;&nbsp;&nbsp;&nbsp;&nbsp;&nbsp;&nbsp;&nbsp;&nbsp; &#8211; adoracja Krzy\u017ca <\/p>\n\n\n\n<p><strong><em>&nbsp;&nbsp;&nbsp;&nbsp;&nbsp;&nbsp;&nbsp;&nbsp;&nbsp;&nbsp;&nbsp; Ofiary z tego dnia przeznaczone s\u0105 na\nutrzymanie zabytk\u00f3w w Ziemi \u015awi\u0119tej<\/em><\/strong><\/p>\n\n\n\n<p>&#8211;\nadoracja przy Bo\u017cym Grobie do 22.00<\/p>\n\n\n\n<p><strong>08.04 &#8211; Wielka Sobota &#8211;\nWigilia Paschalna &#8211; \u015acinawa<\/strong><strong> <\/strong><\/p>\n\n\n\n<p>&#8211;&nbsp; adoracja\nprzy Bo\u017cym Grobie 9.00 do 20.00<\/p>\n\n\n\n<p>&#8211; Koronka do Bo\u017cego Mi\u0142osierdzia i II dzie\u0144\nNowenny o <strong>19.30<\/strong><\/p>\n\n\n\n<p>&#8211; 20.00 &#8211; Liturgia Wigilii Paschalnej<\/p>\n\n\n\n<p>&nbsp;&nbsp;&nbsp;&nbsp;&nbsp;&nbsp;&nbsp;&nbsp;&nbsp;&nbsp;&nbsp; &#8211;\npo\u015bwi\u0119cenie ognia i pascha\u0142u<\/p>\n\n\n\n<p>&nbsp;&nbsp;&nbsp;&nbsp;&nbsp;&nbsp;&nbsp;&nbsp;&nbsp; &#8211;\nodnowienie przyrzecze\u0144 chrzcielnych (przynosimy ze sob\u0105 \u015bwiece)<\/p>\n\n\n\n<p>&nbsp;&nbsp;&nbsp;&nbsp;&nbsp;&nbsp;&nbsp;&nbsp;&nbsp;&nbsp;&nbsp; &#8211;\nprocesja rezurekcyjna<\/p>\n\n\n\n<p><strong>Po\u015bwi\u0119cenie\npokarm\u00f3w &#8211; Wielka Sobota<\/strong><\/p>\n\n\n\n<p><strong>\u015acinawa<\/strong>: 9.00; 9.30; 10.00; 10.30; 11.00; 11,30; 12.00.<\/p>\n\n\n\n<p><strong>Wiosk<\/strong>i:<\/p>\n\n\n\n<p>&#8211; &nbsp;&nbsp;9.00 \u2013 Lasowice<\/p>\n\n\n\n<p>&#8211;&nbsp; &nbsp;9.15 \u2013\nD\u0119biec<\/p>\n\n\n\n<p>&#8211; &nbsp;&nbsp;9.30 \u2013 Tur\u00f3w<\/p>\n\n\n\n<p>&#8211; &nbsp;&nbsp;9.45 \u2013 Krzy\u017cowa<\/p>\n\n\n\n<p>&#8211; 10.00 \u2013 Sitno<\/p>\n\n\n\n<p>&#8211; 10.15 \u2013 R\u0119sz\u00f3w<\/p>\n\n\n\n<p><strong><em>Ofiary z po\u015bwiecenia pokarm\u00f3w przeznaczone s\u0105 na\nja\u0142mu\u017cn\u0119 wielkopostn\u0105 <\/em><\/strong><\/p>\n\n\n\n<p><strong>09.04\n&#8211; Niedziela Zmartwychwstania<\/strong><\/p>\n\n\n\n<p>Porz\u0105dek\nMszy \u015bw.: <strong>7<sup>00<\/sup>,\n9<sup>30<\/sup>,11<sup>00<\/sup><\/strong>; <strong>12<sup>30 <\/sup><\/strong>i\n<strong>18<sup>00<\/sup><\/strong> w \u015acinawie, <strong>9<sup>30<\/sup><\/strong> \u2013 w R\u0119szowie.<\/p>\n\n\n\n<p><strong><em>&#8211; adoracja Naj\u015bwi\u0119tszego Sakramentu\no godz. 17.00<\/em><\/strong><strong><em><\/em><\/strong><\/p>\n\n\n\n<p><strong><em>&#8211; Koronka do Bo\u017cego\nMi\u0142osierdzia&nbsp; i Nowenna o 17.30<\/em><\/strong><\/p>\n\n\n\n<p><strong>10.04\n&#8211; Poniedzia\u0142ek Wielkanocny<\/strong><\/p>\n\n\n\n<p>&nbsp; Porz\u0105dek Mszy \u015bw. niedzielny: <strong>8<sup>00; <\/sup>9<sup>30<\/sup>,\n11<sup>00<\/sup><\/strong>; <strong>12<sup>30 <\/sup><\/strong>i <strong>18<sup>00<\/sup><\/strong>\nw \u015acinawie, <strong>9<sup>30<\/sup><\/strong> \u2013 w R\u0119szowie. Taca w drugi dzie\u0144 \u015bwi\u0105t przeznaczona jest na uczelnie katolickie<\/p>\n\n\n\n<p><strong><em>&#8211; adoracja Naj\u015bwi\u0119tszego Sakramentu\no godz. 17.00<\/em><\/strong><strong><em><\/em><\/strong><\/p>\n\n\n\n<p><strong><em>&#8211;\nKoronka do Bo\u017cego Mi\u0142osierdzia&nbsp; i Nowenna\no 17.30<\/em><\/strong><\/p>\n\n\n\n<p><em>\u017byczymy mi\u0142ego\ntygodnia i obfitych \u0142ask Bo\u017cych.<\/em><\/p>\n","protected":false},"excerpt":{"rendered":"<p>1. Dzi\u015b prze\u017cywamy 6 Niedziel\u0119 Wielkiego Postu czyli Niedziel\u0119 Palmow\u0105. Msze \u015bw. wed\u0142ug porz\u0105dku niedzielnego. &nbsp;W czasie ka\u017cdej Mszy \u015bw. po\u015bwi\u0119cenie palm. Zmiana tajemnic \u017bywego R\u00f3\u017ca\u0144ca o 1030. 2. Msze \u015bw. w tygodniu&nbsp; o 700 i 1800.&nbsp; 3. Codziennie adoracja Naj\u015bwi\u0119tszego Sakramentu o godz. 1700. 4. W poniedzia\u0142ek o&nbsp; 1730&#8230; <a class=\"continue-reading-link\" href=\"http:\/\/parafia.scinawa.info\/index.php\/2023\/04\/01\/ogloszenia-duszpasterskie-6-niedziela-wielkiego-postu-02-04-2023\/\">Czytaj dalej <span class=\"meta-nav\">&rarr; <\/span><\/a><\/p>\n","protected":false},"author":2,"featured_media":0,"comment_status":"closed","ping_status":"closed","sticky":false,"template":"","format":"standard","meta":{"footnotes":""},"categories":[40],"tags":[],"class_list":["post-2307","post","type-post","status-publish","format-standard","hentry","category-ogloszenia-duszpasterskie"],"_links":{"self":[{"href":"http:\/\/parafia.scinawa.info\/index.php\/wp-json\/wp\/v2\/posts\/2307","targetHints":{"allow":["GET"]}}],"collection":[{"href":"http:\/\/parafia.scinawa.info\/index.php\/wp-json\/wp\/v2\/posts"}],"about":[{"href":"http:\/\/parafia.scinawa.info\/index.php\/wp-json\/wp\/v2\/types\/post"}],"author":[{"embeddable":true,"href":"http:\/\/parafia.scinawa.info\/index.php\/wp-json\/wp\/v2\/users\/2"}],"replies":[{"embeddable":true,"href":"http:\/\/parafia.scinawa.info\/index.php\/wp-json\/wp\/v2\/comments?post=2307"}],"version-history":[{"count":1,"href":"http:\/\/parafia.scinawa.info\/index.php\/wp-json\/wp\/v2\/posts\/2307\/revisions"}],"predecessor-version":[{"id":2308,"href":"http:\/\/parafia.scinawa.info\/index.php\/wp-json\/wp\/v2\/posts\/2307\/revisions\/2308"}],"wp:attachment":[{"href":"http:\/\/parafia.scinawa.info\/index.php\/wp-json\/wp\/v2\/media?parent=2307"}],"wp:term":[{"taxonomy":"category","embeddable":true,"href":"http:\/\/parafia.scinawa.info\/index.php\/wp-json\/wp\/v2\/categories?post=2307"},{"taxonomy":"post_tag","embeddable":true,"href":"http:\/\/parafia.scinawa.info\/index.php\/wp-json\/wp\/v2\/tags?post=2307"}],"curies":[{"name":"wp","href":"https:\/\/api.w.org\/{rel}","templated":true}]}}