{"id":2309,"date":"2023-04-08T15:39:27","date_gmt":"2023-04-08T13:39:27","guid":{"rendered":"http:\/\/parafia.scinawa.info\/?p=2309"},"modified":"2023-04-08T15:39:46","modified_gmt":"2023-04-08T13:39:46","slug":"ogloszenia-duszpasterskie-1-niedziela-wielkanocna-09-04-2023","status":"publish","type":"post","link":"http:\/\/parafia.scinawa.info\/index.php\/2023\/04\/08\/ogloszenia-duszpasterskie-1-niedziela-wielkanocna-09-04-2023\/","title":{"rendered":"Og\u0142oszenia duszpasterskie    1 Niedziela Wielkanocna \u2013 09.04. 2023"},"content":{"rendered":"\n<p><strong>1<\/strong><strong>. <\/strong>Dzi\u015b\nprze\u017cywamy Niedziel\u0119 Zmartwychwstania Pa\u0144skiego. Msze \u015bw. wg nast\u0119puj\u0105cego\nporz\u0105dku:<\/p>\n\n\n\n<p><strong><em>&nbsp;&nbsp;&nbsp;&nbsp;&nbsp;&nbsp;&nbsp;&nbsp;&nbsp; &nbsp;\u015acinawa: 7.00, 9.30, 11.00, 12.30, 18.00, <\/em><\/strong><\/p>\n\n\n\n<p><strong><em>R\u0119sz\u00f3w:\n9.30 <\/em><\/strong><\/p>\n\n\n\n<p><strong>2.<\/strong><strong> <\/strong>Jutro\n&#8211; Poniedzia\u0142ek Wielkanocny &#8211; drugi dzie\u0144 \u015bwi\u0105t. Msze\n\u015bw. wed\u0142ug porz\u0105dku niedzielnego, czyli:<\/p>\n\n\n\n<p>&nbsp; &nbsp;&nbsp;&nbsp;&nbsp;&nbsp;&nbsp;&nbsp; <strong><em>\u015acinawa:<\/em><\/strong>&nbsp; <strong><em>8.00, 9.30, 11.00, 12.30, 18.00, <\/em><\/strong><\/p>\n\n\n\n<p><strong><em>R\u0119sz\u00f3w:\n9.30 <\/em><\/strong><\/p>\n\n\n\n<p>Taca w drugi dzie\u0144 \u015bwi\u0105t przeznaczona jest na\nuczelnie katolickie<strong><em><\/em><\/strong><\/p>\n\n\n\n<p><strong>3<\/strong><strong>.<\/strong> Msze \u015bw. od\nwtorku&nbsp; o <strong>7<sup>00<\/sup><\/strong> i <strong>18<sup>00<\/sup><\/strong>.&nbsp; <\/p>\n\n\n\n<p><strong>4<\/strong><strong>. <\/strong>Codziennie\nadoracja Naj\u015bwi\u0119tszego Sakramentu o godz. <strong>17<sup>00<\/sup>, a <\/strong><strong><em>Koronka\ndo Bo\u017cego Mi\u0142osierdzia&nbsp; i Nowenna o <\/em><\/strong><strong>17<sup>30<\/sup><\/strong><\/p>\n\n\n\n<p><strong>5<\/strong><strong>.<\/strong> Przez ca\u0142y tydzie\u0144 do przysz\u0142ej niedzieli prze\u017cywamy Oktaw\u0119\nZmartwychwstania Pa\u0144skiego.<\/p>\n\n\n\n<p><strong>6<\/strong><strong>. <\/strong>W przysz\u0142\u0105 niedziel\u0119 obchodzimy uroczysto\u015b\u0107<strong> Bo\u017cego Mi\u0142osierdzia. <\/strong>Msze \u015bw. wed\u0142ug porz\u0105dku niedzielnego. Uroczyste\nNabo\u017ce\u0144stwo do Bo\u017cego Mi\u0142osierdzia w niedziel\u0119 o godz. <strong>15.00.<\/strong> (Na stoliku pod\nch\u00f3rem znajduj\u0105 si\u0119 kartki, na kt\u00f3rych mo\u017cna wypisywa\u0107 pro\u015bby i podzi\u0119kowania,\nkt\u00f3re b\u0119dziemy poleca\u0107 Bo\u017cemu Mi\u0142osierdziu)<strong>.\n<\/strong>Niedziel\u0105 Mi\u0142osierdzia rozpoczynamy&nbsp; Tydzie\u0144 Mi\u0142osierdzia. <strong><\/strong><\/p>\n\n\n\n<p><strong>7<\/strong><strong>.<\/strong> Kancelaria\nczynna codziennie po Mszy \u015bw. wieczornej z wyj\u0105tkiem niedziel i \u015bwi\u0105t.<\/p>\n\n\n\n<p><strong>8<\/strong><strong>.<\/strong> Do nabycia jest\nprasa katolicka: Niedziela, Go\u015b\u0107 Niedzielny i R\u00f3\u017caniec. <\/p>\n\n\n\n<p><strong>9<\/strong><strong>.<\/strong> Dzi\u0119kuj\u0119\nwszystkim, kt\u00f3rzy w tym tygodniu sprz\u0105tali \u015bwi\u0105tyni\u0119 i przygotowali j\u0105 na nasze\nspotkanie eucharystyczne.<\/p>\n\n\n\n<p><strong>10<\/strong><strong>.<\/strong> Serdeczne B\u00f3g\nzap\u0142a\u0107 za ofiary sk\u0142adane na remonty w naszej parafii. <\/p>\n\n\n\n<p><strong>11.<\/strong> Intencje mszalne, kalendarze parafialne, paschaliki.<\/p>\n\n\n\n<p><em>\u017byczymy mi\u0142ego tygodnia i obfitych \u0142ask Bo\u017cych.<\/em><\/p>\n","protected":false},"excerpt":{"rendered":"<p>1. Dzi\u015b prze\u017cywamy Niedziel\u0119 Zmartwychwstania Pa\u0144skiego. Msze \u015bw. wg nast\u0119puj\u0105cego porz\u0105dku: &nbsp;&nbsp;&nbsp;&nbsp;&nbsp;&nbsp;&nbsp;&nbsp;&nbsp; &nbsp;\u015acinawa: 7.00, 9.30, 11.00, 12.30, 18.00, R\u0119sz\u00f3w: 9.30 2. Jutro &#8211; Poniedzia\u0142ek Wielkanocny &#8211; drugi dzie\u0144 \u015bwi\u0105t. Msze \u015bw. wed\u0142ug porz\u0105dku niedzielnego, czyli: &nbsp; &nbsp;&nbsp;&nbsp;&nbsp;&nbsp;&nbsp;&nbsp; \u015acinawa:&nbsp; 8.00, 9.30, 11.00, 12.30, 18.00, R\u0119sz\u00f3w: 9.30 Taca w drugi dzie\u0144 \u015bwi\u0105t&#8230; <a class=\"continue-reading-link\" href=\"http:\/\/parafia.scinawa.info\/index.php\/2023\/04\/08\/ogloszenia-duszpasterskie-1-niedziela-wielkanocna-09-04-2023\/\">Czytaj dalej <span class=\"meta-nav\">&rarr; <\/span><\/a><\/p>\n","protected":false},"author":2,"featured_media":0,"comment_status":"closed","ping_status":"closed","sticky":false,"template":"","format":"standard","meta":{"footnotes":""},"categories":[40],"tags":[],"class_list":["post-2309","post","type-post","status-publish","format-standard","hentry","category-ogloszenia-duszpasterskie"],"_links":{"self":[{"href":"http:\/\/parafia.scinawa.info\/index.php\/wp-json\/wp\/v2\/posts\/2309","targetHints":{"allow":["GET"]}}],"collection":[{"href":"http:\/\/parafia.scinawa.info\/index.php\/wp-json\/wp\/v2\/posts"}],"about":[{"href":"http:\/\/parafia.scinawa.info\/index.php\/wp-json\/wp\/v2\/types\/post"}],"author":[{"embeddable":true,"href":"http:\/\/parafia.scinawa.info\/index.php\/wp-json\/wp\/v2\/users\/2"}],"replies":[{"embeddable":true,"href":"http:\/\/parafia.scinawa.info\/index.php\/wp-json\/wp\/v2\/comments?post=2309"}],"version-history":[{"count":2,"href":"http:\/\/parafia.scinawa.info\/index.php\/wp-json\/wp\/v2\/posts\/2309\/revisions"}],"predecessor-version":[{"id":2311,"href":"http:\/\/parafia.scinawa.info\/index.php\/wp-json\/wp\/v2\/posts\/2309\/revisions\/2311"}],"wp:attachment":[{"href":"http:\/\/parafia.scinawa.info\/index.php\/wp-json\/wp\/v2\/media?parent=2309"}],"wp:term":[{"taxonomy":"category","embeddable":true,"href":"http:\/\/parafia.scinawa.info\/index.php\/wp-json\/wp\/v2\/categories?post=2309"},{"taxonomy":"post_tag","embeddable":true,"href":"http:\/\/parafia.scinawa.info\/index.php\/wp-json\/wp\/v2\/tags?post=2309"}],"curies":[{"name":"wp","href":"https:\/\/api.w.org\/{rel}","templated":true}]}}