{"id":2312,"date":"2023-04-08T15:40:36","date_gmt":"2023-04-08T13:40:36","guid":{"rendered":"http:\/\/parafia.scinawa.info\/?p=2312"},"modified":"2023-04-08T15:43:37","modified_gmt":"2023-04-08T13:43:37","slug":"intencje-mszalne-09-04-16-04-2023","status":"publish","type":"post","link":"http:\/\/parafia.scinawa.info\/index.php\/2023\/04\/08\/intencje-mszalne-09-04-16-04-2023\/","title":{"rendered":"INTENCJE MSZALNE 09.04. \u2013 16.04. 2023"},"content":{"rendered":"\n<p><strong><em>Sk\u0142adaj\u0105c\nOfiar\u0119, kt\u00f3ra nam przypomina niezmierzon\u0105 mi\u0142o\u015b\u0107 Twojego Syna, pokornie prosimy\nCi\u0119, Bo\u017ce, przyjmij intencje Twoich wiernych i spraw przez dzia\u0142anie\nEucharystii, aby w naszych rodzinach wzrasta\u0142a prawdziwa wiara, \u015bwi\u0119to\u015b\u0107 \u017cycia,\nbraterska mi\u0142o\u015b\u0107 i duch modlitwy. <\/em><\/strong><strong>Niech\nMatka Naj\u015bwi\u0119tsza wyprosi \u0142aski, o kt\u00f3re modlili\u015bmy si\u0119 w tej Mszy \u015bw. dla \u2026\nZa\u015b zmar\u0142ym \u2026 za kt\u00f3rych odprawiali\u015bmy Msz\u0119 \u015bw.: wieczny odpoczynek racz im\nda\u0107 Panie (\u2026); niech odpoczywaj\u0105 w pokoju wiecznym. Amen<\/strong><\/p>\n\n\n\n<p><strong><em>09.04.\n\u2013 NIEDZIELA WIEKANOCNA&nbsp; <\/em><\/strong><\/p>\n\n\n\n<p><strong>7.oo\n\u2013 1) <\/strong>&nbsp;za Parafian<\/p>\n\n\n\n<p><strong>&nbsp;&nbsp;&nbsp;&nbsp;&nbsp;&nbsp;&nbsp;&nbsp;&nbsp;&nbsp;&nbsp; &nbsp;\n2)<\/strong> ++ rodzic\u00f3w: Piotra i Teodor\u0119 Je\u017cyn\u00f3w i ++ rodzic\u00f3w\nchrzestnych Boles\u0142awa i Helen\u0119<\/p>\n\n\n\n<p><strong>&nbsp; 9.3o \u2013 <\/strong>&nbsp;++ Antoniego Kulika, J\u00f3zefa Kucego i Soni\u0119\nOrze\u0142 <\/p>\n\n\n\n<p><strong>11.oo\n\u2013 1) <\/strong>++ Jadwig\u0119 Szpularz w 2\nrocz. \u015bm. oraz Adama Szpularza \u2013 modl\u0105 si\u0119 c\u00f3rki<\/p>\n\n\n\n<p><strong>\u00a0\u00a0\u00a0\u00a0\u00a0\u00a0\u00a0\u00a0\u00a0\u00a0\u00a0 \u00a0 2) <\/strong>++ J\u00f3zefa w 36 rocz. \u015bm., W\u0142adys\u0142aw\u0119 w 31 rocz. \u015bm. i Krzysztofa w 12 rocz. \u015bm. z rodziny\u00a0Gr\u0119dys\u00f3w \u2013 modli si\u0119 rodzina<\/p>\n\n\n\n<p><strong>12.3o\n\u2013 1) <\/strong>w intencji ca\u0142ej rodziny z\npodzi\u0119kowaniem dobremu Bogu za wiele \u0142ask oraz z pro\u015bb\u0105 o dalsz\u0105 \u00a0opiek\u0119 Matki Bo\u017cej<strong> <\/strong><\/p>\n\n\n\n<p><strong>&nbsp;&nbsp;&nbsp;&nbsp;&nbsp;&nbsp;&nbsp;&nbsp;&nbsp;&nbsp;&nbsp; &nbsp;\n2)<\/strong> ++ Stanis\u0142awa Rybk\u0119, Katarzyn\u0119 Pisulak, Jakuba\nSmoli\u0144skiego \u2013 modli si\u0119 rodzina<\/p>\n\n\n\n<p>&nbsp;&nbsp;&nbsp;&nbsp;&nbsp;&nbsp;&nbsp;&nbsp;&nbsp;&nbsp;&nbsp;&nbsp;&nbsp;&nbsp;&nbsp;&nbsp;&nbsp;&nbsp;&nbsp;&nbsp;&nbsp;&nbsp;&nbsp;&nbsp;&nbsp;&nbsp;&nbsp;&nbsp;&nbsp;&nbsp;&nbsp;&nbsp;&nbsp;&nbsp; <strong><em>Chrzest po Mszy: Mi\u0142osz\nMateusz Sobczak<\/em><\/strong><\/p>\n\n\n\n<p><strong>18.oo\n\u2013 <\/strong>++ z rodziny Banasiak\u00f3w \u2013 modli si\u0119 rodzina\n<\/p>\n\n\n\n<p><strong>10.04<em>. \u2013 PONIEDZIA\u0141EK WIELKANOCNY&nbsp; <\/em><\/strong><em><\/em><\/p>\n\n\n\n<p><strong>8.oo\n\u2013 1) <\/strong>++ Juli\u0119 i Karola Koszty\u0142\u00f3w\nw rocz. \u015bm., chrzestnych: Jadwig\u0119 i Edwarda oraz Antoniego,  Macieja, Mari\u0119 i J\u00f3zefa \u2013 modli si\u0119 rodzina<\/p>\n\n\n\n<p><strong>&nbsp;&nbsp;&nbsp;&nbsp;&nbsp;&nbsp;&nbsp;&nbsp;&nbsp;&nbsp;&nbsp; &nbsp;\n2)<\/strong> ++ Rozali\u0119 i Wac\u0142awa Cie\u015blak\u00f3w \u2013 modli si\u0119 c\u00f3rka z\nrodzin\u0105<\/p>\n\n\n\n<p><strong>&nbsp; 9.3o \u2013 <\/strong>+ Mariann\u0119 Kresk\u0119 w 2 rocz. \u015bm. \u2013 modli si\u0119 chrze\u015bnica\n&nbsp;<\/p>\n\n\n\n<p><strong>11.oo\n\u2013 1) <\/strong>++ z rodziny Paw\u0142owskich i\nZdobylak\u00f3w \u2013 modli si\u0119 rodzina<\/p>\n\n\n\n<p><strong>&nbsp;&nbsp;&nbsp;&nbsp;&nbsp;&nbsp;&nbsp;&nbsp;&nbsp;&nbsp;&nbsp; &nbsp;\n2)<\/strong> ++ rodzic\u00f3w: Henryk\u0119 i\nMieczys\u0142awa oraz siostry : Danut\u0119 i Krystyn\u0119 \u2013 modli si\u0119 rodzina<strong> <\/strong>&nbsp;<\/p>\n\n\n\n<p><strong>12.3o\n\u2013 1)<\/strong> dzi\u0119kczynna w dniu urodzin Danuty i Janiny\nz pro\u015bb\u0105 o zdrowie, Bo\u017ce b\u0142ogos\u0142awie\u0144stwo,  dary Ducha \u015awi\u0119tego , opiek\u0119 NMP i \u015bw. Patron\u00f3w na dalsze lata \u017cycia \u2013 \u00a0modli si\u0119 rodzina <strong>\u00a0<\/strong><\/p>\n\n\n\n<p><strong>\u00a0\u00a0\u00a0\u00a0\u00a0\u00a0 2)<\/strong> w 15 rocz. urodzin syna Micha\u0142a i w 50 rocz. urodzin m\u0119\u017ca Paw\u0142a dzi\u0119kczynna z pro\u015bb\u0105 o zdrowie,\u00a0Bo\u017ce b\u0142ogos\u0142awie\u0144stwo, dary Ducha \u015awi\u0119tego , opiek\u0119 NMP i \u015bw. Patron\u00f3w \u2013 modli si\u0119 rodzina<\/p>\n\n\n\n<p><strong>18.oo\n\u2013 &nbsp;1) <\/strong>w intencji Wojciecha z okazji urodzin dzi\u0119kczynna z pro\u015bb\u0105 o\nzdrowie, Bo\u017ce \u00a0b\u0142ogos\u0142awie\u0144stwo, dary Ducha \u015awi\u0119tego , opiek\u0119 NMP i \u015bw. Patron\u00f3w \u2013 modli si\u0119 rodzina<\/p>\n\n\n\n<p><strong>&nbsp;&nbsp;&nbsp;&nbsp;&nbsp;&nbsp;&nbsp;&nbsp;&nbsp;&nbsp;&nbsp; &nbsp;\n2) <\/strong>+ Dariusza Ciesielk\u0119 \u2013 gregorianka\n23<\/p>\n\n\n\n<p><strong>11.04<em>. &#8211; WTOREK<\/em><\/strong><em><\/em><\/p>\n\n\n\n<p><strong>7.oo\n\u2013 <\/strong>+ Stefani\u0119 Winiarsk\u0105 \u2013 modli si\u0119 brat Marcin &nbsp;z rodzin\u0105<\/p>\n\n\n\n<p><strong>12.oo\n\u2013<\/strong> + Tadeusza Leszczaka &#8211; pogrzebowa<\/p>\n\n\n\n<p><strong>18.oo\n\u2013 <\/strong>+\nDamiana Koszty\u0142\u0119 \u2013 1 gregorianka \u2013 modl\u0105 si\u0119 chrzestna, ojciec, rodze\u0144stwo,\nbabcia i rodzina<\/p>\n\n\n\n<p><strong>12.04<em>. \u2013 \u015aRODA <\/em><\/strong><\/p>\n\n\n\n<p><strong>&nbsp; 7.oo \u20131) <\/strong>++ rodzic\u00f3w: Ma\u0142gorzat\u0119, J\u00f3zefa, Mari\u0119 i W\u0142adys\u0142awa oraz siostr\u0119 zakonn\u0105\nGemm\u0119 i dusze  w czy\u015b\u0107cu cierpi\u0105ce \u2013 modli si\u0119 rodzina <\/p>\n\n\n\n<p><strong>&nbsp;&nbsp;&nbsp;&nbsp;&nbsp;&nbsp;&nbsp;&nbsp;&nbsp; &nbsp;2)<\/strong> + Damiana Koszty\u0142\u0119 \u2013 1\ngregorianka \u2013 modl\u0105 si\u0119 chrzestna, ojciec, rodze\u0144stwo, babcia i rodzina<\/p>\n\n\n\n<p><strong>13.oo\n\u2013&nbsp; <\/strong>+ \u0141ucj\u0119 Rudyk &#8211; pogrzebowa<\/p>\n\n\n\n<p><strong>18.oo\n\u2013&nbsp; intencja zbiorowa nowennowa:<\/strong><\/p>\n\n\n\n<p><strong>1)<\/strong>\n+ Micha\u0142a Skocznia \u2013 modli si\u0119 Halina i Krzysztof Olesiowie z \u017bele\u017anikowej<\/p>\n\n\n\n<p><strong>2)<\/strong>\n+ Wand\u0119 Horodysk\u0105 &#8211; 30 dzie\u0144 od pogrzebu &#8211; intencja od uczestnik\u00f3w Mszy pogrzebowej<\/p>\n\n\n\n<p><strong>3)\n<\/strong>+ Jana Haczy\u0144skiego &#8211; 30 dzie\u0144 od pogrzebu\n&#8211; intencja od uczestnik\u00f3w Mszy pogrzebowej<\/p>\n\n\n\n<p><strong>4)\n<\/strong>+ Stefani\u0119 Winiarsk\u0105 &#8211; 30 dzie\u0144 od pogrzebu\n&#8211; intencja od uczestnik\u00f3w Mszy pogrzebowej<\/p>\n\n\n\n<p><strong>5)<\/strong>\n+ Izydora Greniuka &#8211; 30 dzie\u0144 od pogrzebu &#8211; intencja od uczestnik\u00f3w Mszy pogrzebowej<\/p>\n\n\n\n<p><strong>6)<\/strong>\n+ Sylwestra Chudzichowskiego w 10 rocz. \u015bm. \u2013 modli si\u0119 \u017cona z dzie\u0107mi i\nwnukami<\/p>\n\n\n\n<p><strong>7)<\/strong>\n+ Tadeusza Siwaka \u2013 modli si\u0119 Iwona Dybka z rodzin\u0105<\/p>\n\n\n\n<p><strong>13.04<em>. \u2013 CZWARTEK <\/em><\/strong><em>&nbsp;<\/em><\/p>\n\n\n\n<p><strong>&nbsp; 7.oo \u2013<\/strong> &nbsp;+ Micha\u0142a Skocznia \u2013 modl\u0105 si\u0119 Dariusz i\nGrzegorz Olesiowie z rodzinami z \u017bele\u017anikowej<\/p>\n\n\n\n<p><strong>18.oo\n\u2013 <\/strong>+\nDamiana Koszty\u0142\u0119 \u2013 1 gregorianka \u2013 modl\u0105 si\u0119 chrzestna, ojciec, rodze\u0144stwo,\nbabcia i rodzina<\/p>\n\n\n\n<p><strong>14.04<em>. \u2013 PI\u0104TEK<\/em><\/strong><\/p>\n\n\n\n<p><strong>&nbsp; &nbsp;&nbsp;7.oo\n\u2013<\/strong>\n+ Damiana Koszty\u0142\u0119 \u2013 1 gregorianka \u2013 modl\u0105 si\u0119 chrzestna, ojciec, rodze\u0144stwo,\nbabcia i rodzina<strong> 18.oo \u2013 1)<\/strong> ++ Barbar\u0119 Kulak w 2 rocz. \u015bm., Andrzeja\nNowickiego w 1 rocz. \u015bm., ++ Stanis\u0142aw\u0119 i Piotra\u00a0Nowickich \u2013 modli si\u0119 rodzina<strong> <\/strong>\u00a0<\/p>\n\n\n\n<p><strong>&nbsp;&nbsp;&nbsp;&nbsp;&nbsp;&nbsp;&nbsp;&nbsp;&nbsp;&nbsp;&nbsp; &nbsp;\n2)<\/strong> ++ rodzic\u00f3w: Katarzyn\u0119 i Miko\u0142aja \u2013 modl\u0105 si\u0119\ndzieci <\/p>\n\n\n\n<p><strong><em>15.04.\n\u2013 SOBOTA<\/em><\/strong><\/p>\n\n\n\n<p><strong>&nbsp; &nbsp;&nbsp;7.oo\n\u2013<\/strong>\n+ Damiana Koszty\u0142\u0119 \u2013 1 gregorianka \u2013 modl\u0105 si\u0119 chrzestna, ojciec, rodze\u0144stwo,\nbabcia i rodzina<strong> 18.oo \u2013 1) <\/strong>zaj. P. G\u00f3rniak <\/p>\n\n\n\n<p><strong>&nbsp;&nbsp;&nbsp;&nbsp;&nbsp;&nbsp;&nbsp;&nbsp;&nbsp;&nbsp;&nbsp; &nbsp;\n2)<\/strong> w 50 rocz. \u015blubu Marii i Henryka Nowickich\ndzi\u0119kczynna za otrzymane \u0142aski z pro\u015bb\u0105  o zdrowie, Bo\u017ce \u00a0b\u0142ogos\u0142awie\u0144stwo i opiek\u0119 NMP i \u015bw. Patron\u00f3w \u2013 \u00a0modli si\u0119 \u00a0c\u00f3rka z rodzin\u0105<\/p>\n\n\n\n<p><strong><em>16.04.\n\u2013 NIEDZIELA&nbsp; <\/em><\/strong><\/p>\n\n\n\n<p><strong>&nbsp; 8.oo \u2013 1) <\/strong>zaj. P. Bosacka <\/p>\n\n\n\n<p><strong>&nbsp;&nbsp;&nbsp;&nbsp;&nbsp;&nbsp;&nbsp;&nbsp;&nbsp;&nbsp;&nbsp; &nbsp;\n2)<\/strong> ++ Kazimier\u0119 w 6 rocz. \u015bm., J\u00f3zefa, W\u0142adys\u0142aw\u0119 i Stanis\u0142awa\nSzymczak\u00f3w oraz Maryl\u0119\u00a0Sta\u0144czyk z domu Szymczak \u2013 modli si\u0119 rodzina<\/p>\n\n\n\n<p><strong>&nbsp; 9.3o \u2013 <\/strong>&nbsp;+ m\u0119\u017ca Henryka Pleskacza \u2013 modli si\u0119 \u017cona z\ndzie\u0107mi <\/p>\n\n\n\n<p><strong>11.oo\n\u2013 1) <\/strong>++ rodzic\u00f3w: Mari\u0119 i\nJ\u00f3zefa Kasprzak\u00f3w, ich ++ rodzic\u00f3w oraz + W\u0142adys\u0142awa Sulim\u0119<\/p>\n\n\n\n<p><strong>&nbsp;&nbsp;&nbsp;&nbsp;&nbsp;&nbsp;&nbsp;&nbsp;&nbsp;&nbsp;&nbsp; &nbsp;\n2) <\/strong>++ Filomen\u0119 i Franciszka\nTrubickich, El\u017cbiet\u0119 Demczak oraz ++ z rodziny Trubickich, \u00a0Koz\u0142owskich, Kulczyckich i Serafin\u00f3w <\/p>\n\n\n\n<p><strong>12.3o\n\u2013 1) <\/strong>+ Zuzann\u0119 Stembalsk\u0105 \u2013\nmodl\u0105 si\u0119 rodzice<\/p>\n\n\n\n<p><strong>&nbsp;&nbsp;&nbsp;&nbsp;&nbsp;&nbsp;&nbsp;&nbsp;&nbsp;&nbsp;&nbsp; &nbsp;\n2)<\/strong> w 55 rocz. urodzin Stanis\u0142awa dzi\u0119kczynna za\notrzymane \u0142aski z pro\u015bb\u0105 o zdrowie, Bo\u017ce\u00a0\u00a0b\u0142ogos\u0142awie\u0144stwo, dary Ducha \u015awi\u0119tego i opiek\u0119 NMP i \u015bw. Patron\u00f3w \u2013 \u00a0modli si\u0119 \u017cona z synem <\/p>\n\n\n\n<p>&nbsp;&nbsp;&nbsp;&nbsp;&nbsp;&nbsp;&nbsp;&nbsp;&nbsp;&nbsp;&nbsp;&nbsp;&nbsp;&nbsp;&nbsp;&nbsp;&nbsp;&nbsp;&nbsp;&nbsp;&nbsp;&nbsp;&nbsp; <strong><em>Chrzest po Mszy: David Bednarz, Pola\nMizieli\u0144ska<\/em><\/strong><\/p>\n\n\n\n<p><strong>18.oo\n\u20131) <\/strong>++ rodzic\u00f3w: Zofi\u0119 i Zygmunta oraz ich rodzic\u00f3w i\nrodze\u0144stwo \u2013 modli si\u0119 syn Stanis\u0142aw z rodzin\u0105 <\/p>\n\n\n\n<p><strong>&nbsp;&nbsp;&nbsp;&nbsp;&nbsp;&nbsp;&nbsp;&nbsp;&nbsp;&nbsp;&nbsp; 2) <\/strong>+\nDamiana Koszty\u0142\u0119 \u2013 1 gregorianka \u2013 modl\u0105 si\u0119 chrzestna, ojciec, rodze\u0144stwo,\nbabcia i rodzina <\/p>\n","protected":false},"excerpt":{"rendered":"<p>Sk\u0142adaj\u0105c Ofiar\u0119, kt\u00f3ra nam przypomina niezmierzon\u0105 mi\u0142o\u015b\u0107 Twojego Syna, pokornie prosimy Ci\u0119, Bo\u017ce, przyjmij intencje Twoich wiernych i spraw przez dzia\u0142anie Eucharystii, aby w naszych rodzinach wzrasta\u0142a prawdziwa wiara, \u015bwi\u0119to\u015b\u0107 \u017cycia, braterska mi\u0142o\u015b\u0107 i duch modlitwy. Niech Matka Naj\u015bwi\u0119tsza wyprosi \u0142aski, o kt\u00f3re modlili\u015bmy si\u0119 w tej Mszy \u015bw. dla&#8230; <a class=\"continue-reading-link\" href=\"http:\/\/parafia.scinawa.info\/index.php\/2023\/04\/08\/intencje-mszalne-09-04-16-04-2023\/\">Czytaj dalej <span class=\"meta-nav\">&rarr; <\/span><\/a><\/p>\n","protected":false},"author":2,"featured_media":0,"comment_status":"closed","ping_status":"closed","sticky":false,"template":"","format":"standard","meta":{"footnotes":""},"categories":[39],"tags":[],"class_list":["post-2312","post","type-post","status-publish","format-standard","hentry","category-intencje"],"_links":{"self":[{"href":"http:\/\/parafia.scinawa.info\/index.php\/wp-json\/wp\/v2\/posts\/2312","targetHints":{"allow":["GET"]}}],"collection":[{"href":"http:\/\/parafia.scinawa.info\/index.php\/wp-json\/wp\/v2\/posts"}],"about":[{"href":"http:\/\/parafia.scinawa.info\/index.php\/wp-json\/wp\/v2\/types\/post"}],"author":[{"embeddable":true,"href":"http:\/\/parafia.scinawa.info\/index.php\/wp-json\/wp\/v2\/users\/2"}],"replies":[{"embeddable":true,"href":"http:\/\/parafia.scinawa.info\/index.php\/wp-json\/wp\/v2\/comments?post=2312"}],"version-history":[{"count":2,"href":"http:\/\/parafia.scinawa.info\/index.php\/wp-json\/wp\/v2\/posts\/2312\/revisions"}],"predecessor-version":[{"id":2314,"href":"http:\/\/parafia.scinawa.info\/index.php\/wp-json\/wp\/v2\/posts\/2312\/revisions\/2314"}],"wp:attachment":[{"href":"http:\/\/parafia.scinawa.info\/index.php\/wp-json\/wp\/v2\/media?parent=2312"}],"wp:term":[{"taxonomy":"category","embeddable":true,"href":"http:\/\/parafia.scinawa.info\/index.php\/wp-json\/wp\/v2\/categories?post=2312"},{"taxonomy":"post_tag","embeddable":true,"href":"http:\/\/parafia.scinawa.info\/index.php\/wp-json\/wp\/v2\/tags?post=2312"}],"curies":[{"name":"wp","href":"https:\/\/api.w.org\/{rel}","templated":true}]}}