{"id":2317,"date":"2023-04-15T15:42:22","date_gmt":"2023-04-15T13:42:22","guid":{"rendered":"http:\/\/parafia.scinawa.info\/?p=2317"},"modified":"2023-04-15T15:51:00","modified_gmt":"2023-04-15T13:51:00","slug":"intencje-mszalne-16-04-23-04-2023","status":"publish","type":"post","link":"http:\/\/parafia.scinawa.info\/index.php\/2023\/04\/15\/intencje-mszalne-16-04-23-04-2023\/","title":{"rendered":"INTENCJE MSZALNE 16.04. \u2013 23.04. 2023"},"content":{"rendered":"\n<p><strong><em>Sk\u0142adaj\u0105c\nOfiar\u0119, kt\u00f3ra nam przypomina niezmierzon\u0105 mi\u0142o\u015b\u0107 Twojego Syna, pokornie prosimy\nCi\u0119, Bo\u017ce, przyjmij intencje Twoich wiernych i spraw przez dzia\u0142anie\nEucharystii, aby w naszych rodzinach wzrasta\u0142a prawdziwa wiara, \u015bwi\u0119to\u015b\u0107 \u017cycia,\nbraterska mi\u0142o\u015b\u0107 i duch modlitwy. <\/em><\/strong><strong>Niech\nMatka Naj\u015bwi\u0119tsza wyprosi \u0142aski, o kt\u00f3re modlili\u015bmy si\u0119 w tej Mszy \u015bw. dla \u2026\nZa\u015b zmar\u0142ym \u2026 za kt\u00f3rych odprawiali\u015bmy Msz\u0119 \u015bw.: wieczny odpoczynek racz im\nda\u0107 Panie (\u2026); niech odpoczywaj\u0105 w pokoju wiecznym. Amen<\/strong><\/p>\n\n\n\n<p><strong>16.04<em>. &#8211; NIEDZIELA&nbsp; <\/em><\/strong><em><\/em><\/p>\n\n\n\n<p><strong>8.oo\n\u2013 1) <\/strong>+ J\u00f3zefa Ciroga w 22 rocz.\n\u015bm. \u2013 modli si\u0119 rodzina &nbsp;<\/p>\n\n\n\n<p><strong>&nbsp;&nbsp;&nbsp;&nbsp;&nbsp;&nbsp;&nbsp;&nbsp;&nbsp;&nbsp;&nbsp; &nbsp;\n2)<\/strong> ++ Kazimier\u0119 w 6 rocz. \u015bm., J\u00f3zefa, W\u0142adys\u0142aw\u0119 i Stanis\u0142awa\nSzymczak\u00f3w oraz Maryl\u0119<\/p>\n\n\n\n<p>&nbsp;&nbsp;&nbsp; &nbsp;&nbsp;&nbsp;&nbsp;&nbsp;&nbsp;&nbsp;&nbsp;&nbsp;&nbsp;&nbsp;&nbsp;&nbsp;&nbsp;Sta\u0144czyk z domu Szymczak \u2013 modli si\u0119 rodzina<\/p>\n\n\n\n<p><strong>&nbsp; 9.3o \u2013 <\/strong>&nbsp;+ m\u0119\u017ca Henryka Pleskacza \u2013 modli si\u0119 \u017cona z\ndzie\u0107mi <\/p>\n\n\n\n<p><strong>11.oo\n\u2013 1) <\/strong>++ rodzic\u00f3w: Mari\u0119 i\nJ\u00f3zefa Kasprzak\u00f3w, ich ++ rodzic\u00f3w oraz + W\u0142adys\u0142awa Sulim\u0119<\/p>\n\n\n\n<p><strong>&nbsp;&nbsp;&nbsp;&nbsp;&nbsp;&nbsp;&nbsp;&nbsp;&nbsp;&nbsp;&nbsp; &nbsp;\n2) <\/strong>++ Filomen\u0119 i Franciszka\nTrubickich, El\u017cbiet\u0119 Demczak oraz ++ z rodziny Trubickich, <\/p>\n\n\n\n<p>&nbsp;&nbsp;&nbsp;&nbsp;&nbsp;&nbsp;&nbsp;&nbsp;&nbsp;&nbsp;&nbsp;&nbsp; &nbsp;&nbsp;&nbsp;&nbsp;&nbsp;Koz\u0142owskich,\nKulczyckich i Serafin\u00f3w <\/p>\n\n\n\n<p><strong>12.3o\n\u2013 1) <\/strong>+ Zuzann\u0119 Stembalsk\u0105 \u2013\nmodl\u0105 si\u0119 rodzice<\/p>\n\n\n\n<p><strong>&nbsp;&nbsp;&nbsp;&nbsp;&nbsp;&nbsp;&nbsp;&nbsp;&nbsp;&nbsp;&nbsp; &nbsp;\n2)<\/strong> w 55 rocz. urodzin Stanis\u0142awa dzi\u0119kczynna za\notrzymane \u0142aski z pro\u015bb\u0105 o zdrowie, Bo\u017ce<\/p>\n\n\n\n<p>&nbsp;&nbsp;&nbsp;&nbsp;&nbsp;&nbsp;&nbsp;&nbsp;&nbsp;&nbsp;&nbsp;&nbsp; &nbsp;&nbsp;b\u0142ogos\u0142awie\u0144stwo, dary Ducha \u015awi\u0119tego i opiek\u0119\nNMP i \u015bw. Patron\u00f3w \u2013 &nbsp;modli si\u0119 \u017cona z\nsynem <\/p>\n\n\n\n<p>&nbsp;&nbsp;&nbsp;&nbsp;&nbsp;&nbsp;&nbsp;&nbsp;&nbsp;&nbsp;&nbsp;&nbsp;&nbsp;&nbsp;&nbsp;&nbsp;&nbsp;&nbsp;&nbsp;&nbsp;&nbsp;&nbsp;&nbsp; <strong><em>Chrzest po Mszy: David Bednarz, Pola\nMizieli\u0144ska<\/em><\/strong><\/p>\n\n\n\n<p><strong>18.oo\n\u20131) <\/strong>++ rodzic\u00f3w: Zofi\u0119 i Zygmunta oraz ich rodzic\u00f3w i\nrodze\u0144stwo \u2013 modli si\u0119 syn Stanis\u0142aw z rodzin\u0105 <\/p>\n\n\n\n<p><strong>&nbsp;&nbsp;&nbsp;&nbsp;&nbsp;&nbsp;&nbsp;&nbsp;&nbsp;&nbsp;&nbsp; 2) <\/strong>+\nDamiana Koszty\u0142\u0119 \u2013 gregorianka 6 \u2013 modl\u0105 si\u0119 chrzestna, ojciec, rodze\u0144stwo,\nbabcia i rodzina<strong> &nbsp;&nbsp;<\/strong>&nbsp;<\/p>\n\n\n\n<p><strong>17.04<em>. \u2013 PONIEDZIA\u0141EK<\/em><\/strong><\/p>\n\n\n\n<p><strong>&nbsp; &nbsp;&nbsp;7.oo \u2013 <\/strong>&nbsp;+ Damiana Koszty\u0142\u0119 \u2013 gregorianka 7 \u2013 modl\u0105 si\u0119\nchrzestna, ojciec, rodze\u0144stwo, babcia i rodzina<\/p>\n\n\n\n<p><strong>18.oo\n\u2013 1) <\/strong>+ c\u00f3rk\u0119 Zofi\u0119 Jagie\u0142o w 9\nrocz. \u015bm. i jej + tat\u0119 Stanis\u0142awa \u2013 modli si\u0119 mama, syn i rodzina<strong> <\/strong>&nbsp;<\/p>\n\n\n\n<p><strong>&nbsp;&nbsp;&nbsp;&nbsp;&nbsp;&nbsp;&nbsp;&nbsp;&nbsp;&nbsp;&nbsp; &nbsp;\n2)<\/strong> w 50 rocz. urodzin c\u00f3rki\nDoroty\ndzi\u0119kczynna za otrzymane \u0142aski z pro\u015bb\u0105 o zdrowie, Bo\u017ce<\/p>\n\n\n\n<p>&nbsp;&nbsp;&nbsp;&nbsp;&nbsp;&nbsp;&nbsp;&nbsp;&nbsp;&nbsp;&nbsp;&nbsp; &nbsp;&nbsp;b\u0142ogos\u0142awie\u0144stwo, dary Ducha \u015awi\u0119tego i opiek\u0119\nNMP i \u015bw. Patron\u00f3w \u2013 &nbsp;modli si\u0119 rodzina<\/p>\n\n\n\n<p><strong>18.04<em>. &#8211; WTOREK<\/em><\/strong><em><\/em><\/p>\n\n\n\n<p><strong>7.oo\n\u2013<\/strong>+\nDamiana Koszty\u0142\u0119 \u2013 gregorianka 8 \u2013 modl\u0105 si\u0119 chrzestna, ojciec, rodze\u0144stwo,\nbabcia i rodzina<\/p>\n\n\n\n<p><strong>18.oo\n\u2013 <\/strong>w intencji Bogus\u0142awy z racji imienin\ndzi\u0119kczynna za otrzymane \u0142aski z pro\u015bb\u0105 o zdrowie, Bo\u017ce<\/p>\n\n\n\n<p>&nbsp;&nbsp;&nbsp;&nbsp;&nbsp;&nbsp;&nbsp;&nbsp; b\u0142ogos\u0142awie\u0144stwo, dary Ducha \u015awi\u0119tego\ni opiek\u0119 NMP i \u015bw. Patron\u00f3w \u2013 modl\u0105 si\u0119 siostry Jadwi\u017canki<\/p>\n\n\n\n<p><strong>19.04<em>. \u2013 \u015aRODA <\/em><\/strong><\/p>\n\n\n\n<p><strong>&nbsp; 7.oo \u2013<\/strong>+ Damiana Koszty\u0142\u0119 \u2013 gregorianka\n9 \u2013 modl\u0105 si\u0119 chrzestna, ojciec, rodze\u0144stwo, babcia i rodzina<\/p>\n\n\n\n<p><strong>18.oo\n\u2013&nbsp; intencja zbiorowa nowennowa:<\/strong><\/p>\n\n\n\n<p><strong>&nbsp;1)<\/strong> + Micha\u0142a Skocznia \u2013\nmodli si\u0119 kuzynka Zofia z m\u0119\u017cem z \u017bele\u017anikowej <\/p>\n\n\n\n<p><strong>&nbsp;2)<\/strong> + Jana Kiernickiego w\n2 rocz. \u015bm. oraz ++ z rodziny Kiernickich, Szczekutowicz\u00f3w i Wasilewskich <\/p>\n\n\n\n<p><strong>&nbsp;3)<\/strong> + Henryka Krawczyka &#8211; 30 dzie\u0144 od pogrzebu &#8211; intencja\nod uczestnik\u00f3w Mszy pogrzebowej<\/p>\n\n\n\n<p><strong>&nbsp;4)<\/strong> + Teres\u0119 Nowakowsk\u0105 &#8211; 30 dzie\u0144 od pogrzebu &#8211; intencja\nod uczestnik\u00f3w Mszy pogrzebowej<\/p>\n\n\n\n<p><strong>5)<\/strong>\n+ W\u0142adys\u0142awa Makuchowskiego w 40 rocz. \u015bm., \u017con\u0119 Wiktori\u0119 i dusze w czy\u015b\u0107cu\ncierpi\u0105ce<\/p>\n\n\n\n<p><strong>6)<\/strong>\n+ Tadeusza Siwaka \u2013 modli si\u0119 Krystyna Pche\u0142ka z rodzin\u0105<\/p>\n\n\n\n<p><strong>7)<\/strong><\/p>\n\n\n\n<p><strong>20.04<em>. \u2013 CZWARTEK <\/em><\/strong><em>&nbsp;<\/em><\/p>\n\n\n\n<p><strong>&nbsp; 7.oo \u2013<\/strong> &nbsp;+\nStefani\u0119 Winiarsk\u0105 \u2013 modli si\u0119 brat Czes\u0142aw z rodzin\u0105<\/p>\n\n\n\n<p><strong>18.oo\n\u2013 1)<\/strong>+\nDamiana Koszty\u0142\u0119 \u2013 gregorianka 10 \u2013 modl\u0105 si\u0119 chrzestna, ojciec, rodze\u0144stwo,\nbabcia i rodzina <\/p>\n\n\n\n<p><strong>&nbsp;&nbsp;&nbsp;&nbsp;&nbsp;&nbsp;&nbsp;&nbsp; 2) <\/strong>++ rodzic\u00f3w: Stefani\u0119 w 27 rocz. \u015bm. i Miko\u0142aja, ich ++ rodzic\u00f3w i\nrodze\u0144stwo z rodziny Szeptyckich<\/p>\n\n\n\n<p><strong>21.04<em>. \u2013 PI\u0104TEK<\/em><\/strong><\/p>\n\n\n\n<p><strong>&nbsp; &nbsp;&nbsp;7.oo\n\u2013<\/strong>\n&nbsp;+ Damiana Koszty\u0142\u0119 \u2013 gregorianka 11 \u2013 modl\u0105\nsi\u0119 chrzestna, ojciec, rodze\u0144stwo, babcia i rodzina<\/p>\n\n\n\n<p><strong>18.oo\n\u2013 1)<\/strong> ++ z rodziny Zagrodnych: Antoniego, Mart\u0119 i Stefana<strong> <\/strong>&nbsp;<\/p>\n\n\n\n<p><strong>&nbsp;&nbsp;&nbsp;&nbsp;&nbsp;&nbsp;&nbsp;&nbsp;&nbsp;&nbsp;&nbsp; &nbsp;\n2)<\/strong> ++ Barbar\u0119, Tadeusza, Wiktori\u0119, Piotra, Ann\u0119, Jana\nz rodziny Marko \u2013 modli si\u0119 rodzina <\/p>\n\n\n\n<p><strong><em>22.04.\n\u2013 SOBOTA<\/em><\/strong><\/p>\n\n\n\n<p><strong>&nbsp; 7.oo \u2013<\/strong> <strong>1)<\/strong>+ Damiana Koszty\u0142\u0119 \u2013 gregorianka 12 \u2013 modl\u0105 si\u0119 chrzestna,\nojciec, rodze\u0144stwo, babcia i rodzina&nbsp;<\/p>\n\n\n\n<p><strong>\u00a0\u00a0\u00a0\u00a0\u00a0\u00a0\u00a0\u00a0\u00a0\u00a0\u00a0 \u00a0 2)<\/strong> w intencji Leny z racji I Komunii \u015bw. dzi\u0119kczynna za otrzymane \u0142aski z pro\u015bb\u0105 o zdrowie, Bo\u017ce b\u0142ogos\u0142awie\u0144stwo, dary Ducha \u015awi\u0119tego i opiek\u0119 NMP i \u015bw. Patron\u00f3w \u2013 \u00a0modl\u0105 si\u0119 ciocia z wujkiem  <\/p>\n\n\n\n<p><strong>18.oo\n\u2013 1) <\/strong>&nbsp;w 55 rocz.\n\u015blubu Heleny i Franciszka Sta\u0144czyk\u00f3w dzi\u0119kczynna za otrzymane \u0142aski z pro\u015bb\u0105 <\/p>\n\n\n\n<p>&nbsp;&nbsp;&nbsp;&nbsp;&nbsp;&nbsp;&nbsp;&nbsp;&nbsp;&nbsp;&nbsp;&nbsp;&nbsp;&nbsp;&nbsp;&nbsp;&nbsp; o zdrowie, Bo\u017ce &nbsp;b\u0142ogos\u0142awie\u0144stwo i opiek\u0119 NMP i \u015bw. Patron\u00f3w \u2013\nmodl\u0105 si\u0119 dzieci i wnuki<\/p>\n\n\n\n<p><strong>&nbsp;&nbsp;&nbsp;&nbsp;&nbsp;&nbsp;&nbsp;&nbsp;&nbsp;&nbsp;&nbsp; &nbsp;\n2)<\/strong> + Jana Budzana w 2 rocz. \u015bm. i ++ z rodziny <\/p>\n\n\n\n<p><strong><em>23.04.\n\u2013 NIEDZIELA&nbsp; <\/em><\/strong><\/p>\n\n\n\n<p><strong>&nbsp; 8.oo \u2013 1)<\/strong> w 30 rocz.\n\u015blubu Danuty i Wies\u0142awa \u0141oz\u00f3w dzi\u0119kczynna za otrzymane \u0142aski z pro\u015bb\u0105 <\/p>\n\n\n\n<p>&nbsp;&nbsp;&nbsp;&nbsp;&nbsp;&nbsp;&nbsp;&nbsp;&nbsp;&nbsp;&nbsp;&nbsp;&nbsp;&nbsp;&nbsp;&nbsp;&nbsp; o zdrowie, Bo\u017ce &nbsp;b\u0142ogos\u0142awie\u0144stwo i opiek\u0119 NMP i \u015bw. Patron\u00f3w \u2013\nmodl\u0105 si\u0119 dzieci i wnuki <strong>&nbsp;<\/strong>&nbsp;<\/p>\n\n\n\n<p><strong>&nbsp;&nbsp;&nbsp;&nbsp;&nbsp;&nbsp;&nbsp;&nbsp;&nbsp;&nbsp;&nbsp; &nbsp;\n2)<\/strong> w rocz. \u015blubu Dariusza i Ma\u0142gorzaty, Rafa\u0142a i\nAnety, Adama i Ma\u0142gorzaty dzi\u0119kczynna za<\/p>\n\n\n\n<p>&nbsp;&nbsp;&nbsp;&nbsp;&nbsp;&nbsp;&nbsp;&nbsp;&nbsp;&nbsp;&nbsp;&nbsp;&nbsp;&nbsp;&nbsp; &nbsp;otrzymane \u0142aski z pro\u015bb\u0105 o zdrowie, Bo\u017ce &nbsp;b\u0142ogos\u0142awie\u0144stwo i opiek\u0119 NMP i \u015bw. Patron\u00f3w\nna<\/p>\n\n\n\n<p>&nbsp;&nbsp;&nbsp;&nbsp;&nbsp;&nbsp;&nbsp;&nbsp;&nbsp;&nbsp;&nbsp;&nbsp;&nbsp;&nbsp;&nbsp; &nbsp;dalsze lata \u017cycia \u2013 modl\u0105 si\u0119 rodzice<\/p>\n\n\n\n<p><strong>&nbsp; 9.3o \u2013 <\/strong>+ Romana Rozkowi\u0144skiego w 8 rocz. \u015bm, ++ rodzic\u00f3w: Ann\u0119 i Franciszka\nSo\u015bnickich, te\u015bci\u00f3w:<\/p>\n\n\n\n<p>&nbsp;&nbsp;&nbsp;&nbsp;&nbsp;&nbsp;&nbsp;&nbsp;&nbsp;&nbsp;&nbsp;&nbsp;&nbsp; &nbsp;J\u00f3zef\u0119 i Jana, brata Zbigniewa oraz Helen\u0119 i\nJana Mazur\u00f3w \u2013 modli si\u0119 rodzina &nbsp;&nbsp;<\/p>\n\n\n\n<p><strong>11.oo\n\u2013 1) <\/strong>+ Helen\u0119 Przybylsk\u0105 w 27\nrocz. \u015bm.&nbsp; \u2013 modli si\u0119 El\u017cbieta z rodzin\u0105<\/p>\n\n\n\n<p><strong>&nbsp;&nbsp;&nbsp;&nbsp;&nbsp;&nbsp;&nbsp;&nbsp;&nbsp;&nbsp;&nbsp; &nbsp;\n2) <\/strong>w 50 rocz. \u015blubu Bo\u017ceny i Macieja Stefan\u00f3w\ndzi\u0119kczynna za otrzymane \u0142aski z pro\u015bb\u0105 <\/p>\n\n\n\n<p>&nbsp;&nbsp;&nbsp;&nbsp;&nbsp;&nbsp;&nbsp;&nbsp;&nbsp;&nbsp;&nbsp;&nbsp;&nbsp;&nbsp;&nbsp;&nbsp;&nbsp; o zdrowie, Bo\u017ce &nbsp;b\u0142ogos\u0142awie\u0144stwo i opiek\u0119 NMP i \u015bw. Patron\u00f3w \u2013\nmodli si\u0119 rodzina<\/p>\n\n\n\n<p>&nbsp;&nbsp;&nbsp;&nbsp;&nbsp;&nbsp;&nbsp;&nbsp;&nbsp;&nbsp;&nbsp;&nbsp;&nbsp;&nbsp;&nbsp;&nbsp;&nbsp;&nbsp;&nbsp;&nbsp;&nbsp;&nbsp;&nbsp;&nbsp;&nbsp;&nbsp;&nbsp;&nbsp;&nbsp;&nbsp;&nbsp;&nbsp;&nbsp;&nbsp; <strong><em>Chrzest w czasie Mszy:\nKrzysztof Witowski <\/em><\/strong><\/p>\n\n\n\n<p><strong>12.3o\n\u2013 1) <\/strong>++ Zofi\u0119, Antoniego i\nZbigniewa oraz ++ z rodziny Kobl\u00f3w, So\u015bnickich, Chabraszewskich <\/p>\n\n\n\n<p>&nbsp;&nbsp;&nbsp;&nbsp;&nbsp;&nbsp;&nbsp;&nbsp;&nbsp;&nbsp;&nbsp;&nbsp;&nbsp;&nbsp;&nbsp;&nbsp;&nbsp; \u2013 modli si\u0119 rodzina<\/p>\n\n\n\n<p><strong>&nbsp;&nbsp;&nbsp;&nbsp;&nbsp;&nbsp;&nbsp;&nbsp;&nbsp;&nbsp;&nbsp; &nbsp;\n2)<\/strong> w 43 rocz. \u015blubu Ireny i Wies\u0142awa Ko\u0142acz\u00f3w\ndzi\u0119kczynna za otrzymane \u0142aski z pro\u015bb\u0105 <\/p>\n\n\n\n<p>&nbsp;&nbsp;&nbsp;&nbsp;&nbsp;&nbsp;&nbsp;&nbsp;&nbsp;&nbsp;&nbsp;&nbsp;&nbsp;&nbsp;&nbsp;&nbsp;&nbsp; o zdrowie, Bo\u017ce &nbsp;b\u0142ogos\u0142awie\u0144stwo i opiek\u0119 NMP i \u015bw. Patron\u00f3w \u2013\nmodl\u0105 si\u0119 dzieci i wnuki<\/p>\n\n\n\n<p>&nbsp;&nbsp;&nbsp;&nbsp;&nbsp;&nbsp;&nbsp;&nbsp;&nbsp;&nbsp;&nbsp;&nbsp;&nbsp;&nbsp;&nbsp;&nbsp;&nbsp;&nbsp;&nbsp;&nbsp;&nbsp;&nbsp;&nbsp;&nbsp;&nbsp;&nbsp;&nbsp;&nbsp;&nbsp;&nbsp;&nbsp;&nbsp;&nbsp;&nbsp; <strong><em>Chrzest po Mszy: Jan Tomasz\nNowakowski<\/em><\/strong><\/p>\n\n\n\n<p><strong>18.oo\n\u2013 1)<\/strong>+\nDamiana Koszty\u0142\u0119 \u2013 gregorianka 13 \u2013 modl\u0105 si\u0119 chrzestna, ojciec, rodze\u0144stwo,\nbabcia i rodzina <\/p>\n\n\n\n<p><strong>&nbsp;&nbsp;&nbsp;&nbsp; 2) <\/strong>+ Jerzego w dniu ziemskich imienin oraz ++ jego\nrodzic\u00f3w i rodze\u0144stwo \u2013 modl\u0105 si\u0119 dzieci z rodzinami<\/p>\n","protected":false},"excerpt":{"rendered":"<p>Sk\u0142adaj\u0105c Ofiar\u0119, kt\u00f3ra nam przypomina niezmierzon\u0105 mi\u0142o\u015b\u0107 Twojego Syna, pokornie prosimy Ci\u0119, Bo\u017ce, przyjmij intencje Twoich wiernych i spraw przez dzia\u0142anie Eucharystii, aby w naszych rodzinach wzrasta\u0142a prawdziwa wiara, \u015bwi\u0119to\u015b\u0107 \u017cycia, braterska mi\u0142o\u015b\u0107 i duch modlitwy. Niech Matka Naj\u015bwi\u0119tsza wyprosi \u0142aski, o kt\u00f3re modlili\u015bmy si\u0119 w tej Mszy \u015bw. dla&#8230; <a class=\"continue-reading-link\" href=\"http:\/\/parafia.scinawa.info\/index.php\/2023\/04\/15\/intencje-mszalne-16-04-23-04-2023\/\">Czytaj dalej <span class=\"meta-nav\">&rarr; <\/span><\/a><\/p>\n","protected":false},"author":2,"featured_media":0,"comment_status":"closed","ping_status":"closed","sticky":false,"template":"","format":"standard","meta":{"footnotes":""},"categories":[39],"tags":[],"class_list":["post-2317","post","type-post","status-publish","format-standard","hentry","category-intencje"],"_links":{"self":[{"href":"http:\/\/parafia.scinawa.info\/index.php\/wp-json\/wp\/v2\/posts\/2317","targetHints":{"allow":["GET"]}}],"collection":[{"href":"http:\/\/parafia.scinawa.info\/index.php\/wp-json\/wp\/v2\/posts"}],"about":[{"href":"http:\/\/parafia.scinawa.info\/index.php\/wp-json\/wp\/v2\/types\/post"}],"author":[{"embeddable":true,"href":"http:\/\/parafia.scinawa.info\/index.php\/wp-json\/wp\/v2\/users\/2"}],"replies":[{"embeddable":true,"href":"http:\/\/parafia.scinawa.info\/index.php\/wp-json\/wp\/v2\/comments?post=2317"}],"version-history":[{"count":3,"href":"http:\/\/parafia.scinawa.info\/index.php\/wp-json\/wp\/v2\/posts\/2317\/revisions"}],"predecessor-version":[{"id":2320,"href":"http:\/\/parafia.scinawa.info\/index.php\/wp-json\/wp\/v2\/posts\/2317\/revisions\/2320"}],"wp:attachment":[{"href":"http:\/\/parafia.scinawa.info\/index.php\/wp-json\/wp\/v2\/media?parent=2317"}],"wp:term":[{"taxonomy":"category","embeddable":true,"href":"http:\/\/parafia.scinawa.info\/index.php\/wp-json\/wp\/v2\/categories?post=2317"},{"taxonomy":"post_tag","embeddable":true,"href":"http:\/\/parafia.scinawa.info\/index.php\/wp-json\/wp\/v2\/tags?post=2317"}],"curies":[{"name":"wp","href":"https:\/\/api.w.org\/{rel}","templated":true}]}}