{"id":2321,"date":"2023-04-15T16:07:08","date_gmt":"2023-04-15T14:07:08","guid":{"rendered":"http:\/\/parafia.scinawa.info\/?p=2321"},"modified":"2023-04-15T16:07:27","modified_gmt":"2023-04-15T14:07:27","slug":"ogloszenia-duszpasterskie-2-niedziela-wielkanocna-16-04-2023","status":"publish","type":"post","link":"http:\/\/parafia.scinawa.info\/index.php\/2023\/04\/15\/ogloszenia-duszpasterskie-2-niedziela-wielkanocna-16-04-2023\/","title":{"rendered":"Og\u0142oszenia duszpasterskie    2 Niedziela Wielkanocna \u2013 16.04. 2023"},"content":{"rendered":"\n<p><strong>1.<\/strong>\nDzi\u015b prze\u017cywamy 2 Niedziel\u0119 Wielkanocn\u0105, czyli Niedziel\u0119 Bo\u017cego Mi\u0142osierdzia.\nMsze \u015bw. wed\u0142ug porz\u0105dku niedzielnego. <strong><\/strong><\/p>\n\n\n\n<p><strong>2<\/strong><strong>.<\/strong>Uroczyste Nabo\u017ce\u0144stwo do Bo\u017cego Mi\u0142osierdzia o godz. <strong>15<sup>00<\/sup><\/strong>. <strong><em>Niedziel\u0105 Mi\u0142osierdzia<\/em><\/strong>\nrozpoczynamy Tydzie\u0144 Mi\u0142osierdzia, paschaliki. <\/p>\n\n\n\n<p><strong><em>Dar\nodpustu: Odpust zupe\u0142ny<\/em><\/strong> na zwyk\u0142ych warunkach za udzia\u0142 w\njakimkolwiek ko\u015bciele lub kaplicy w pobo\u017cnych praktykach ku czci Bo\u017cego\nMi\u0142osierdzia albo przynajmniej odm\u00f3wienie przed N. Sakramentem (wystawionym lub\nw tabernakulum) \u201eOjcze nasz\u201d i &#8222;Wierz\u0119&#8221; z dodaniem pobo\u017cnego wezwania\ndo Pana Jezusa Mi\u0142osiernego (np. \u201eJezu Mi\u0142osierny, ufam Tobie\u201d), zob. WO s.\n89-94 (PA tab. n. 116\/01\/I z 2002 r.). Przypominamy, \u017ce na <strong><em>terytorium\nPolski jest codzienna mo\u017cliwo\u015b\u0107 uzyskania odpustu zupe\u0142nego<\/em><\/strong> za pobo\u017cne odm\u00f3wienie\nkoronki do Bo\u017cego Mi\u0142osierdzia w ko\u015bciele lub kaplicy przed N. Sakramentem\n(wystawionym lub w tabernakulum), zob. WO nad. odp. zup. dla Polski, prot. n.\n4\/02\/I, s. 100.<strong><em><\/em><\/strong><\/p>\n\n\n\n<p><strong>3<\/strong><strong>.<\/strong> Msze \u015bw. w\ntygodniu&nbsp; o <strong>7<sup>00<\/sup><\/strong> i <strong>18<sup>00<\/sup><\/strong>.&nbsp; <\/p>\n\n\n\n<p><strong>4<\/strong><strong>. <\/strong>Codziennie\nspowied\u017a i adoracja Naj\u015bwi\u0119tszego Sakramentu o godz. <strong>17<sup>00<\/sup>.<\/strong><\/p>\n\n\n\n<p><strong>5. <\/strong><strong>W tym tygodniu nabo\u017ce\u0144stwa: <\/strong><\/p>\n\n\n\n<p><strong>&#8211; w poniedzia\u0142ek &nbsp;&nbsp; &#8211; <\/strong>nabo\u017ce\u0144stwo<strong>\n<em>do Bo\u017cego Mi\u0142osierdzia<\/em> <\/strong>o godz. <strong>17<sup>30<\/sup><\/strong><\/p>\n\n\n\n<p><strong>&#8211;<\/strong> <strong>w \u015brod\u0119<\/strong>\n&nbsp;&nbsp;&nbsp;&nbsp; &nbsp;&nbsp;&nbsp;&nbsp;&nbsp;&nbsp;&nbsp;&nbsp;&nbsp; <strong>&#8211; <\/strong>Nowenna do <strong><em>NMP Nieustaj\u0105cej Pomocy<\/em><\/strong>\ni <strong><em>do \u015bw. J\u00f3zefa<\/em> <\/strong>o godz. <strong>17<sup>30<\/sup><\/strong><\/p>\n\n\n\n<p><strong>&#8211;<\/strong> <strong>w sobot\u0119<\/strong>&nbsp;&nbsp;&nbsp;&nbsp;&nbsp;&nbsp;&nbsp;&nbsp;&nbsp;&nbsp;&nbsp;&nbsp;&nbsp; &#8211;&nbsp;\nnabo\u017ce\u0144stwo do <strong>\u015bw. Rity<\/strong> <em>o godz<strong>. <\/strong><\/em><strong>17<sup>30<\/sup><\/strong><\/p>\n\n\n\n<p>&#8211; <strong>w niedziel\u0119<\/strong>\n&nbsp;&nbsp;&nbsp;&nbsp;&nbsp;&nbsp;&nbsp;&nbsp;&nbsp; &#8211;&nbsp; nabo\u017ce\u0144stwo do <strong>\u015bw. Ojca Pio <\/strong><em>o godz<strong>. <\/strong><\/em><strong>17<sup>30<\/sup><\/strong><\/p>\n\n\n\n<p><strong>6<\/strong><strong>. <\/strong>W przysz\u0142\u0105 niedziel\u0119 obchodzimy 3 Niedziel\u0119 Wielkanocn\u0105\ni zarazem rozpoczniemy Tydzie\u0144 Biblijny<strong>. <\/strong>Msze \u015bw. wed\u0142ug porz\u0105dku niedzielnego. <strong><\/strong><\/p>\n\n\n\n<p><strong>7.<\/strong>\n<strong><em>Pr\u00f3by\ndzieci<\/em><\/strong> przygotowuj\u0105cych si\u0119 do Pierwszej Komunii \u015bw.we wtorek i w \u015brod\u0119o godz. <strong>15<sup>30<\/sup><\/strong>.<\/p>\n\n\n\n<p><strong>8<\/strong><strong>.<\/strong> Kancelaria\nczynna codziennie po Mszy \u015bw. wieczornej z wyj\u0105tkiem niedziel i \u015bwi\u0105t.<\/p>\n\n\n\n<p><strong>9<\/strong><strong>.<\/strong> Do nabycia jest\nprasa katolicka: Niedziela, Go\u015b\u0107 Niedzielny, Ma\u0142y Go\u015b\u0107 Niedzielny i R\u00f3\u017caniec. <\/p>\n\n\n\n<p><strong>10<\/strong><strong>.<\/strong> Dzi\u0119kuj\u0119 wszystkim,\nkt\u00f3rzy w tym tygodniu sprz\u0105tali \u015bwi\u0105tyni\u0119 i przygotowali j\u0105 na nasze spotkanie\neucharystyczne.<\/p>\n\n\n\n<p><strong>11<\/strong><strong>.<\/strong> Serdeczne B\u00f3g\nzap\u0142a\u0107 za ofiary sk\u0142adane na remonty w naszej parafii. <\/p>\n\n\n\n<p><strong>12.<\/strong> Intencje mszalne \u2013 obrazki <\/p>\n\n\n\n<p><em>\u017byczymy mi\u0142ego tygodnia i obfitych \u0142ask Bo\u017cych.<\/em><\/p>\n","protected":false},"excerpt":{"rendered":"<p>1. Dzi\u015b prze\u017cywamy 2 Niedziel\u0119 Wielkanocn\u0105, czyli Niedziel\u0119 Bo\u017cego Mi\u0142osierdzia. Msze \u015bw. wed\u0142ug porz\u0105dku niedzielnego. 2.Uroczyste Nabo\u017ce\u0144stwo do Bo\u017cego Mi\u0142osierdzia o godz. 1500. Niedziel\u0105 Mi\u0142osierdzia rozpoczynamy Tydzie\u0144 Mi\u0142osierdzia, paschaliki. Dar odpustu: Odpust zupe\u0142ny na zwyk\u0142ych warunkach za udzia\u0142 w jakimkolwiek ko\u015bciele lub kaplicy w pobo\u017cnych praktykach ku czci Bo\u017cego Mi\u0142osierdzia&#8230; <a class=\"continue-reading-link\" href=\"http:\/\/parafia.scinawa.info\/index.php\/2023\/04\/15\/ogloszenia-duszpasterskie-2-niedziela-wielkanocna-16-04-2023\/\">Czytaj dalej <span class=\"meta-nav\">&rarr; <\/span><\/a><\/p>\n","protected":false},"author":2,"featured_media":0,"comment_status":"closed","ping_status":"closed","sticky":false,"template":"","format":"standard","meta":{"footnotes":""},"categories":[40],"tags":[],"class_list":["post-2321","post","type-post","status-publish","format-standard","hentry","category-ogloszenia-duszpasterskie"],"_links":{"self":[{"href":"http:\/\/parafia.scinawa.info\/index.php\/wp-json\/wp\/v2\/posts\/2321","targetHints":{"allow":["GET"]}}],"collection":[{"href":"http:\/\/parafia.scinawa.info\/index.php\/wp-json\/wp\/v2\/posts"}],"about":[{"href":"http:\/\/parafia.scinawa.info\/index.php\/wp-json\/wp\/v2\/types\/post"}],"author":[{"embeddable":true,"href":"http:\/\/parafia.scinawa.info\/index.php\/wp-json\/wp\/v2\/users\/2"}],"replies":[{"embeddable":true,"href":"http:\/\/parafia.scinawa.info\/index.php\/wp-json\/wp\/v2\/comments?post=2321"}],"version-history":[{"count":2,"href":"http:\/\/parafia.scinawa.info\/index.php\/wp-json\/wp\/v2\/posts\/2321\/revisions"}],"predecessor-version":[{"id":2323,"href":"http:\/\/parafia.scinawa.info\/index.php\/wp-json\/wp\/v2\/posts\/2321\/revisions\/2323"}],"wp:attachment":[{"href":"http:\/\/parafia.scinawa.info\/index.php\/wp-json\/wp\/v2\/media?parent=2321"}],"wp:term":[{"taxonomy":"category","embeddable":true,"href":"http:\/\/parafia.scinawa.info\/index.php\/wp-json\/wp\/v2\/categories?post=2321"},{"taxonomy":"post_tag","embeddable":true,"href":"http:\/\/parafia.scinawa.info\/index.php\/wp-json\/wp\/v2\/tags?post=2321"}],"curies":[{"name":"wp","href":"https:\/\/api.w.org\/{rel}","templated":true}]}}