{"id":2324,"date":"2023-04-22T10:58:57","date_gmt":"2023-04-22T08:58:57","guid":{"rendered":"http:\/\/parafia.scinawa.info\/?p=2324"},"modified":"2023-04-22T11:04:14","modified_gmt":"2023-04-22T09:04:14","slug":"intencje-mszalne-23-04-30-04-2023","status":"publish","type":"post","link":"http:\/\/parafia.scinawa.info\/index.php\/2023\/04\/22\/intencje-mszalne-23-04-30-04-2023\/","title":{"rendered":"INTENCJE MSZALNE 23.04. \u2013 30.04. 2023"},"content":{"rendered":"\n<p><strong><em>Sk\u0142adaj\u0105c\nOfiar\u0119, kt\u00f3ra nam przypomina niezmierzon\u0105 mi\u0142o\u015b\u0107 Twojego Syna, pokornie prosimy\nCi\u0119, Bo\u017ce, przyjmij intencje Twoich wiernych i spraw przez dzia\u0142anie\nEucharystii, aby w naszych rodzinach wzrasta\u0142a prawdziwa wiara, \u015bwi\u0119to\u015b\u0107 \u017cycia,\nbraterska mi\u0142o\u015b\u0107 i duch modlitwy. <\/em><\/strong><strong>Niech\nMatka Naj\u015bwi\u0119tsza wyprosi \u0142aski, o kt\u00f3re modlili\u015bmy si\u0119 w tej Mszy \u015bw. dla \u2026\nZa\u015b zmar\u0142ym \u2026 za kt\u00f3rych odprawiali\u015bmy Msz\u0119 \u015bw.: wieczny odpoczynek racz im\nda\u0107 Panie (\u2026); niech odpoczywaj\u0105 w pokoju wiecznym. Amen<\/strong><\/p>\n\n\n\n<p><strong>23.04<em>. &#8211; NIEDZIELA&nbsp; <\/em><\/strong><em><\/em><\/p>\n\n\n\n<p><strong>8.oo\n\u2013 1)<\/strong>\nw 30 rocz. \u015blubu Danuty i Wies\u0142awa \u0141oz\u00f3w dzi\u0119kczynna za otrzymane \u0142aski z\npro\u015bb\u0105 \u00a0 o zdrowie, Bo\u017ce \u00a0b\u0142ogos\u0142awie\u0144stwo, opiek\u0119 NMP i \u015bw. Patron\u00f3w \u2013 modl\u0105 si\u0119 dzieci i wnuki <strong>\u00a0<\/strong>\u00a0<\/p>\n\n\n\n<p><strong>&nbsp;&nbsp;&nbsp;&nbsp;&nbsp;&nbsp;&nbsp;&nbsp;&nbsp;&nbsp;&nbsp; &nbsp;\n2)<\/strong> w rocz. \u015blubu Dariusza i Ma\u0142gorzaty, Rafa\u0142a i\nAnety, Adama i Ma\u0142gorzaty dzi\u0119kczynna za\u00a0otrzymane \u0142aski z pro\u015bb\u0105 o zdrowie, Bo\u017ce \u00a0b\u0142ogos\u0142awie\u0144stwo, opiek\u0119 NMP i \u015bw. Patron\u00f3w na\u00a0dalsze lata \u017cycia \u2013 modl\u0105 si\u0119 rodzice<\/p>\n\n\n\n<p><strong>\u00a0 9.3o \u2013 <\/strong>+ Romana Rozkowi\u0144skiego w 8 rocz. \u015bm., ++ rodzic\u00f3w: Ann\u0119 i Franciszka So\u015bnickich, te\u015bci\u00f3w:\u00a0J\u00f3zef\u0119 i Jana, brata Zbigniewa oraz Helen\u0119 i Jana Mazur\u00f3w \u2013 modli si\u0119 rodzina \u00a0\u00a0<\/p>\n\n\n\n<p><strong>11.oo\n\u2013 1) <\/strong>+ Helen\u0119 Przybylsk\u0105 w 27\nrocz. \u015bm.&nbsp; \u2013 modli si\u0119 El\u017cbieta z rodzin\u0105<\/p>\n\n\n\n<p><strong>&nbsp;&nbsp;&nbsp;&nbsp;&nbsp;&nbsp;&nbsp;&nbsp;&nbsp;&nbsp;&nbsp; &nbsp;\n2) <\/strong>w 50 rocz. \u015blubu Bo\u017ceny i Macieja Stefan\u00f3w\ndzi\u0119kczynna za otrzymane \u0142aski z pro\u015bb\u0105  o zdrowie, Bo\u017ce \u00a0b\u0142ogos\u0142awie\u0144stwo, opiek\u0119 NMP i \u015bw. Patron\u00f3w \u2013 modli si\u0119 rodzina<\/p>\n\n\n\n<p>&nbsp;&nbsp;&nbsp;&nbsp;&nbsp;&nbsp;&nbsp;&nbsp;&nbsp;&nbsp;&nbsp;&nbsp;&nbsp;&nbsp;&nbsp;&nbsp;&nbsp;&nbsp;&nbsp;&nbsp;&nbsp;&nbsp;&nbsp;&nbsp;&nbsp;&nbsp;&nbsp;&nbsp;&nbsp;&nbsp;&nbsp;&nbsp;&nbsp;&nbsp; <strong><em>Chrzest w czasie Mszy:\nKrzysztof Witowski <\/em><\/strong><\/p>\n\n\n\n<p><strong>12.3o\n\u2013 1) <\/strong>++ Zofi\u0119, Antoniego i\nZbigniewa oraz ++ z rodziny Kobl\u00f3w, So\u015bnickich, Chabraszewskich  \u2013 modli si\u0119 rodzina<\/p>\n\n\n\n<p><strong>&nbsp;&nbsp;&nbsp;&nbsp;&nbsp;&nbsp;&nbsp;&nbsp;&nbsp;&nbsp;&nbsp; &nbsp;\n2)<\/strong> w 43 rocz. \u015blubu Ireny i Wies\u0142awa Ko\u0142acz\u00f3w\ndzi\u0119kczynna za otrzymane \u0142aski z pro\u015bb\u0105 \u00a0 o zdrowie, Bo\u017ce \u00a0b\u0142ogos\u0142awie\u0144stwo, opiek\u0119 NMP i \u015bw. Patron\u00f3w \u2013 modl\u0105 si\u0119 dzieci i wnuki<\/p>\n\n\n\n<p>&nbsp;&nbsp;&nbsp;&nbsp;&nbsp;&nbsp;&nbsp;&nbsp;&nbsp;&nbsp;&nbsp;&nbsp;&nbsp;&nbsp;&nbsp;&nbsp;&nbsp;&nbsp;&nbsp;&nbsp;&nbsp;&nbsp;&nbsp;&nbsp;&nbsp;&nbsp;&nbsp;&nbsp;&nbsp;&nbsp;&nbsp;&nbsp;&nbsp;&nbsp; <strong><em>Chrzest po Mszy: Jan Tomasz\nNowakowski<\/em><\/strong><\/p>\n\n\n\n<p><strong>18.oo\n\u2013 1)<\/strong>+\nDamiana Koszty\u0142\u0119 \u2013 gregorianka 13 \u2013 modl\u0105 si\u0119 chrzestna, ojciec, rodze\u0144stwo,\nbabcia i rodzina <\/p>\n\n\n\n<p><strong>&nbsp;&nbsp;&nbsp;&nbsp; 2) <\/strong>+ Jerzego w dniu ziemskich imienin oraz ++ jego rodzic\u00f3w\ni rodze\u0144stwo \u2013 modl\u0105 si\u0119 dzieci z rodzinami<strong>\n&nbsp;&nbsp;<\/strong>&nbsp;<\/p>\n\n\n\n<p><strong>24.04<em>. \u2013 PONIEDZIA\u0141EK<\/em><\/strong><\/p>\n\n\n\n<p><strong>&nbsp; &nbsp;&nbsp;7.oo \u2013 <\/strong>&nbsp;<strong>1) <\/strong>+ Tadeusza Zielonego &nbsp;<\/p>\n\n\n\n<p><strong>&nbsp;&nbsp;&nbsp;&nbsp;&nbsp;&nbsp;&nbsp;&nbsp;&nbsp;&nbsp;&nbsp; &nbsp;\n2)<\/strong>w intencji c\u00f3rki o \u0142ask\u0119\nzdrowia i opiek\u0119 NMP \u2013 modli si\u0119 mama<\/p>\n\n\n\n<p><strong>18.oo\n\u2013 1)<\/strong>+\nDamiana Koszty\u0142\u0119 \u2013 gregorianka 14 \u2013 modl\u0105 si\u0119 chrzestna, ojciec, rodze\u0144stwo,\nbabcia i rodzina&nbsp;<\/p>\n\n\n\n<p><strong>&nbsp;&nbsp;&nbsp;&nbsp;&nbsp;&nbsp;&nbsp;&nbsp;&nbsp;&nbsp;&nbsp; &nbsp;\n2)<\/strong> + Halin\u0119 Bilewicz w 13\nrocz. \u015bm. \u2013 modli si\u0119 rodzina<\/p>\n\n\n\n<p><strong>25.04<em>. &#8211; WTOREK<\/em><\/strong><em><\/em><\/p>\n\n\n\n<p><strong>7.oo\n\u2013 <\/strong>+ syna Grzegorza w 4 rocz. \u015bm. i dusze w czy\u015b\u0107cu cierpi\u0105ce<\/p>\n\n\n\n<p><strong>18.oo\n\u2013 <\/strong>+\nDamiana Koszty\u0142\u0119 \u2013 gregorianka 15 \u2013 modl\u0105 si\u0119 chrzestna, ojciec, rodze\u0144stwo,\nbabcia i rodzina<\/p>\n\n\n\n<p><strong>26.04<em>. \u2013 \u015aRODA <\/em><\/strong><\/p>\n\n\n\n<p><strong>&nbsp; 7.oo \u2013 <\/strong>+ Damiana Koszty\u0142\u0119\n\u2013 gregorianka 16 \u2013 modl\u0105 si\u0119 chrzestna, ojciec, rodze\u0144stwo, babcia i rodzina<\/p>\n\n\n\n<p><strong>18.oo\n\u2013&nbsp; intencja zbiorowa nowennowa:<\/strong><\/p>\n\n\n\n<p><strong>1)<\/strong>\n+ Stefani\u0119 Winiarsk\u0105 \u2013 modli si\u0119 brat Czes\u0142aw z rodzin\u0105<\/p>\n\n\n\n<p><strong>2)<\/strong>\n+ Rozali\u0119 Zara\u015b &#8211; 30 dzie\u0144 od pogrzebu &#8211; intencja od uczestnik\u00f3w Mszy pogrzebowej<\/p>\n\n\n\n<p><strong>3)<\/strong> + Tadeusza Siwaka&nbsp;\n&#8211; modli si\u0119 rodzina G\u0142az\u00f3w i Zio\u0142\u00f3w<\/p>\n\n\n\n<p><strong>4)<\/strong> ++ Jerzego i Stanis\u0142awa Pa\u0142ac\u00f3w oraz Tomasza \u0141odeja\n\u2013 modli si\u0119 rodzina<\/p>\n\n\n\n<p><strong>5)<\/strong> w 70 rocz. urodzin Marii Blok dzi\u0119kczynna za otrzymane \u0142aski z pro\u015bb\u0105 o zdrowie, Bo\u017ce\u00a0\u00a0b\u0142ogos\u0142awie\u0144stwo, opiek\u0119 NMP i \u015bw. Patron\u00f3w \u2013 modl\u0105 si\u0119 c\u00f3rki z wnukami i prawnukiem<\/p>\n\n\n\n<p><strong>6)<\/strong>\n++ Mari\u0119 i Zenona Fibik\u00f3w \u2013 modli si\u0119 syn Dariusz z rodzin\u0105<\/p>\n\n\n\n<p><strong>7)<\/strong>\nw 10 rocz. urodzin Paw\u0142a i z racji jego I Komunii dzi\u0119kczynna za otrzymane\n\u0142aski z pro\u015bb\u0105 o zdrowie, \u00a0Bo\u017ce \u00a0b\u0142ogos\u0142awie\u0144stwo, opiek\u0119 NMP i \u015bw. Patron\u00f3w \u2013 modli si\u0119 rodzina<\/p>\n\n\n\n<p><strong>8)<\/strong>\n+ Ann\u0119 Marynowicz Lipi\u0144sk\u0105 w 3 rocz. \u015bm. \u2013 modli si\u0119 rodzina<\/p>\n\n\n\n<p><strong>9)<\/strong> w intencji piel\u0119gniarek \u2013 Czes\u0142awy i Ewy za ich samaryta\u0144sk\u0105 pos\u0142ug\u0119, o Bo\u017ce b\u0142ogos\u0142awie\u0144stwo, \u015bwiat\u0142o\u00a0Ducha \u015awi\u0119tego, opiek\u0119 NMP Nieustaj\u0105cej Pomocy i \u015bwi\u0119tych Patron\u00f3w na dalsze lata s\u0142u\u017cby Chrystusowi w drugim cz\u0142owieku oraz za ich rodziny \u2013 modli si\u0119 wdzi\u0119czna pacjentka<\/p>\n\n\n\n<p><strong>10)<\/strong>\no nawr\u00f3cenie syna \u2013 modli si\u0119 mama<\/p>\n\n\n\n<p><strong>27.04<em>. \u2013 CZWARTEK <\/em><\/strong><em>&nbsp;<\/em><\/p>\n\n\n\n<p><strong>&nbsp; 7.oo \u2013<\/strong> &nbsp;+ Micha\u0142a\nSkocznia \u2013 modli si\u0119 kuzyn Pawe\u0142 z rodzin\u0105 z \u017bele\u017anikowej<\/p>\n\n\n\n<p><strong>18.oo\n\u2013 1)<\/strong>+\nDamiana Koszty\u0142\u0119 \u2013 gregorianka 17 \u2013 modl\u0105 si\u0119 chrzestna, ojciec, rodze\u0144stwo,\nbabcia i rodzina&nbsp;<\/p>\n\n\n\n<p><strong>&nbsp;&nbsp;&nbsp;&nbsp;&nbsp;&nbsp;&nbsp;&nbsp;&nbsp;&nbsp;&nbsp; &nbsp;\n2) <\/strong>w 70 rocz. urodzin \u017cony\nMarii dzi\u0119kczynna\nza otrzymane \u0142aski z pro\u015bb\u0105 o zdrowie, Bo\u017ce  \u00a0b\u0142ogos\u0142awie\u0144stwo, opiek\u0119 NMP i \u015bw. Patron\u00f3w \u2013 modli si\u0119 rodzina<\/p>\n\n\n\n<p><strong>28.04<em>. \u2013 PI\u0104TEK<\/em><\/strong><\/p>\n\n\n\n<p><strong>&nbsp; &nbsp;&nbsp;7.oo\n\u2013<\/strong>\n&nbsp;w\n14 rocz. urodzin Szymona dzi\u0119kczynna za otrzymane \u0142aski z pro\u015bb\u0105 o\nzdrowie, Bo\u017ce  \u00a0b\u0142ogos\u0142awie\u0144stwo, \u00a0opiek\u0119 NMP i \u015bw. Patron\u00f3w<\/p>\n\n\n\n<p><strong>18.oo\n\u2013 1)<\/strong>+\nDamiana Koszty\u0142\u0119 \u2013 gregorianka 18 \u2013 modl\u0105 si\u0119 chrzestna, ojciec, rodze\u0144stwo,\nbabcia i rodzina <\/p>\n\n\n\n<p><strong>&nbsp;&nbsp;&nbsp;&nbsp;&nbsp;&nbsp;&nbsp;&nbsp;&nbsp;&nbsp;&nbsp; &nbsp;\n2)<\/strong> &nbsp;+ Stefani\u0119\nWiniarsk\u0105 \u2013 modli si\u0119 brat Czes\u0142aw z rodzin\u0105<\/p>\n\n\n\n<p><strong><em>29.04.\n\u2013 SOBOTA<\/em><\/strong><\/p>\n\n\n\n<p><strong>&nbsp; 7.oo \u2013<\/strong> <strong>1)<\/strong>+ Damiana Koszty\u0142\u0119 \u2013 gregorianka 19 \u2013 modl\u0105 si\u0119 chrzestna,\nojciec, rodze\u0144stwo, babcia i rodzina&nbsp;<\/p>\n\n\n\n<p><strong>&nbsp;&nbsp;&nbsp;&nbsp;&nbsp;&nbsp;&nbsp;&nbsp;&nbsp;&nbsp;&nbsp; &nbsp;\n2) <\/strong>++ rodzic\u00f3w: Mari\u0119 i Jana\nCirog\u00f3w oraz ++ z rodziny \u2013 modl\u0105 si\u0119 dzieci z rodzinami<\/p>\n\n\n\n<p><strong>18.oo\n\u2013 1) <\/strong>zaj. P. Uchro\u0144ska\n<\/p>\n\n\n\n<p><strong>&nbsp;&nbsp;&nbsp;&nbsp;&nbsp;&nbsp;&nbsp;&nbsp;&nbsp;&nbsp;&nbsp; &nbsp;\n2)<\/strong> ++ rodzic\u00f3w: J\u00f3zef\u0119 w 5 rocz. \u015bm. i Mariana w 14\nrocz. \u015bm., babci\u0119 Aniel\u0119 w 35 rocz. \u015bm., brata \u00a0Zdzis\u0142awa w 1 rocz. \u015bm. z rodziny Pietkiewicz\u00f3w \u2013 modli si\u0119 rodzina <\/p>\n\n\n\n<p><strong><em>30.04.\n\u2013 NIEDZIELA&nbsp; <\/em><\/strong><\/p>\n\n\n\n<p><strong>&nbsp; 8.oo \u2013 1) <\/strong>+ Stanis\u0142awa\nSmola\u0144skiego w 16 rocz. \u015bm., oraz Mari\u0119 i Wiktora Smola\u0144skich \u2013 modli si\u0119 rodzina<\/p>\n\n\n\n<p><strong>&nbsp;&nbsp;&nbsp;&nbsp;&nbsp;&nbsp;&nbsp;&nbsp;&nbsp;&nbsp;&nbsp; &nbsp;\n2)<\/strong> + Damiana Koszty\u0142\u0119 \u2013 gregorianka 20 \u2013 modl\u0105 si\u0119 chrzestna,\nojciec, rodze\u0144stwo, babcia i rodzina<\/p>\n\n\n\n<p><strong>&nbsp; 9.3o \u2013 <\/strong>w intencji\nrodziny dzi\u0119kczynna za otrzymane \u0142aski z pro\u015bb\u0105 o zdrowie, Bo\u017ce &nbsp;b\u0142ogos\u0142awie\u0144stwo,  opiek\u0119 NMP i \u015bw. Patron\u00f3w<\/p>\n\n\n\n<p><strong>11.oo\n\u2013 1) <\/strong>w 50 rocz. \u015blubu Bo\u017ceny i Stefana Pruszy\u0144skich\ndzi\u0119kczynna za otrzymane \u0142aski z pro\u015bb\u0105 \u00a0 o zdrowie, Bo\u017ce \u00a0b\u0142ogos\u0142awie\u0144stwo, opiek\u0119 NMP i \u015bw. Patron\u00f3w \u2013 modli si\u0119 rodzina<\/p>\n\n\n\n<p><strong>&nbsp;&nbsp;&nbsp;&nbsp;&nbsp;&nbsp;&nbsp;&nbsp;&nbsp;&nbsp;&nbsp; &nbsp;\n2) <\/strong>+ Stanis\u0142awa Ksi\u0105\u017cka \u2013 modli si\u0119 \u017cona z rodzin\u0105<\/p>\n\n\n\n<p><strong>12.3o\n\u2013 1) <\/strong>+ Tadeusza Nowickiego w 2\nrocz. \u015bm. \u2013 modli si\u0119 \u017cona z rodzin\u0105<\/p>\n\n\n\n<p><strong>&nbsp;&nbsp;&nbsp;&nbsp;&nbsp;&nbsp;&nbsp;&nbsp;&nbsp;&nbsp;&nbsp; &nbsp;\n2)<\/strong> w rocz. urodzin Agnieszki Kozak dzi\u0119kczynna za otrzymane\n\u0142aski z pro\u015bb\u0105 o zdrowie, Bo\u017ce  \u00a0b\u0142ogos\u0142awie\u0144stwo, opiek\u0119 NMP i \u015bw. Patron\u00f3w \u2013 modl\u0105 si\u0119 rodzice i rodzina<\/p>\n\n\n\n<p><strong>18.oo\n\u2013 1) <\/strong>+ Micha\u0142a Skocznia \u2013 modli\nsi\u0119 kuzynka Miecia z rodzin\u0105 ze Starego S\u0105cza <\/p>\n\n\n\n<p><strong>&nbsp;&nbsp;&nbsp;&nbsp;&nbsp;&nbsp;&nbsp;&nbsp;&nbsp;&nbsp;&nbsp; &nbsp;\n2) <\/strong>+ Franciszka Miszczuka &#8211; 30 dzie\u0144 od pogrzebu &#8211; intencja\nod uczestnik\u00f3w Mszy pogrzebowej<\/p>\n","protected":false},"excerpt":{"rendered":"<p>Sk\u0142adaj\u0105c Ofiar\u0119, kt\u00f3ra nam przypomina niezmierzon\u0105 mi\u0142o\u015b\u0107 Twojego Syna, pokornie prosimy Ci\u0119, Bo\u017ce, przyjmij intencje Twoich wiernych i spraw przez dzia\u0142anie Eucharystii, aby w naszych rodzinach wzrasta\u0142a prawdziwa wiara, \u015bwi\u0119to\u015b\u0107 \u017cycia, braterska mi\u0142o\u015b\u0107 i duch modlitwy. Niech Matka Naj\u015bwi\u0119tsza wyprosi \u0142aski, o kt\u00f3re modlili\u015bmy si\u0119 w tej Mszy \u015bw. dla&#8230; <a class=\"continue-reading-link\" href=\"http:\/\/parafia.scinawa.info\/index.php\/2023\/04\/22\/intencje-mszalne-23-04-30-04-2023\/\">Czytaj dalej <span class=\"meta-nav\">&rarr; <\/span><\/a><\/p>\n","protected":false},"author":2,"featured_media":0,"comment_status":"closed","ping_status":"closed","sticky":false,"template":"","format":"standard","meta":{"footnotes":""},"categories":[39],"tags":[],"class_list":["post-2324","post","type-post","status-publish","format-standard","hentry","category-intencje"],"_links":{"self":[{"href":"http:\/\/parafia.scinawa.info\/index.php\/wp-json\/wp\/v2\/posts\/2324","targetHints":{"allow":["GET"]}}],"collection":[{"href":"http:\/\/parafia.scinawa.info\/index.php\/wp-json\/wp\/v2\/posts"}],"about":[{"href":"http:\/\/parafia.scinawa.info\/index.php\/wp-json\/wp\/v2\/types\/post"}],"author":[{"embeddable":true,"href":"http:\/\/parafia.scinawa.info\/index.php\/wp-json\/wp\/v2\/users\/2"}],"replies":[{"embeddable":true,"href":"http:\/\/parafia.scinawa.info\/index.php\/wp-json\/wp\/v2\/comments?post=2324"}],"version-history":[{"count":2,"href":"http:\/\/parafia.scinawa.info\/index.php\/wp-json\/wp\/v2\/posts\/2324\/revisions"}],"predecessor-version":[{"id":2326,"href":"http:\/\/parafia.scinawa.info\/index.php\/wp-json\/wp\/v2\/posts\/2324\/revisions\/2326"}],"wp:attachment":[{"href":"http:\/\/parafia.scinawa.info\/index.php\/wp-json\/wp\/v2\/media?parent=2324"}],"wp:term":[{"taxonomy":"category","embeddable":true,"href":"http:\/\/parafia.scinawa.info\/index.php\/wp-json\/wp\/v2\/categories?post=2324"},{"taxonomy":"post_tag","embeddable":true,"href":"http:\/\/parafia.scinawa.info\/index.php\/wp-json\/wp\/v2\/tags?post=2324"}],"curies":[{"name":"wp","href":"https:\/\/api.w.org\/{rel}","templated":true}]}}