{"id":2330,"date":"2023-04-29T16:20:01","date_gmt":"2023-04-29T14:20:01","guid":{"rendered":"http:\/\/parafia.scinawa.info\/?p=2330"},"modified":"2023-04-29T16:22:45","modified_gmt":"2023-04-29T14:22:45","slug":"intencje-mszalne-30-04-07-05-2023","status":"publish","type":"post","link":"http:\/\/parafia.scinawa.info\/index.php\/2023\/04\/29\/intencje-mszalne-30-04-07-05-2023\/","title":{"rendered":"INTENCJE MSZALNE 30.04. \u2013 07.05. 2023"},"content":{"rendered":"\n<p><strong><em>Sk\u0142adaj\u0105c\nOfiar\u0119, kt\u00f3ra nam przypomina niezmierzon\u0105 mi\u0142o\u015b\u0107 Twojego Syna, pokornie prosimy\nCi\u0119, Bo\u017ce, przyjmij intencje Twoich wiernych i spraw przez dzia\u0142anie\nEucharystii, aby w naszych rodzinach wzrasta\u0142a prawdziwa wiara, \u015bwi\u0119to\u015b\u0107 \u017cycia,\nbraterska mi\u0142o\u015b\u0107 i duch modlitwy. <\/em><\/strong><strong>Niech\nMatka Naj\u015bwi\u0119tsza wyprosi \u0142aski, o kt\u00f3re modlili\u015bmy si\u0119 w tej Mszy \u015bw. dla \u2026\nZa\u015b zmar\u0142ym \u2026 za kt\u00f3rych odprawiali\u015bmy Msz\u0119 \u015bw.: wieczny odpoczynek racz im\nda\u0107 Panie (\u2026); niech odpoczywaj\u0105 w pokoju wiecznym. Amen<\/strong><\/p>\n\n\n\n<p><strong>30.04<em>. &#8211; NIEDZIELA&nbsp; <\/em><\/strong><em><\/em><\/p>\n\n\n\n<p><strong>&nbsp; 8.oo \u2013 1) <\/strong>+ Stanis\u0142awa\nSmola\u0144skiego w 16 rocz. \u015bm., oraz Mari\u0119 i Wiktora Smola\u0144skich \u2013 modli si\u0119 rodzina<\/p>\n\n\n\n<p><strong>&nbsp;&nbsp;&nbsp;&nbsp;&nbsp;&nbsp;&nbsp;&nbsp;&nbsp;&nbsp;&nbsp; &nbsp;\n2)<\/strong> + Damiana Koszty\u0142\u0119 \u2013 gregorianka 20 \u2013 modl\u0105 si\u0119 chrzestna,\nojciec, rodze\u0144stwo, babcia i rodzina<\/p>\n\n\n\n<p><strong>\u00a0 9.3o \u2013 <\/strong>w intencji rodziny dzi\u0119kczynna za otrzymane \u0142aski z pro\u015bb\u0105 o zdrowie, Bo\u017ce \u00a0b\u0142ogos\u0142awie\u0144stwo,  opiek\u0119 NMP i \u015bw. Patron\u00f3w<\/p>\n\n\n\n<p><strong>11.oo\n\u2013 1) <\/strong>w 50 rocz. \u015blubu Bo\u017ceny i Stefana Pruszy\u0144skich\ndzi\u0119kczynna za otrzymane \u0142aski z pro\u015bb\u0105 \u00a0 o zdrowie, Bo\u017ce \u00a0b\u0142ogos\u0142awie\u0144stwo, opiek\u0119 NMP i \u015bw. Patron\u00f3w \u2013 modli si\u0119 rodzina<\/p>\n\n\n\n<p><strong>&nbsp;&nbsp;&nbsp;&nbsp;&nbsp;&nbsp;&nbsp;&nbsp;&nbsp;&nbsp;&nbsp; &nbsp;\n2) <\/strong>+ Stanis\u0142awa Ksi\u0105\u017cka \u2013 modli si\u0119 \u017cona z rodzin\u0105<\/p>\n\n\n\n<p><strong>12.3o\n\u2013 1) <\/strong>+ Tadeusza Nowickiego w 2\nrocz. \u015bm. \u2013 modli si\u0119 \u017cona z rodzin\u0105<\/p>\n\n\n\n<p><strong>\u00a0\u00a0\u00a0\u00a0\u00a0\u00a0\u00a0\u00a0\u00a0\u00a0\u00a0 \u00a0 2)<\/strong> w rocz. urodzin Agnieszki Kozak dzi\u0119kczynna za otrzymane \u0142aski z pro\u015bb\u0105 o zdrowie, Bo\u017ce  \u00a0b\u0142ogos\u0142awie\u0144stwo, opiek\u0119 NMP i \u015bw. Patron\u00f3w \u2013 modl\u0105 si\u0119 rodzice i rodzina<\/p>\n\n\n\n<p><strong>18.oo\n\u2013 1) <\/strong>+ Micha\u0142a Skocznia \u2013 modli\nsi\u0119 kuzynka Miecia z rodzin\u0105 ze Starego S\u0105cza <\/p>\n\n\n\n<p><strong>&nbsp;&nbsp;&nbsp;&nbsp;&nbsp;&nbsp;&nbsp;&nbsp;&nbsp;&nbsp;&nbsp; &nbsp;\n2) <\/strong>+ Franciszka Miszczuka &#8211; 30 dzie\u0144 od pogrzebu &#8211; intencja\nod uczestnik\u00f3w Mszy pogrzebowej<strong> &nbsp;&nbsp;<\/strong>&nbsp;<\/p>\n\n\n\n<p><strong>01.05<em>. \u2013 PONIEDZIA\u0141EK<\/em><\/strong><\/p>\n\n\n\n<p><strong>&nbsp; &nbsp;&nbsp;7.oo \u2013 <\/strong>&nbsp;<strong>1) <\/strong>+ Mari\u0119 Kop\u0119 w 3 rocz. \u015bm. \u2013 modli si\u0119\nrodzina <\/p>\n\n\n\n<p><strong>&nbsp;&nbsp;&nbsp;&nbsp;&nbsp;&nbsp;&nbsp;&nbsp;&nbsp;&nbsp;&nbsp; &nbsp;\n2)<\/strong> + Damiana Koszty\u0142\u0119 \u2013 gregorianka 21 \u2013 modl\u0105 si\u0119 chrzestna,\nojciec, rodze\u0144stwo, babcia i rodzina<\/p>\n\n\n\n<p><strong>18.oo\n\u2013<\/strong> ++ rodzic\u00f3w: Micha\u0142a i Kazimier\u0119 Babij\u00f3w, rodzic\u00f3w\nchrzestnych: Juli\u0119 Zielonk\u0119 i Mariana  Arciszewskiego oraz ++ z rodziny Babij\u00f3w, Arciszewskich, Chrzanowskich, Urba\u0144skich i dusze  w czy\u015b\u0107cu cierpi\u0105ce<\/p>\n\n\n\n<p><strong>02.05<em>. &#8211; WTOREK<\/em><\/strong><em><\/em><\/p>\n\n\n\n<p><strong>7.oo\n\u2013<\/strong> <strong>+\nTadeusza Zielonego \u2013 gregorianka 1<\/strong><\/p>\n\n\n\n<p><strong>18.oo\n\u2013 <\/strong>+\nDamiana Koszty\u0142\u0119 \u2013 gregorianka 22 \u2013 modl\u0105 si\u0119 chrzestna, ojciec, rodze\u0144stwo,\nbabcia i rodzina<\/p>\n\n\n\n<p><strong>03.05<em>. \u2013 \u015aRODA <\/em><\/strong><\/p>\n\n\n\n<p><strong>&nbsp; 8.oo \u2013 1) <\/strong>++ rodzic\u00f3w: Janin\u0119 w 8 rocz. \u015bm. i Antoniego Lulk\u00f3w \u2013 modli si\u0119 syn z\nrodzin\u0105\n<\/p>\n\n\n\n<p><strong>&nbsp;&nbsp;&nbsp;&nbsp;&nbsp;&nbsp;&nbsp;&nbsp;&nbsp;&nbsp;&nbsp; &nbsp;\n2)<\/strong> <strong>+ Tadeusza Zielonego\n\u2013 gregorianka 2<\/strong><\/p>\n\n\n\n<p><strong>&nbsp; 9.3o \u2013 <\/strong>++ rodzic\u00f3w: J\u00f3zefa i Wand\u0119 Kap\u0142on\u00f3w oraz ++ braci \u2013 modli si\u0119 c\u00f3rka i\nsiostra\n&nbsp;<\/p>\n\n\n\n<p><strong>11.oo\n\u2013 1) w intencji Ojczyzny<\/strong><\/p>\n\n\n\n<p><strong>&nbsp;&nbsp;&nbsp;&nbsp;&nbsp;&nbsp;&nbsp;&nbsp;&nbsp;&nbsp;&nbsp; &nbsp;\n2) <\/strong>+ Andrzeja Holdenmajera w 2 rocz. \u015bm. \u2013 modl\u0105 si\u0119 przyjaciele\nKazimierz i El\u017cbieta z rodzinami<\/p>\n\n\n\n<p><strong>12.3o\n\u2013 1) <\/strong>+ Zofi\u0119 Mielcarek z okazji\nziemskich urodzin \u2013 modli si\u0119 rodzina<\/p>\n\n\n\n<p><strong>&nbsp;&nbsp;&nbsp;&nbsp;&nbsp;&nbsp;&nbsp;&nbsp;&nbsp;&nbsp;&nbsp; &nbsp;\n2)<\/strong> + Tadeusza Siwaka &#8211;\n30 dzie\u0144 od pogrzebu &#8211; intencja od uczestnik\u00f3w Mszy pogrzebowej <\/p>\n\n\n\n<p><strong>18.oo\n\u2013&nbsp; <\/strong>+ Damiana Koszty\u0142\u0119\n\u2013 gregorianka 23 \u2013 modl\u0105 si\u0119 chrzestna, ojciec, rodze\u0144stwo, babcia i rodzina<\/p>\n\n\n\n<p><strong>18.oo\n\u2013&nbsp; intencja zbiorowa nowennowa:<\/strong><\/p>\n\n\n\n<p><strong>1)<\/strong>\n+ Bronis\u0142aw\u0119 Kruk &#8211; 30 dzie\u0144 od pogrzebu &#8211; intencja od uczestnik\u00f3w Mszy pogrzebowej<\/p>\n\n\n\n<p><strong>2)<\/strong> + m\u0119\u017ca J\u00f3zefa Lewosi\u0144skiego w 5 rocz. \u015bm. ++ rodzic\u00f3w z obu stron: Bronis\u0142aw\u0119 i Stanis\u0142awa  oraz Weronik\u0119 i Franciszka \u2013 modli si\u0119 \u017cona<\/p>\n\n\n\n<p><strong>3)<\/strong> + Mari\u0119 z racji ziemskich imienin \u2013 modli si\u0119 m\u0105\u017c z\nrodzin\u0105<\/p>\n\n\n\n<p><strong>4)<\/strong> w intencji Amelii w sprawie Bogu wiadomej<\/p>\n\n\n\n<p><strong>5)<\/strong> ++ Mari\u0119 i Onufrego Stembalskich oraz Zofi\u0119,\nMicha\u0142a, Ann\u0119, J\u00f3zefa, Ann\u0119 i Piotra z rodziny Kobl\u00f3w<\/p>\n\n\n\n<p><strong>04.05<em>. \u2013 CZWARTEK <\/em><\/strong><em>&nbsp;<\/em><\/p>\n\n\n\n<p><strong>&nbsp; 7.oo \u2013<\/strong> &nbsp;<strong>1) <\/strong>w intencji wnuka o pomy\u015blne zdanie egzamin\u00f3w\noraz dostanie si\u0119 na wymarzony kierunek \u00a0studi\u00f3w \u2013 modl\u0105 si\u0119 dziadkowie <\/p>\n\n\n\n<p><strong>&nbsp;&nbsp;&nbsp;&nbsp;&nbsp;&nbsp;&nbsp;&nbsp;&nbsp;&nbsp;&nbsp; &nbsp;\n2) + Tadeusza Zielonego \u2013 gregorianka 3<\/strong><\/p>\n\n\n\n<p><strong>18.oo\n\u2013 1) <\/strong>++ Ann\u0119 oraz jej rodzic\u00f3w \u2013\nmodli si\u0119 rodzina <\/p>\n\n\n\n<p><strong>&nbsp;&nbsp;&nbsp;&nbsp;&nbsp;&nbsp;&nbsp;&nbsp;&nbsp;&nbsp;&nbsp; &nbsp;\n2)<\/strong> + Damiana Koszty\u0142\u0119 \u2013 gregorianka 24 \u2013 modl\u0105 si\u0119 chrzestna,\nojciec, rodze\u0144stwo, babcia i rodzina<\/p>\n\n\n\n<p><strong>05.05<em>. \u2013 PI\u0104TEK<\/em><\/strong><\/p>\n\n\n\n<p><strong>&nbsp; &nbsp;&nbsp;7.oo\n\u2013<\/strong>\n&nbsp;<strong>1)\n<\/strong>+ Grzegorza i dusze w czy\u015b\u0107cu cierpi\u0105ce\n<\/p>\n\n\n\n<p><strong>&nbsp;&nbsp;&nbsp;&nbsp;&nbsp;&nbsp;&nbsp;&nbsp;&nbsp;&nbsp;&nbsp; &nbsp;\n2)<\/strong> + Damiana Koszty\u0142\u0119 \u2013 gregorianka 25 \u2013 modl\u0105 si\u0119 chrzestna,\nojciec, rodze\u0144stwo, babcia i rodzina<\/p>\n\n\n\n<p>&nbsp;&nbsp;&nbsp;&nbsp;&nbsp;&nbsp;&nbsp;&nbsp;&nbsp;&nbsp;&nbsp; &nbsp; <strong>3)<\/strong> <strong>+ Tadeusza Zielonego \u2013 gregorianka 4<\/strong><\/p>\n\n\n\n<p><strong>18.oo\n\u2013 1) <\/strong>++ Zofi\u0119 i Franciszka Blok\u00f3w,\nbrata Andrzeja, Mari\u0119 i Feliksa J\u00f3zefiak\u00f3w, Bronis\u0142aw\u0119, J\u00f3zefa  oraz Andrzeja Kutkowskich <\/p>\n\n\n\n<p><strong>&nbsp;&nbsp;&nbsp;&nbsp;&nbsp;&nbsp;&nbsp;&nbsp;&nbsp;&nbsp;&nbsp; &nbsp;\n2)<\/strong> &nbsp;+ m\u0119\u017ca\nPiotra w 5 rocz. \u015bm. \u2013 modli si\u0119 \u017cona z dzie\u0107mi<\/p>\n\n\n\n<p><strong><em>06.05.\n\u2013 SOBOTA<\/em><\/strong><\/p>\n\n\n\n<p><strong>&nbsp; &nbsp;&nbsp;7.oo\n\u2013<\/strong>\n<strong>1) + Tadeusza Zielonego \u2013 gregorianka 5<\/strong>\n<\/p>\n\n\n\n<p><strong>&nbsp;&nbsp;&nbsp;&nbsp;&nbsp;&nbsp;&nbsp;&nbsp;&nbsp;&nbsp;&nbsp; &nbsp;\n2)<\/strong> intencja wynagradzaj\u0105ca\nNiepokalanemu Sercu NMP<\/p>\n\n\n\n<p><strong>18.oo\n\u2013 1) <\/strong>+ Nikol\u0119 Wielg\u00f3rk\u0119 &#8211;\n30 dzie\u0144 od pogrzebu &#8211; intencja od uczestnik\u00f3w Mszy pogrzebowej <\/p>\n\n\n\n<p><strong>&nbsp;&nbsp;&nbsp;&nbsp;&nbsp;&nbsp;&nbsp;&nbsp;&nbsp;&nbsp;&nbsp; &nbsp;\n2)<\/strong> + Damiana Koszty\u0142\u0119 \u2013 gregorianka 26 \u2013 modl\u0105 si\u0119 chrzestna,\nojciec, rodze\u0144stwo, babcia i rodzina <\/p>\n\n\n\n<p><strong><em>07.05.\n\u2013 NIEDZIELA&nbsp; <\/em><\/strong><\/p>\n\n\n\n<p><strong>&nbsp; 8.oo \u2013 1) <\/strong>+ Daniela w 15 rocz. \u015bm. oraz ++ z rodziny Gancark\u00f3w \u2013 modli si\u0119 rodzina\n<\/p>\n\n\n\n<p><strong>&nbsp;&nbsp;&nbsp;&nbsp;&nbsp;&nbsp;&nbsp;&nbsp;&nbsp;&nbsp;&nbsp; &nbsp;\n2)<\/strong> + Damiana Koszty\u0142\u0119 \u2013 gregorianka 27 \u2013 modl\u0105 si\u0119 chrzestna,\nojciec, rodze\u0144stwo, babcia i rodzina<\/p>\n\n\n\n<p><strong>&nbsp; 9.3o \u2013<\/strong> ++ dziadk\u00f3w: Magdalen\u0119\ni Stanis\u0142awa Partyk\u00f3w, Mari\u0119 i J\u00f3zefa Siwak\u00f3w \u2013 modl\u0105 si\u0119 wnuki z rodzinami<\/p>\n\n\n\n<p><strong>11.oo\n\u2013 1) <\/strong>++ J\u00f3zefa w 8 rocz. \u015bm. i\nMariann\u0119 Witasiak\u00f3w \u2013 modl\u0105 si\u0119 synowie z rodzinami<\/p>\n\n\n\n<p><strong>&nbsp;&nbsp;&nbsp;&nbsp;&nbsp;&nbsp;&nbsp;&nbsp;&nbsp;&nbsp;&nbsp; &nbsp;\n2) <\/strong>+ Piotra Minkin\u0119 w 5\nrocz.&nbsp; \u015bm. \u2013 modl\u0105 si\u0119 te\u015bcie &nbsp;<\/p>\n\n\n\n<p><strong>12.3o\n\u2013 1) <\/strong>zaj. P. \u017bydek<\/p>\n\n\n\n<p><strong>&nbsp;&nbsp;&nbsp;&nbsp;&nbsp;&nbsp;&nbsp;&nbsp;&nbsp;&nbsp;&nbsp; &nbsp;\n2)<\/strong> zaj. P. Bilewicz <\/p>\n\n\n\n<p><strong>18.oo\n\u2013 1) <\/strong>++ rodzic\u00f3w: Mari\u0119 i\nMicha\u0142a oraz Ludwik\u0119, Jana i Franciszka \u2013 modli si\u0119 rodzina\n<\/p>\n\n\n\n<p><strong>&nbsp;&nbsp;&nbsp;&nbsp;&nbsp;&nbsp;&nbsp;&nbsp;&nbsp;&nbsp;&nbsp; &nbsp;\n2) + Tadeusza Zielonego \u2013 gregorianka 6<\/strong>\n<\/p>\n","protected":false},"excerpt":{"rendered":"<p>Sk\u0142adaj\u0105c Ofiar\u0119, kt\u00f3ra nam przypomina niezmierzon\u0105 mi\u0142o\u015b\u0107 Twojego Syna, pokornie prosimy Ci\u0119, Bo\u017ce, przyjmij intencje Twoich wiernych i spraw przez dzia\u0142anie Eucharystii, aby w naszych rodzinach wzrasta\u0142a prawdziwa wiara, \u015bwi\u0119to\u015b\u0107 \u017cycia, braterska mi\u0142o\u015b\u0107 i duch modlitwy. Niech Matka Naj\u015bwi\u0119tsza wyprosi \u0142aski, o kt\u00f3re modlili\u015bmy si\u0119 w tej Mszy \u015bw. dla&#8230; <a class=\"continue-reading-link\" href=\"http:\/\/parafia.scinawa.info\/index.php\/2023\/04\/29\/intencje-mszalne-30-04-07-05-2023\/\">Czytaj dalej <span class=\"meta-nav\">&rarr; <\/span><\/a><\/p>\n","protected":false},"author":2,"featured_media":0,"comment_status":"closed","ping_status":"closed","sticky":false,"template":"","format":"standard","meta":{"footnotes":""},"categories":[39],"tags":[],"class_list":["post-2330","post","type-post","status-publish","format-standard","hentry","category-intencje"],"_links":{"self":[{"href":"http:\/\/parafia.scinawa.info\/index.php\/wp-json\/wp\/v2\/posts\/2330","targetHints":{"allow":["GET"]}}],"collection":[{"href":"http:\/\/parafia.scinawa.info\/index.php\/wp-json\/wp\/v2\/posts"}],"about":[{"href":"http:\/\/parafia.scinawa.info\/index.php\/wp-json\/wp\/v2\/types\/post"}],"author":[{"embeddable":true,"href":"http:\/\/parafia.scinawa.info\/index.php\/wp-json\/wp\/v2\/users\/2"}],"replies":[{"embeddable":true,"href":"http:\/\/parafia.scinawa.info\/index.php\/wp-json\/wp\/v2\/comments?post=2330"}],"version-history":[{"count":2,"href":"http:\/\/parafia.scinawa.info\/index.php\/wp-json\/wp\/v2\/posts\/2330\/revisions"}],"predecessor-version":[{"id":2332,"href":"http:\/\/parafia.scinawa.info\/index.php\/wp-json\/wp\/v2\/posts\/2330\/revisions\/2332"}],"wp:attachment":[{"href":"http:\/\/parafia.scinawa.info\/index.php\/wp-json\/wp\/v2\/media?parent=2330"}],"wp:term":[{"taxonomy":"category","embeddable":true,"href":"http:\/\/parafia.scinawa.info\/index.php\/wp-json\/wp\/v2\/categories?post=2330"},{"taxonomy":"post_tag","embeddable":true,"href":"http:\/\/parafia.scinawa.info\/index.php\/wp-json\/wp\/v2\/tags?post=2330"}],"curies":[{"name":"wp","href":"https:\/\/api.w.org\/{rel}","templated":true}]}}