{"id":2410,"date":"2023-08-15T13:54:48","date_gmt":"2023-08-15T11:54:48","guid":{"rendered":"http:\/\/parafia.scinawa.info\/?p=2410"},"modified":"2023-08-15T13:54:48","modified_gmt":"2023-08-15T11:54:48","slug":"ogloszenia-duszpasterskie-20-niedziela-zwykla-20-08-2023","status":"publish","type":"post","link":"http:\/\/parafia.scinawa.info\/index.php\/2023\/08\/15\/ogloszenia-duszpasterskie-20-niedziela-zwykla-20-08-2023\/","title":{"rendered":"Og\u0142oszenia duszpasterskie  20 Niedziela zwyk\u0142a \u2013 20.08. 2023"},"content":{"rendered":"\n<p><strong>1<\/strong><strong>.<\/strong> Dzi\u015b prze\u017cywamy\n<strong>20 Niedziel\u0119 zwyk\u0142\u0105<\/strong>. Msze \u015bw. wed\u0142ug porz\u0105dku wakacyjnego. <\/p>\n\n\n\n<p><strong>3.<\/strong>\nCodziennie spowied\u017a i adoracja Naj\u015bwi\u0119tszego Sakramentu o godz. <strong>17<sup>00<\/sup>.<\/strong><\/p>\n\n\n\n<p><strong>4. <\/strong><strong>W tym tygodniu nabo\u017ce\u0144stwa: <\/strong><\/p>\n\n\n\n<p><strong>&#8211; w poniedzia\u0142ek &nbsp;&#8211; <\/strong>nabo\u017ce\u0144stwo<strong>\n<em>do Bo\u017cego Mi\u0142osierdzia<\/em> <\/strong>o godz. <strong>17<sup>30<\/sup><\/strong><\/p>\n\n\n\n<p>&#8211;\n<strong>we wtorek<\/strong> &nbsp;&nbsp;&nbsp;&nbsp;&nbsp;&nbsp;&nbsp; <strong>&#8211; <\/strong>nabo\u017ce\u0144stwo<strong> <em>do \u015bw. Rity<\/em> <\/strong>o godz. <strong>17<sup>30<\/sup><\/strong><\/p>\n\n\n\n<p><strong>&#8211;<\/strong> <strong>w \u015brod\u0119<\/strong>\n&nbsp;&nbsp;&nbsp;&nbsp;&nbsp;&nbsp;&nbsp;&nbsp;&nbsp;&nbsp;&nbsp;<strong>&#8211; <\/strong>nabo\u017ce\u0144stwo<strong> <em>do<\/em><\/strong> <strong><em>NMP Nieustaj\u0105cej Pomocy<\/em><\/strong>\n&nbsp;<strong><em>do \u015bw. Ojca Pio<\/em><\/strong>\no <strong>17<sup>30<\/sup><\/strong><\/p>\n\n\n\n<p><strong>5.<\/strong><strong> <\/strong>W tym tygodniu obchodzimy:<strong><\/strong><\/p>\n\n\n\n<p><strong>&#8211;\nw poniedzia\u0142ek &#8211; <\/strong>wspomnienie \u015bw. Piusa X, papie\u017ca<\/p>\n\n\n\n<p>&#8211; <strong>we\nwtorek<\/strong> &nbsp;\u2013 wspomnienie NMP\nKr\u00f3lowej<\/p>\n\n\n\n<p>&#8211; <strong>w\nczwartek<\/strong> \u2013 \u015bwi\u0119to \u015bw.\nBart\u0142omieja, Aposto\u0142a<\/p>\n\n\n\n<p>&#8211; <strong>w sobot\u0119<\/strong>&nbsp;\n\u2013 uroczysto\u015b\u0107 NMP Cz\u0119stochowskiej<\/p>\n\n\n\n<p><strong>6<\/strong><strong>. <\/strong>W przysz\u0142\u0105 niedziel\u0119\nb\u0119dziemy prze\u017cywa\u0107 <strong>21 Niedziel\u0119 zwyk\u0142\u0105<\/strong>.\nMsze \u015bw. wg porz\u0105dku wakacyjnego. <strong><em>O godz.<\/em><\/strong><strong><em>\n14<sup>00<\/sup> Msza \u015bw. i do\u017cynki<\/em><\/strong><strong><em>.<\/em><\/strong><\/p>\n\n\n\n<p><strong>7<\/strong><strong>.<\/strong> Kancelaria\nczynna codziennie po Mszy \u015bw. wieczornej z wyj\u0105tkiem niedziel, uroczysto\u015bci i\n\u015bwi\u0105t.<\/p>\n\n\n\n<p><strong>8<\/strong><strong>.<\/strong> Do nabycia jest\nprasa katolicka: Niedziela, Go\u015b\u0107 Niedzielny, Ma\u0142y GN i R\u00f3\u017caniec. <\/p>\n\n\n\n<p><strong>9<\/strong><strong>.<\/strong> Dzi\u0119kuj\u0119\nwszystkim, kt\u00f3rzy w tym tygodniu sprz\u0105tali \u015bwi\u0105tyni\u0119 i przygotowali j\u0105 na nasze\nspotkanie eucharystyczne.<\/p>\n\n\n\n<p><strong>10<\/strong><strong>.<\/strong> Serdeczne B\u00f3g\nzap\u0142a\u0107 za ofiary sk\u0142adane na remonty w naszej parafii. <\/p>\n\n\n\n<p><a><strong>11<\/strong><\/a><strong>.<\/strong> Intencje\nmszalne \u2013 obrazki<\/p>\n\n\n\n<p><em>\u017byczymy mi\u0142ego tygodnia\ni obfitych \u0142ask Bo\u017cych.<\/em><\/p>\n","protected":false},"excerpt":{"rendered":"<p>1. Dzi\u015b prze\u017cywamy 20 Niedziel\u0119 zwyk\u0142\u0105. Msze \u015bw. wed\u0142ug porz\u0105dku wakacyjnego. 3. Codziennie spowied\u017a i adoracja Naj\u015bwi\u0119tszego Sakramentu o godz. 1700. 4. W tym tygodniu nabo\u017ce\u0144stwa: &#8211; w poniedzia\u0142ek &nbsp;&#8211; nabo\u017ce\u0144stwo do Bo\u017cego Mi\u0142osierdzia o godz. 1730 &#8211; we wtorek &nbsp;&nbsp;&nbsp;&nbsp;&nbsp;&nbsp;&nbsp; &#8211; nabo\u017ce\u0144stwo do \u015bw. Rity o godz. 1730 &#8211;&#8230; <a class=\"continue-reading-link\" href=\"http:\/\/parafia.scinawa.info\/index.php\/2023\/08\/15\/ogloszenia-duszpasterskie-20-niedziela-zwykla-20-08-2023\/\">Czytaj dalej <span class=\"meta-nav\">&rarr; <\/span><\/a><\/p>\n","protected":false},"author":2,"featured_media":0,"comment_status":"closed","ping_status":"closed","sticky":false,"template":"","format":"standard","meta":{"footnotes":""},"categories":[40],"tags":[],"class_list":["post-2410","post","type-post","status-publish","format-standard","hentry","category-ogloszenia-duszpasterskie"],"_links":{"self":[{"href":"http:\/\/parafia.scinawa.info\/index.php\/wp-json\/wp\/v2\/posts\/2410","targetHints":{"allow":["GET"]}}],"collection":[{"href":"http:\/\/parafia.scinawa.info\/index.php\/wp-json\/wp\/v2\/posts"}],"about":[{"href":"http:\/\/parafia.scinawa.info\/index.php\/wp-json\/wp\/v2\/types\/post"}],"author":[{"embeddable":true,"href":"http:\/\/parafia.scinawa.info\/index.php\/wp-json\/wp\/v2\/users\/2"}],"replies":[{"embeddable":true,"href":"http:\/\/parafia.scinawa.info\/index.php\/wp-json\/wp\/v2\/comments?post=2410"}],"version-history":[{"count":1,"href":"http:\/\/parafia.scinawa.info\/index.php\/wp-json\/wp\/v2\/posts\/2410\/revisions"}],"predecessor-version":[{"id":2411,"href":"http:\/\/parafia.scinawa.info\/index.php\/wp-json\/wp\/v2\/posts\/2410\/revisions\/2411"}],"wp:attachment":[{"href":"http:\/\/parafia.scinawa.info\/index.php\/wp-json\/wp\/v2\/media?parent=2410"}],"wp:term":[{"taxonomy":"category","embeddable":true,"href":"http:\/\/parafia.scinawa.info\/index.php\/wp-json\/wp\/v2\/categories?post=2410"},{"taxonomy":"post_tag","embeddable":true,"href":"http:\/\/parafia.scinawa.info\/index.php\/wp-json\/wp\/v2\/tags?post=2410"}],"curies":[{"name":"wp","href":"https:\/\/api.w.org\/{rel}","templated":true}]}}