{"id":2415,"date":"2023-08-26T21:07:58","date_gmt":"2023-08-26T19:07:58","guid":{"rendered":"http:\/\/parafia.scinawa.info\/?p=2415"},"modified":"2023-08-26T21:12:54","modified_gmt":"2023-08-26T19:12:54","slug":"intencje-mszalne-27-08-03-09-2023","status":"publish","type":"post","link":"http:\/\/parafia.scinawa.info\/index.php\/2023\/08\/26\/intencje-mszalne-27-08-03-09-2023\/","title":{"rendered":"INTENCJE MSZALNE 27.08. \u2013 03.09. 2023"},"content":{"rendered":"\n<p><strong><em>Sk\u0142adaj\u0105c\nOfiar\u0119, kt\u00f3ra nam przypomina niezmierzon\u0105 mi\u0142o\u015b\u0107 Twojego Syna, pokornie prosimy\nCi\u0119, Bo\u017ce, przyjmij intencje Twoich wiernych i spraw przez dzia\u0142anie\nEucharystii, aby w naszych rodzinach wzrasta\u0142a prawdziwa wiara, \u015bwi\u0119to\u015b\u0107 \u017cycia,\nbraterska mi\u0142o\u015b\u0107 i duch modlitwy. <\/em><\/strong><strong>Niech\nMatka Naj\u015bwi\u0119tsza wyprosi \u0142aski, o kt\u00f3re modlili\u015bmy si\u0119 w tej Mszy \u015bw. dla \u2026\nZa\u015b zmar\u0142ym \u2026 za kt\u00f3rych odprawiali\u015bmy Msz\u0119 \u015bw.: wieczny odpoczynek racz im\nda\u0107 Panie (\u2026); niech odpoczywaj\u0105 w pokoju wiecznym. Amen<\/strong><\/p>\n\n\n\n<p><strong>27.08<em>. &#8211; NIEDZIELA&nbsp; <\/em><\/strong><em><\/em><\/p>\n\n\n\n<p><strong>8.oo\n\u2013 1) <\/strong>&nbsp;++ m\u0119\u017ca\nHenryka Deca w 5 rocz. \u015bm. i tat\u0119 Boles\u0142awa Bilewicza \u2013 modli si\u0119 rodzina<\/p>\n\n\n\n<p><strong>&nbsp;&nbsp;&nbsp;&nbsp;&nbsp;&nbsp;&nbsp;&nbsp;&nbsp;&nbsp;&nbsp; &nbsp;\n2)<\/strong> w 35 rocz.\n\u015blubu Krystyny i Jana Turczyniak\u00f3w dzi\u0119kczynna za otrzymane \u0142aski z pro\u015bb\u0105  o zdrowie, Bo\u017ce b\u0142ogos\u0142awie\u0144stwo, dary Ducha \u015awi\u0119tego, opiek\u0119 NMP i \u015bw. Patron\u00f3w  \u2013 modli si\u0119 rodzina<\/p>\n\n\n\n<p><strong>11.oo\n\u2013 1) <\/strong>w 50 rocz. urodzin Adama\ndzi\u0119kczynna za otrzymane \u0142aski z pro\u015bb\u0105 o zdrowie, Bo\u017ce\u00a0 b\u0142ogos\u0142awie\u0144stwo, dary Ducha \u015awi\u0119tego, opiek\u0119 NMP i \u015bw. Patron\u00f3w na dalsze lata \u017cycia  \u2013 modli si\u0119 rodzina<\/p>\n\n\n\n<p><strong>&nbsp;&nbsp;&nbsp;&nbsp;&nbsp;&nbsp;&nbsp;&nbsp;&nbsp;&nbsp;&nbsp; &nbsp;\n2) <\/strong>++ Konstantego i Mariann\u0119 Kopacz\u00f3w \u2013 modli si\u0119 c\u00f3rka\nz rodzin\u0105<\/p>\n\n\n\n<p><strong>12.3o\n\u2013 1) <\/strong>w 2 rocz. urodzin Oliwii\nKozak dzi\u0119kczynna za otrzymane \u0142aski z pro\u015bb\u0105 o zdrowie, dary Ducha\u00a0\u015awi\u0119tego, Bo\u017ce b\u0142ogos\u0142awie\u0144stwo, , opiek\u0119 NMP i \u015bw. Patron\u00f3w \u2013 modli si\u0119 babcia i rodzice z rodzin\u0105<\/p>\n\n\n\n<p><strong>&nbsp;&nbsp;&nbsp;&nbsp;&nbsp;&nbsp;&nbsp;&nbsp;&nbsp;&nbsp;&nbsp; &nbsp;\n2)<\/strong> ++ z rodziny So\u015bnickich i Opalskich \u2013 modli si\u0119 rodzina\n<\/p>\n\n\n\n<p><strong>14.oo\n\u2013<\/strong> Msza do\u017cynkowa \u2013 dzi\u0119kczynna za tegoroczne plony<\/p>\n\n\n\n<p><strong>18.oo\n\u2013 1) + Micha\u0142a Skocznia gregorianka 26<\/strong> <\/p>\n\n\n\n<p><strong>&nbsp;&nbsp;&nbsp;&nbsp;&nbsp;&nbsp;&nbsp;&nbsp;&nbsp;&nbsp;&nbsp; &nbsp;\n2) <\/strong>++ Mari\u0119 Machtylsk\u0105, Iren\u0119\ni Eugeniusza Rogal\u00f3w, Aniel\u0119 i Jana \u0141owisz\u00f3w<strong>\n&nbsp;&nbsp;<\/strong>&nbsp;<\/p>\n\n\n\n<p><strong>28.08<em>. \u2013 PONIEDZIA\u0141EK<\/em><\/strong><\/p>\n\n\n\n<p><strong>&nbsp; &nbsp;&nbsp;7.oo \u2013 <\/strong>&nbsp;<strong>+\nMicha\u0142a Skocznia gregorianka 27<\/strong><\/p>\n\n\n\n<p><strong>18.oo\n\u2013 &nbsp;<\/strong>++ Jana, Antoniego i Paraskiewi\u0119 Budzi\u0144skich \u2013 modli si\u0119 rodzina<\/p>\n\n\n\n<p><strong>29.08<em>. &#8211; WTOREK<\/em><\/strong><em><\/em><\/p>\n\n\n\n<p><strong>7.oo\n\u2013 + Micha\u0142a Skocznia gregorianka 28<\/strong><\/p>\n\n\n\n<p><strong>18.oo\n\u2013 <\/strong>w 13 rocz. \u015blubu Agnieszki i Huberta oraz za ich\nsyna Paw\u0142a dzi\u0119kczynna z pro\u015bb\u0105 o zdrowie,\u00a0\u00a0dary Ducha \u015awi\u0119tego, Bo\u017ce b\u0142ogos\u0142awie\u0144stwo i opiek\u0119 NMP \u2013 modli si\u0119 rodzina<\/p>\n\n\n\n<p><strong>30.08<em>. \u2013 \u015aRODA <\/em><\/strong><\/p>\n\n\n\n<p><strong>&nbsp; 7.oo \u2013 + Micha\u0142a Skocznia gregorianka 29<\/strong><\/p>\n\n\n\n<p><strong>18.oo\n\u2013&nbsp; intencja zbiorowa nowennowa:<\/strong><\/p>\n\n\n\n<p><strong>1)<\/strong>\n+ Jana Pietrzaka w 6 rocz. \u015bm. \u2013 modli si\u0119 \u017cona<\/p>\n\n\n\n<p><strong>2)<\/strong>\n+ Mari\u0119 \u0141uck\u0105 w 2 rocz. \u015bm. \u2013 modli si\u0119 rodzina<\/p>\n\n\n\n<p><strong>3)<\/strong> ++ J\u00f3zefa w 14 rocz. \u015bm. i Teres\u0119 w 2 rocz. \u015bm. z\nrodziny Ma\u0142eckich oraz ++ ich rodzic\u00f3w  i rodze\u0144stwo \u2013 modli si\u0119 rodzina<\/p>\n\n\n\n<p><strong>4)<\/strong> Dari\u0119 Marczuk &#8211; 30 dzie\u0144 od pogrzebu &#8211;\nintencja od uczestnik\u00f3w Mszy pogrzebowej<\/p>\n\n\n\n<p><strong>5)<\/strong>\n+ Jana Kozaka \u2013 modl\u0105 si\u0119 Janek i Janina Rybakowie z rodzin\u0105 z Czermina<\/p>\n\n\n\n<p><strong>6)<\/strong>\n+ babci\u0119 Tekl\u0119 Olejarnik w 40 rocz. \u015bm.&nbsp; \u2013\nmodli si\u0119 wnuczka z rodzin\u0105<\/p>\n\n\n\n<p><strong>7)<\/strong>\no zdrowie dla Justyny i opiek\u0119 NMP<\/p>\n\n\n\n<p><strong>8)<\/strong>\nw intencji Panu Bogu wiadomej<\/p>\n\n\n\n<p><strong>9)<\/strong>\no nawr\u00f3cenie w rodzinie i przyst\u0105pienie do sakrament\u00f3w \u015bwi\u0119tych<\/p>\n\n\n\n<p><strong>31.08<em>. \u2013 CZWARTEK <\/em><\/strong><em>&nbsp;<\/em><\/p>\n\n\n\n<p><strong>&nbsp; 7.oo \u2013<\/strong> ++ rodzic\u00f3w: Jadwig\u0119 i\nWiktora \u2013 modli si\u0119 c\u00f3rka z dzie\u0107mi<\/p>\n\n\n\n<p><strong>18.oo\n\u2013 1) + Micha\u0142a Skocznia gregorianka 30<\/strong> <\/p>\n\n\n\n<p><strong>&nbsp;&nbsp;&nbsp;&nbsp;&nbsp;&nbsp;&nbsp;&nbsp;&nbsp;&nbsp;&nbsp; &nbsp;\n2) <\/strong>w 5 rocz. \u015blubu Teresy i\nFranciszka Szpularz\u00f3w dzi\u0119kczynna za otrzymane \u0142aski z pro\u015bb\u0105 \u00a0 o zdrowie, Bo\u017ce b\u0142ogos\u0142awie\u0144stwo, dary Ducha \u015awi\u0119tego, opiek\u0119 NMP i \u015bw. Patron\u00f3w \u00a0\u00a0 \u2013 modl\u0105 si\u0119 dzieci, wnuki i prawnuczka <\/p>\n\n\n\n<p><strong>01.09<em>. \u2013 PI\u0104TEK<\/em><\/strong><\/p>\n\n\n\n<p><strong>&nbsp;7.oo \u2013<\/strong> &nbsp;<strong>1) <\/strong>+ Grzegorza i dusze w czy\u015b\u0107cu cierpi\u0105ce\n<\/p>\n\n\n\n<p><strong>&nbsp;&nbsp;&nbsp;&nbsp;&nbsp;&nbsp;&nbsp;&nbsp;&nbsp;&nbsp;&nbsp; &nbsp;\n2)<\/strong> w dniu imienin siostry\nBronis\u0142awy dzi\u0119kczynna za wszelkie dobro i \u0142aski z pro\u015bb\u0105 o dalsze Bo\u017ce \u00a0b\u0142ogos\u0142awie\u0144stwo i opiek\u0119 NMP \u2013 modl\u0105 si\u0119 najbli\u017csi <\/p>\n\n\n\n<p>&nbsp;&nbsp;&nbsp;&nbsp;&nbsp;&nbsp;&nbsp;&nbsp;&nbsp;&nbsp;&nbsp; <strong>&nbsp;&nbsp;\n3)<\/strong> w intencji Ojczyzny<\/p>\n\n\n\n<p><strong>18.oo\n\u2013 1) <\/strong>+ Piotra Dynia w 1 rocz. \u015bm. \u2013 modli si\u0119 rodzina<\/p>\n\n\n\n<p><strong>&nbsp;&nbsp;&nbsp;&nbsp;&nbsp;&nbsp;&nbsp;&nbsp;&nbsp;&nbsp;&nbsp; &nbsp;\n2)<\/strong> + J\u00f3zef\u0119 Dobis w 11 rocz. \u015bm. \u2013 modli si\u0119 rodzina <\/p>\n\n\n\n<p><strong><em>02.09.\n\u2013 SOBOTA<\/em><\/strong><\/p>\n\n\n\n<p><strong>&nbsp; &nbsp;&nbsp;7.oo\n\u2013<\/strong>\n<\/p>\n\n\n\n<p><strong>18.oo\n\u2013 1) <\/strong>Intencja wynagradzaj\u0105ca\nNiepokalanemu Sercu NMP <\/p>\n\n\n\n<p><strong>&nbsp;&nbsp;&nbsp;&nbsp;&nbsp;&nbsp;&nbsp;&nbsp;&nbsp;&nbsp;&nbsp; &nbsp;\n2)<\/strong> w 17 rocz.\n\u015blubu Iwony i Grzegorza dzi\u0119kczynna za otrzymane \u0142aski z pro\u015bb\u0105 o zdrowie, \u00a0 Bo\u017ce b\u0142ogos\u0142awie\u0144stwo, dary Ducha \u015awi\u0119tego, opiek\u0119 NMP i \u015bw. Patron\u00f3w <\/p>\n\n\n\n<p><strong><em>03.09.\n\u2013 NIEDZIELA&nbsp; <\/em><\/strong><\/p>\n\n\n\n<p><strong>&nbsp; 8.oo \u2013 1) <\/strong>+ m\u0119\u017ca Bogdana w 20 rocz. \u015bm., ++ rodzic\u00f3w z obu stron: Katarzyn\u0119 i\nAndrzeja, Kazimier\u0119 \u00a0 i Wac\u0142awa oraz ++ z rodziny \u2013 modli si\u0119 rodzina <\/p>\n\n\n\n<p><strong>&nbsp;&nbsp;&nbsp;&nbsp;&nbsp;&nbsp;&nbsp;&nbsp;&nbsp;&nbsp;&nbsp; &nbsp;\n2)<\/strong> ++ rodzic\u00f3w Mari\u0119 i J\u00f3zefa Mizier\u00f3w, dziadk\u00f3w: Ann\u0119\ni Krzysztofa, Paraskiewi\u0119 i Jana oraz \u00a0\u00a0Stanis\u0142awa Bednarza \u2013 modli si\u0119 rodzina<\/p>\n\n\n\n<p><strong>&nbsp; 9.3o \u2013 <\/strong>&nbsp;&nbsp;<strong>\u2013 <\/strong>&nbsp;w 60\nrocz. urodzin Piotra dzi\u0119kczynna za otrzymane \u0142aski z pro\u015bb\u0105 o zdrowie, Bo\u017ce \u00a0b\u0142ogos\u0142awie\u0144stwo, dary Ducha \u015awi\u0119tego, opiek\u0119 NMP i \u015bw. Patron\u00f3w na dalsze lata \u017cycia<\/p>\n\n\n\n<p><strong>11.oo\n\u2013 1)<\/strong> zaj. P. \u017belazko<strong>\n<\/strong><\/p>\n\n\n\n<p><strong>&nbsp;&nbsp;&nbsp; 2) \u2013 <\/strong>&nbsp;w\nrocz. urodzin Jana dzi\u0119kczynna za otrzymane \u0142aski z pro\u015bb\u0105 o zdrowie, Bo\u017ce\nb\u0142ogos\u0142awie\u0144stwo,\u00a0dary Ducha \u015awi\u0119tego, opiek\u0119 NMP i \u015bw. Patron\u00f3w na dalsze lata \u017cycia \u2013 modli si\u0119 rodzina <\/p>\n\n\n\n<p><strong>12.3o\n\u2013 1) <\/strong>w 1 rocz. urodzin \u0141ucji\nPytlarz oraz za jej rodzic\u00f3w chrzestnych: Katarzyn\u0119 i Mariusza \u00a0dzi\u0119kczynna z pro\u015bb\u0105 o zdrowie, Bo\u017ce b\u0142ogos\u0142awie\u0144stwo, dary Ducha \u015awi\u0119tego, opiek\u0119 NMP\u00a0i \u015bw. Patron\u00f3w\u00a0 \u2013 modli si\u0119 rodzina<\/p>\n\n\n\n<p><strong>&nbsp;&nbsp;&nbsp;&nbsp;&nbsp;&nbsp;&nbsp;&nbsp;&nbsp;&nbsp;&nbsp; &nbsp;\n2)<\/strong> zaj. P. Kuszyk<\/p>\n\n\n\n<p><strong>18.oo\n\u2013 <\/strong>zaj. P. Radzik<\/p>\n","protected":false},"excerpt":{"rendered":"<p>Sk\u0142adaj\u0105c Ofiar\u0119, kt\u00f3ra nam przypomina niezmierzon\u0105 mi\u0142o\u015b\u0107 Twojego Syna, pokornie prosimy Ci\u0119, Bo\u017ce, przyjmij intencje Twoich wiernych i spraw przez dzia\u0142anie Eucharystii, aby w naszych rodzinach wzrasta\u0142a prawdziwa wiara, \u015bwi\u0119to\u015b\u0107 \u017cycia, braterska mi\u0142o\u015b\u0107 i duch modlitwy. Niech Matka Naj\u015bwi\u0119tsza wyprosi \u0142aski, o kt\u00f3re modlili\u015bmy si\u0119 w tej Mszy \u015bw. dla&#8230; <a class=\"continue-reading-link\" href=\"http:\/\/parafia.scinawa.info\/index.php\/2023\/08\/26\/intencje-mszalne-27-08-03-09-2023\/\">Czytaj dalej <span class=\"meta-nav\">&rarr; <\/span><\/a><\/p>\n","protected":false},"author":2,"featured_media":0,"comment_status":"closed","ping_status":"closed","sticky":false,"template":"","format":"standard","meta":{"footnotes":""},"categories":[39],"tags":[],"class_list":["post-2415","post","type-post","status-publish","format-standard","hentry","category-intencje"],"_links":{"self":[{"href":"http:\/\/parafia.scinawa.info\/index.php\/wp-json\/wp\/v2\/posts\/2415","targetHints":{"allow":["GET"]}}],"collection":[{"href":"http:\/\/parafia.scinawa.info\/index.php\/wp-json\/wp\/v2\/posts"}],"about":[{"href":"http:\/\/parafia.scinawa.info\/index.php\/wp-json\/wp\/v2\/types\/post"}],"author":[{"embeddable":true,"href":"http:\/\/parafia.scinawa.info\/index.php\/wp-json\/wp\/v2\/users\/2"}],"replies":[{"embeddable":true,"href":"http:\/\/parafia.scinawa.info\/index.php\/wp-json\/wp\/v2\/comments?post=2415"}],"version-history":[{"count":2,"href":"http:\/\/parafia.scinawa.info\/index.php\/wp-json\/wp\/v2\/posts\/2415\/revisions"}],"predecessor-version":[{"id":2417,"href":"http:\/\/parafia.scinawa.info\/index.php\/wp-json\/wp\/v2\/posts\/2415\/revisions\/2417"}],"wp:attachment":[{"href":"http:\/\/parafia.scinawa.info\/index.php\/wp-json\/wp\/v2\/media?parent=2415"}],"wp:term":[{"taxonomy":"category","embeddable":true,"href":"http:\/\/parafia.scinawa.info\/index.php\/wp-json\/wp\/v2\/categories?post=2415"},{"taxonomy":"post_tag","embeddable":true,"href":"http:\/\/parafia.scinawa.info\/index.php\/wp-json\/wp\/v2\/tags?post=2415"}],"curies":[{"name":"wp","href":"https:\/\/api.w.org\/{rel}","templated":true}]}}