{"id":2418,"date":"2023-09-02T12:04:18","date_gmt":"2023-09-02T10:04:18","guid":{"rendered":"http:\/\/parafia.scinawa.info\/?p=2418"},"modified":"2023-09-02T12:08:15","modified_gmt":"2023-09-02T10:08:15","slug":"intencje-mszalne-03-09-10-09-2023","status":"publish","type":"post","link":"http:\/\/parafia.scinawa.info\/index.php\/2023\/09\/02\/intencje-mszalne-03-09-10-09-2023\/","title":{"rendered":"INTENCJE MSZALNE 03.09. \u2013 10.09. 2023"},"content":{"rendered":"\n<p><strong><em>Sk\u0142adaj\u0105c\nOfiar\u0119, kt\u00f3ra nam przypomina niezmierzon\u0105 mi\u0142o\u015b\u0107 Twojego Syna, pokornie prosimy\nCi\u0119, Bo\u017ce, przyjmij intencje Twoich wiernych i spraw przez dzia\u0142anie\nEucharystii, aby w naszych rodzinach wzrasta\u0142a prawdziwa wiara, \u015bwi\u0119to\u015b\u0107 \u017cycia,\nbraterska mi\u0142o\u015b\u0107 i duch modlitwy. <\/em><\/strong><strong>Niech\nMatka Naj\u015bwi\u0119tsza wyprosi \u0142aski, o kt\u00f3re modlili\u015bmy si\u0119 w tej Mszy \u015bw. dla \u2026\nZa\u015b zmar\u0142ym \u2026 za kt\u00f3rych odprawiali\u015bmy Msz\u0119 \u015bw.: wieczny odpoczynek racz im\nda\u0107 Panie (\u2026); niech odpoczywaj\u0105 w pokoju wiecznym. Amen<\/strong><\/p>\n\n\n\n<p><strong>03.09<em>. &#8211; NIEDZIELA&nbsp; <\/em><\/strong><em><\/em><\/p>\n\n\n\n<p><strong>8.oo\n\u2013 1) <\/strong>+ m\u0119\u017ca Bogdana w 20 rocz.\n\u015bm., ++ rodzic\u00f3w z obu stron: Katarzyn\u0119 i Andrzeja, Kazimier\u0119 i Wac\u0142awa oraz ++ z rodziny \u2013 modli si\u0119 rodzina <\/p>\n\n\n\n<p><strong>&nbsp;&nbsp;&nbsp;&nbsp;&nbsp;&nbsp;&nbsp;&nbsp;&nbsp;&nbsp;&nbsp; &nbsp;\n2)<\/strong> ++ rodzic\u00f3w Mari\u0119 i J\u00f3zefa Mizier\u00f3w, dziadk\u00f3w: Ann\u0119\ni Krzysztofa, Paraskiewi\u0119 i Jana oraz \u00a0\u00a0Stanis\u0142awa Bednarza \u2013 modli si\u0119 rodzina<\/p>\n\n\n\n<p><strong>&nbsp; 9.3o \u2013 <\/strong>&nbsp;&nbsp;<strong>\u2013 <\/strong>&nbsp;w 60\nrocz. urodzin Piotra oraz w 34 rocz. \u015blubu Piotra i El\u017cbiety dzi\u0119kczynna za\notrzymane \u00a0 \u0142aski z pro\u015bb\u0105 o zdrowie, Bo\u017ce b\u0142ogos\u0142awie\u0144stwo, dary Ducha \u015awi\u0119tego, opiek\u0119 NMP  i \u015bw. Patron\u00f3w na dalsze lata \u017cycia<\/p>\n\n\n\n<p><strong>11.oo\n\u2013 1)<\/strong> w 40 rocz. \u015blubu Wies\u0142awy i Henryka \u017belazk\u00f3w dzi\u0119kczynna\nza otrzymane \u0142aski z pro\u015bb\u0105  o zdrowie, Bo\u017ce b\u0142ogos\u0142awie\u0144stwo, dary Ducha \u015awi\u0119tego, opiek\u0119 NMP i \u015bw. Patron\u00f3w na \u00a0dalsze lata \u017cycia<strong> <\/strong><\/p>\n\n\n\n<p><strong>&nbsp;&nbsp;&nbsp; 2) \u2013 <\/strong>&nbsp;w\nrocz. urodzin Jana dzi\u0119kczynna za otrzymane \u0142aski z pro\u015bb\u0105 o zdrowie, Bo\u017ce\nb\u0142ogos\u0142awie\u0144stwo, \u00a0dary Ducha \u015awi\u0119tego, opiek\u0119 NMP i \u015bw. Patron\u00f3w na dalsze lata \u017cycia \u2013 modli si\u0119 rodzina <\/p>\n\n\n\n<p><strong>12.3o\n\u2013 1) <\/strong>w 1 rocz. urodzin \u0141ucji\nPytlarz oraz za jej rodzic\u00f3w chrzestnych: Katarzyn\u0119 i Mariusza \u00a0dzi\u0119kczynna z pro\u015bb\u0105 o zdrowie, Bo\u017ce b\u0142ogos\u0142awie\u0144stwo, dary Ducha \u015awi\u0119tego, opiek\u0119 NMP\u00a0\u00a0i \u015bw. Patron\u00f3w\u00a0 \u2013 modli si\u0119 rodzina<\/p>\n\n\n\n<p><strong>&nbsp;&nbsp;&nbsp;&nbsp;&nbsp;&nbsp;&nbsp;&nbsp;&nbsp;&nbsp;&nbsp; &nbsp;\n2)<\/strong> zaj. P. Kuszyk<\/p>\n\n\n\n<p><strong>18.oo\n\u2013 <\/strong>zaj. P. Radzik<strong>\n&nbsp;&nbsp;<\/strong>&nbsp;<\/p>\n\n\n\n<p><strong>04.09<em>. \u2013 PONIEDZIA\u0141EK<\/em><\/strong><\/p>\n\n\n\n<p><strong>&nbsp; &nbsp;&nbsp;7.oo \u2013 <\/strong>&nbsp;<strong>1) <\/strong>dzi\u0119kczynna za otrzymane \u0142aski z pro\u015bb\u0105 o\nzdrowie, Bo\u017ce b\u0142ogos\u0142awie\u0144stwo, dary Ducha  \u015awi\u0119tego, opiek\u0119 NMP i \u015bw. Patron\u00f3w dla rodziny Tyndyk\u00f3w<\/p>\n\n\n\n<p><strong>&nbsp;&nbsp;&nbsp;&nbsp;&nbsp;&nbsp;&nbsp;&nbsp;&nbsp;&nbsp;&nbsp; &nbsp;\n2)<\/strong><\/p>\n\n\n\n<p><strong>&nbsp; &nbsp;8.oo \u2013\n<\/strong>&nbsp;w int. dzieci, m\u0142odzie\u017cy, nauczycieli,\nkatechet\u00f3w i wychowawc\u00f3w z racji nowego roku szkolnego<\/p>\n\n\n\n<p><strong>18.oo\n\u2013 1) <\/strong>&nbsp;++ Krystyn\u0119 i\nStanis\u0142awa Bentkowskich oraz ++ z obu stron<\/p>\n\n\n\n<p><strong>&nbsp;&nbsp;&nbsp;&nbsp;&nbsp;&nbsp;&nbsp;&nbsp;&nbsp;&nbsp;&nbsp; &nbsp;\n2)<\/strong> + Jana Kozaka &#8211;\n30 dzie\u0144 od pogrzebu &#8211; intencja od uczestnik\u00f3w Mszy pogrzebowej<\/p>\n\n\n\n<p><strong>05.09<em>. &#8211; WTOREK<\/em><\/strong><em><\/em><\/p>\n\n\n\n<p><strong>7.oo\n\u2013 1) <\/strong>+ syna Wies\u0142awa w 20 rocz.\n\u015bm. oraz ++ rodzic\u00f3w z obu stron \u2013 modli si\u0119 rodzina\n<\/p>\n\n\n\n<p><strong>2)<\/strong><\/p>\n\n\n\n<p><strong>18.oo\n\u2013 <\/strong>w 54 rocz. urodzin Janiny dzi\u0119kczynna za otrzymane\n\u0142aski z pro\u015bb\u0105 o zdrowie, Bo\u017ce\u00a0 b\u0142ogos\u0142awie\u0144stwo, dary Ducha \u015awi\u0119tego i opiek\u0119 NMP i \u015bw. Patron\u00f3w<\/p>\n\n\n\n<p><strong>06.09<em>. \u2013 \u015aRODA <\/em><\/strong><\/p>\n\n\n\n<p><strong>&nbsp; 7.oo \u2013 <\/strong><\/p>\n\n\n\n<p><strong>18.oo\n\u2013&nbsp; intencja zbiorowa nowennowa:<\/strong><\/p>\n\n\n\n<p><strong>1)<\/strong>\n++ Stanis\u0142aw\u0119 i Franciszka Jakubowicz\u00f3w \u2013 modl\u0105 si\u0119 c\u00f3rki, zi\u0119ciowie, wnuki i\nprawnuki<\/p>\n\n\n\n<p><strong>2)<\/strong>\n+ mam\u0119 Ew\u0119 Skoczylas w 9 rocz. \u015bm. \u2013 modli si\u0119 rodzina<\/p>\n\n\n\n<p><strong>3)<\/strong> + Antoniego Jagie\u0142\u0142\u0119 w 70 rocz. ziemskich urodzin \u2013\nmodli si\u0119 \u017cona z dzie\u0107mi i wnukami<\/p>\n\n\n\n<p><strong>4)<\/strong> + Ludwik\u0119 Szmigielsk\u0105 \u2013 modli si\u0119 rodzina<\/p>\n\n\n\n<p><strong>5)<\/strong> za wnuki, kt\u00f3re rozpoczynaj\u0105 nowy rok szkolny z pro\u015bb\u0105 o zdrowie, Bo\u017ce b\u0142ogos\u0142awie\u0144stwo, dary\u00a0Ducha \u015awi\u0119tego, opiek\u0119 NMP i \u015bw. Patron\u00f3w \u2013 modli si\u0119 babcia<\/p>\n\n\n\n<p><strong>6)<\/strong> ++ Stanis\u0142awa Anielskiego i Stanis\u0142awa W\u0105sika<\/p>\n\n\n\n<p><strong>7)\n<\/strong><\/p>\n\n\n\n<p><strong>07.09<em>. \u2013 CZWARTEK <\/em><\/strong><em>&nbsp;<\/em><\/p>\n\n\n\n<p><strong>&nbsp; 7.oo \u2013<\/strong> &nbsp;o powo\u0142ania i za powo\u0142anych- modli si\u0119 Towarzystwo\nPrzyjaci\u00f3\u0142 Seminarium<\/p>\n\n\n\n<p><strong>18.oo\n\u2013 1) <\/strong>++ Adama w 25 rocz. \u015bm. i\nKlementyn\u0119 Mazur\u00f3w, ++ dziadk\u00f3w z obu stron, doktor Zin\u0119 \u00a0 i dusze w czy\u015b\u0107cu cierpi\u0105ce <\/p>\n\n\n\n<p><strong>&nbsp;&nbsp;&nbsp;&nbsp;&nbsp;&nbsp;&nbsp;&nbsp;&nbsp;&nbsp;&nbsp; &nbsp;\n2) <\/strong><\/p>\n\n\n\n<p><strong>08.09<em>. \u2013 PI\u0104TEK<\/em><\/strong><\/p>\n\n\n\n<p><strong>&nbsp; 7.oo \u2013<\/strong> &nbsp;<\/p>\n\n\n\n<p><strong>18.oo\n\u2013<\/strong> + Alicj\u0119 Chmielowsk\u0105 \u2013 modli si\u0119 rodzina Huzar\u00f3w<\/p>\n\n\n\n<p><strong><em>09.09.\n\u2013 SOBOTA<\/em><\/strong><\/p>\n\n\n\n<p><strong>&nbsp; 7.oo \u2013<\/strong> <\/p>\n\n\n\n<p><strong>15.oo\n\u2013<\/strong> \u015blub: \u0141epek &#8211; Kulczycka<\/p>\n\n\n\n<p><strong>18.oo\n\u2013 1) <\/strong>++ Stanis\u0142aw\u0119 i Kazimierza\nZab\u0142ockich \u2013 modl\u0105 si\u0119 dzieci z rodzinami <\/p>\n\n\n\n<p><strong>&nbsp;&nbsp;&nbsp;&nbsp;&nbsp;&nbsp;&nbsp;&nbsp;&nbsp;&nbsp;&nbsp; 2)<\/strong> w 1 rocz.\nurodzin Krzysztofa i w 4 rocz. urodzin Szymona Witowskich dzi\u0119kczynna za otrzymane \u00a0\u0142aski z pro\u015bb\u0105 o zdrowie, Bo\u017ce b\u0142ogos\u0142awie\u0144stwo, dary Ducha \u015awi\u0119tego, opiek\u0119 NMP i \u015bw. \u00a0 Patron\u00f3w &#8211; modl\u0105 si\u0119 dziadek i babcia<\/p>\n\n\n\n<p><strong><em>10.09.\n\u2013 NIEDZIELA&nbsp; <\/em><\/strong><\/p>\n\n\n\n<p><strong>&nbsp; 8.oo \u2013 1) <\/strong>++ rodzic\u00f3w: Jana w 42 rocz. \u015bm. i Helen\u0119 St\u0119pieni\u00f3w oraz brata Zygmunta \u2013\nmodl\u0105 si\u0119 c\u00f3rki \u00a0 i siostry z rodzinami <\/p>\n\n\n\n<p><strong>&nbsp;&nbsp;&nbsp;&nbsp;&nbsp;&nbsp;&nbsp;&nbsp;&nbsp;&nbsp;&nbsp; &nbsp;&nbsp;2)<\/strong>\nzaj. P. Koszty\u0142a<\/p>\n\n\n\n<p><strong>&nbsp; 9.3o \u2013 <\/strong>&nbsp;++ Micha\u0142a w 6 rocz. \u015bm. i Kazimier\u0119, ++ z\nrodziny Babij\u00f3w, Arciszewskich, Urba\u0144skich,  Marynowicz\u00f3w, Baran\u00f3w, Malisz\u00f3w oraz za dusze w czy\u015b\u0107cu cierpi\u0105ce, + siostr\u0119 Agnieszk\u0119\u00a0Jadwi\u017cank\u0119, ++ przyjaci\u00f3\u0142 i znajomych \u2013 modli si\u0119 rodzina<\/p>\n\n\n\n<p><strong>11.oo \u2013 1) <\/strong>w 35 rocz. \u015blubu El\u017cbiety i Jana dzi\u0119kczynna za otrzymane \u0142aski z pro\u015bb\u0105 o zdrowie, Bo\u017ce\u00a0b\u0142ogos\u0142awie\u0144stwo, dary Ducha \u015awi\u0119tego, opiek\u0119 NMP i \u015bw. Patron\u00f3w na dalsze lata \u017cycia \u2013 modli si\u0119 rodzina<\/p>\n\n\n\n<p><strong>&nbsp;&nbsp;&nbsp;&nbsp;&nbsp;&nbsp;&nbsp;&nbsp;&nbsp;&nbsp;&nbsp; &nbsp;\n2) <\/strong>++ z rodziny Droni\u00f3w,\nW\u0142adys\u0142aw\u0119 i Jolant\u0119 z rodziny Laszczy\u0144skich oraz Wiolett\u0119 Cywi\u0144sk\u0105  \u2013 modli si\u0119 J\u00f3zefa z m\u0119\u017cem <\/p>\n\n\n\n<p><strong>12.3o\n\u2013 1) <\/strong>++ rodzic\u00f3w: Tekl\u0119 i\nMicha\u0142a Nowak\u00f3w \u2013 modl\u0105 si\u0119 syn i c\u00f3rka z rodzinami<\/p>\n\n\n\n<p><strong>&nbsp;&nbsp;&nbsp;&nbsp;&nbsp;&nbsp;&nbsp;&nbsp;&nbsp;&nbsp;&nbsp; &nbsp;\n2)<\/strong> ++ Genowef\u0119 i W\u0142adys\u0142awa Wojd\u00f3w \u2013 modli si\u0119 siostrzeniec\nz rodzin\u0105<\/p>\n\n\n\n<p><strong>18.oo\n\u2013 <\/strong>zaj. P. Mazur<\/p>\n","protected":false},"excerpt":{"rendered":"<p>Sk\u0142adaj\u0105c Ofiar\u0119, kt\u00f3ra nam przypomina niezmierzon\u0105 mi\u0142o\u015b\u0107 Twojego Syna, pokornie prosimy Ci\u0119, Bo\u017ce, przyjmij intencje Twoich wiernych i spraw przez dzia\u0142anie Eucharystii, aby w naszych rodzinach wzrasta\u0142a prawdziwa wiara, \u015bwi\u0119to\u015b\u0107 \u017cycia, braterska mi\u0142o\u015b\u0107 i duch modlitwy. Niech Matka Naj\u015bwi\u0119tsza wyprosi \u0142aski, o kt\u00f3re modlili\u015bmy si\u0119 w tej Mszy \u015bw. dla&#8230; <a class=\"continue-reading-link\" href=\"http:\/\/parafia.scinawa.info\/index.php\/2023\/09\/02\/intencje-mszalne-03-09-10-09-2023\/\">Czytaj dalej <span class=\"meta-nav\">&rarr; <\/span><\/a><\/p>\n","protected":false},"author":2,"featured_media":0,"comment_status":"closed","ping_status":"closed","sticky":false,"template":"","format":"standard","meta":{"footnotes":""},"categories":[39],"tags":[],"class_list":["post-2418","post","type-post","status-publish","format-standard","hentry","category-intencje"],"_links":{"self":[{"href":"http:\/\/parafia.scinawa.info\/index.php\/wp-json\/wp\/v2\/posts\/2418","targetHints":{"allow":["GET"]}}],"collection":[{"href":"http:\/\/parafia.scinawa.info\/index.php\/wp-json\/wp\/v2\/posts"}],"about":[{"href":"http:\/\/parafia.scinawa.info\/index.php\/wp-json\/wp\/v2\/types\/post"}],"author":[{"embeddable":true,"href":"http:\/\/parafia.scinawa.info\/index.php\/wp-json\/wp\/v2\/users\/2"}],"replies":[{"embeddable":true,"href":"http:\/\/parafia.scinawa.info\/index.php\/wp-json\/wp\/v2\/comments?post=2418"}],"version-history":[{"count":2,"href":"http:\/\/parafia.scinawa.info\/index.php\/wp-json\/wp\/v2\/posts\/2418\/revisions"}],"predecessor-version":[{"id":2420,"href":"http:\/\/parafia.scinawa.info\/index.php\/wp-json\/wp\/v2\/posts\/2418\/revisions\/2420"}],"wp:attachment":[{"href":"http:\/\/parafia.scinawa.info\/index.php\/wp-json\/wp\/v2\/media?parent=2418"}],"wp:term":[{"taxonomy":"category","embeddable":true,"href":"http:\/\/parafia.scinawa.info\/index.php\/wp-json\/wp\/v2\/categories?post=2418"},{"taxonomy":"post_tag","embeddable":true,"href":"http:\/\/parafia.scinawa.info\/index.php\/wp-json\/wp\/v2\/tags?post=2418"}],"curies":[{"name":"wp","href":"https:\/\/api.w.org\/{rel}","templated":true}]}}