{"id":2430,"date":"2023-09-16T11:12:26","date_gmt":"2023-09-16T09:12:26","guid":{"rendered":"http:\/\/parafia.scinawa.info\/?p=2430"},"modified":"2023-09-16T11:12:59","modified_gmt":"2023-09-16T09:12:59","slug":"ogloszenia-duszpasterskie-24-niedziela-zwykla-17-09-2023","status":"publish","type":"post","link":"http:\/\/parafia.scinawa.info\/index.php\/2023\/09\/16\/ogloszenia-duszpasterskie-24-niedziela-zwykla-17-09-2023\/","title":{"rendered":"Og\u0142oszenia duszpasterskie  24 Niedziela zwyk\u0142a \u2013 17.09. 2023"},"content":{"rendered":"\n<p><strong>1<\/strong><strong>.<\/strong> Dzi\u015b prze\u017cywamy\n<strong>24 Niedziel\u0119 zwyk\u0142\u0105<\/strong>. Msze \u015bw. wed\u0142ug\nporz\u0105dku niedzielnego. <\/p>\n\n\n\n<p><strong>3.<\/strong>\nCodziennie spowied\u017a i adoracja Naj\u015bwi\u0119tszego Sakramentu o godz. <strong>17<sup>00<\/sup>.<\/strong><\/p>\n\n\n\n<p><strong>4. <\/strong><strong>W tym tygodniu nabo\u017ce\u0144stwa:<\/strong><\/p>\n\n\n\n<p>&#8211; codziennie nowenna do\n\u015bw. Ojca <em>Pio o godz. <\/em>17<sup>30<\/sup> i dodatkowo: <\/p>\n\n\n\n<p><strong>&#8211; w poniedzia\u0142ek&nbsp; &nbsp;&#8211; <\/strong>nabo\u017ce\u0144stwo<strong>\n<em>do Bo\u017cego Mi\u0142osierdzia <\/em><\/strong>o <strong>17<sup>30<\/sup><\/strong><\/p>\n\n\n\n<p><strong>&#8211; we wtorek  &nbsp;&nbsp;&nbsp;&nbsp;&nbsp;&nbsp;&nbsp;&nbsp;&nbsp; &#8211; <\/strong>nabo\u017ce\u0144stwo<strong><em>\ndo \u015bw. J\u00f3zefa o godz. <\/em><\/strong><strong>17<sup>30<\/sup><\/strong><\/p>\n\n\n\n<p><strong>&#8211;<\/strong> <strong>w \u015brod\u0119<\/strong>\n&nbsp;&nbsp;&nbsp;&nbsp;&nbsp;&nbsp;&nbsp;&nbsp;&nbsp;&nbsp;&nbsp;&nbsp;&nbsp;<strong>&#8211; <\/strong>nabo\u017ce\u0144stwo<strong> <em>do<\/em><\/strong> <strong><em>NMP Nieustaj\u0105cej Pomocy<\/em><\/strong> &nbsp;o <strong>17<sup>30<\/sup><\/strong><\/p>\n\n\n\n<p><strong>&#8211; w pi\u0105tek &nbsp;&nbsp; &nbsp;&nbsp;&nbsp;&nbsp;&nbsp;&nbsp;&nbsp;&nbsp;&nbsp; &#8211; <\/strong>nabo\u017ce\u0144stwo<strong><em>\ndo \u015bw. Rity o godz. <\/em><\/strong><strong>17<sup>30<\/sup><\/strong><\/p>\n\n\n\n<p><strong>&#8211; w sobot\u0119 &nbsp; &nbsp;&nbsp;&nbsp;&nbsp;&nbsp;&nbsp;&nbsp;&nbsp;&nbsp; &#8211; <\/strong>nabo\u017ce\u0144stwo<strong><em>\ndo \u015bw. Ojca Pio o godz. <\/em><\/strong><strong>17<sup>30<\/sup><\/strong><\/p>\n\n\n\n<p><strong>5.<\/strong><strong> <\/strong>W tym tygodniu obchodzimy:<strong><\/strong><\/p>\n\n\n\n<p><strong>&#8211; w poniedzia\u0142ek &nbsp;&nbsp;&nbsp;<\/strong>&#8211; \u015bwi\u0119to \u015bw.\nStanis\u0142awa kostki, zakonnika, Patrona Polski<\/p>\n\n\n\n<p>&#8211; <strong>w \u015brod\u0119<\/strong>&nbsp;\n&nbsp;&nbsp;&nbsp;&nbsp;&nbsp;&nbsp;&nbsp;&nbsp;&nbsp;&nbsp;&nbsp;&nbsp; \u2013\n\u015bwi\u0119to \u2013 rocznica po\u015bwi\u0119cenia Ko\u015bcio\u0142a katedralnego w Legnicy<\/p>\n\n\n\n<p>&#8211; <strong>w czwartek<\/strong>&nbsp;\n&nbsp;&nbsp;&nbsp;&nbsp;&nbsp;&nbsp;&nbsp; \u2013 \u015bwi\u0119to \u015bw. Mateusza Aposto\u0142a i Ewangelisty<\/p>\n\n\n\n<p>&#8211; <strong>w\nsobot\u0119<\/strong> &nbsp;&nbsp;&nbsp;&nbsp;&nbsp;&nbsp;&nbsp;&nbsp;&nbsp;&nbsp;&nbsp; \u2013 wspomnienie \u015bw. Ojca Pio z Pietrelciny, prezbitera.<\/p>\n\n\n\n<p><strong>6<\/strong><strong>. <\/strong>W przysz\u0142\u0105 niedziel\u0119\nb\u0119dziemy prze\u017cywa\u0107 <strong>25 Niedziel\u0119 zwyk\u0142\u0105<\/strong>.\nMsze \u015bw. wed\u0142ug porz\u0105dku niedzielnego. <\/p>\n\n\n\n<p><strong>7<\/strong><strong>.<\/strong> Kancelaria\nczynna codziennie po Mszy \u015bw. wieczornej z wyj\u0105tkiem niedziel i \u015bwi\u0105t.<\/p>\n\n\n\n<p><strong>8<\/strong><strong>.<\/strong> Do nabycia jest\nprasa katolicka: Niedziela, Go\u015b\u0107 Niedzielny, Ma\u0142y GN i R\u00f3\u017caniec. <\/p>\n\n\n\n<p><strong>9<\/strong><strong>.<\/strong> Dzi\u0119kuj\u0119\nwszystkim, kt\u00f3rzy w tym tygodniu sprz\u0105tali \u015bwi\u0105tyni\u0119 i przygotowali j\u0105 na nasze\nspotkanie eucharystyczne.<\/p>\n\n\n\n<p><strong>10<\/strong><strong>.<\/strong> Serdeczne B\u00f3g\nzap\u0142a\u0107 za ofiary sk\u0142adane na remonty w naszej parafii. <\/p>\n\n\n\n<p><strong>11<\/strong><strong>.<\/strong> W czwartek o godzinie 19<sup>00<\/sup> w ko\u015bciele, odb\u0119dzie si\u0119\nspotkanie <strong>rodzic\u00f3w<\/strong> kandydat\u00f3w przygotowuj\u0105cych si\u0119 do bierzmowania z\nklas VI, VII i VIII.&nbsp; <\/p>\n\n\n\n<p><strong>12<\/strong><strong>.<\/strong> M\u0142odzie\u017c przygotowuj\u0105ca si\u0119 do bierzmowania uczestniczy we Mszy\n\u015awi\u0119tej niedzielnej o godzinie 11<sup>00<\/sup>, za\u015b dzieci bior\u0105 udzia\u0142 we Mszy\n\u015awi\u0119tej o godzinie 12<sup>30<\/sup>. Zajmujemy miejsca w pierwszych \u0142awkach od\no\u0142tarza. <\/p>\n\n\n\n<p><strong>13<\/strong><strong>.<\/strong> Serdecznie zapraszamy do wst\u0105pienia w szeregi liturgicznej s\u0142u\u017cby\no\u0142tarza. Zbi\u00f3rki kandydat\u00f3w, ministrant\u00f3w i lektor\u00f3w odbywaj\u0105 si\u0119 w <strong>ka\u017cdy\nwtorek o godzinie 16<sup>00<\/sup> w salce parafialnej.<\/strong> Zapisy u ksi\u0119dza\nTomasza po Mszy \u015awi\u0119tej lub w szkole.<\/p>\n\n\n\n<p><strong>14.<\/strong> Intencje mszalne \u2013 obrazki. <\/p>\n\n\n\n<p><em>\u017byczymy mi\u0142ego tygodnia i obfitych \u0142ask Bo\u017cych.<\/em><\/p>\n\n\n\n<p> <\/p>\n","protected":false},"excerpt":{"rendered":"<p>1. Dzi\u015b prze\u017cywamy 24 Niedziel\u0119 zwyk\u0142\u0105. Msze \u015bw. wed\u0142ug porz\u0105dku niedzielnego. 3. Codziennie spowied\u017a i adoracja Naj\u015bwi\u0119tszego Sakramentu o godz. 1700. 4. W tym tygodniu nabo\u017ce\u0144stwa: &#8211; codziennie nowenna do \u015bw. Ojca Pio o godz. 1730 i dodatkowo: &#8211; w poniedzia\u0142ek&nbsp; &nbsp;&#8211; nabo\u017ce\u0144stwo do Bo\u017cego Mi\u0142osierdzia o 1730 &#8211; we&#8230; <a class=\"continue-reading-link\" href=\"http:\/\/parafia.scinawa.info\/index.php\/2023\/09\/16\/ogloszenia-duszpasterskie-24-niedziela-zwykla-17-09-2023\/\">Czytaj dalej <span class=\"meta-nav\">&rarr; <\/span><\/a><\/p>\n","protected":false},"author":2,"featured_media":0,"comment_status":"closed","ping_status":"closed","sticky":false,"template":"","format":"standard","meta":{"footnotes":""},"categories":[40],"tags":[],"class_list":["post-2430","post","type-post","status-publish","format-standard","hentry","category-ogloszenia-duszpasterskie"],"_links":{"self":[{"href":"http:\/\/parafia.scinawa.info\/index.php\/wp-json\/wp\/v2\/posts\/2430","targetHints":{"allow":["GET"]}}],"collection":[{"href":"http:\/\/parafia.scinawa.info\/index.php\/wp-json\/wp\/v2\/posts"}],"about":[{"href":"http:\/\/parafia.scinawa.info\/index.php\/wp-json\/wp\/v2\/types\/post"}],"author":[{"embeddable":true,"href":"http:\/\/parafia.scinawa.info\/index.php\/wp-json\/wp\/v2\/users\/2"}],"replies":[{"embeddable":true,"href":"http:\/\/parafia.scinawa.info\/index.php\/wp-json\/wp\/v2\/comments?post=2430"}],"version-history":[{"count":2,"href":"http:\/\/parafia.scinawa.info\/index.php\/wp-json\/wp\/v2\/posts\/2430\/revisions"}],"predecessor-version":[{"id":2432,"href":"http:\/\/parafia.scinawa.info\/index.php\/wp-json\/wp\/v2\/posts\/2430\/revisions\/2432"}],"wp:attachment":[{"href":"http:\/\/parafia.scinawa.info\/index.php\/wp-json\/wp\/v2\/media?parent=2430"}],"wp:term":[{"taxonomy":"category","embeddable":true,"href":"http:\/\/parafia.scinawa.info\/index.php\/wp-json\/wp\/v2\/categories?post=2430"},{"taxonomy":"post_tag","embeddable":true,"href":"http:\/\/parafia.scinawa.info\/index.php\/wp-json\/wp\/v2\/tags?post=2430"}],"curies":[{"name":"wp","href":"https:\/\/api.w.org\/{rel}","templated":true}]}}