{"id":2433,"date":"2023-09-16T11:40:46","date_gmt":"2023-09-16T09:40:46","guid":{"rendered":"http:\/\/parafia.scinawa.info\/?p=2433"},"modified":"2023-09-16T11:46:14","modified_gmt":"2023-09-16T09:46:14","slug":"intencje-mszalne-17-09-23-09-2023","status":"publish","type":"post","link":"http:\/\/parafia.scinawa.info\/index.php\/2023\/09\/16\/intencje-mszalne-17-09-23-09-2023\/","title":{"rendered":"INTENCJE MSZALNE 17.09. \u2013 23.09. 2023"},"content":{"rendered":"\n<p><strong><em>Sk\u0142adaj\u0105c\nOfiar\u0119, kt\u00f3ra nam przypomina niezmierzon\u0105 mi\u0142o\u015b\u0107 Twojego Syna, pokornie prosimy\nCi\u0119, Bo\u017ce, przyjmij intencje Twoich wiernych i spraw przez dzia\u0142anie\nEucharystii, aby w naszych rodzinach wzrasta\u0142a prawdziwa wiara, \u015bwi\u0119to\u015b\u0107 \u017cycia,\nbraterska mi\u0142o\u015b\u0107 i duch modlitwy. <\/em><\/strong><strong>Niech\nMatka Naj\u015bwi\u0119tsza wyprosi \u0142aski, o kt\u00f3re modlili\u015bmy si\u0119 w tej Mszy \u015bw. dla \u2026\nZa\u015b zmar\u0142ym \u2026 za kt\u00f3rych odprawiali\u015bmy Msz\u0119 \u015bw.: wieczny odpoczynek racz im\nda\u0107 Panie (\u2026); niech odpoczywaj\u0105 w pokoju wiecznym. Amen<\/strong><\/p>\n\n\n\n<p><strong>17.09<em>. &#8211; NIEDZIELA&nbsp; <\/em><\/strong><em><\/em><\/p>\n\n\n\n<p><strong>8.oo\n\u2013 1) <\/strong>++ J\u00f3zefa w 22 rocz. \u015bm. i Kazimier\u0119 Szymczak\u00f3w, ++ dziadk\u00f3w:\nWeronik\u0119 i Stanis\u0142awa\u00a0Jakubowicz\u00f3w oraz Maryl\u0119 Sta\u0144czyk z domu Szymczak \u2013 modli si\u0119 rodzina <\/p>\n\n\n\n<p><strong>&nbsp;&nbsp;&nbsp;&nbsp;&nbsp;&nbsp;&nbsp;&nbsp;&nbsp;&nbsp;&nbsp; &nbsp;\n2)<\/strong> ++ Mari\u0119 w 18 rocz. \u015bm., Wiktora w 6 rocz. \u015bm. oraz\nStanis\u0142awa z rodziny Smola\u0144skich  \u2013 modli si\u0119 rodzina<\/p>\n\n\n\n<p>&nbsp;&nbsp;&nbsp;&nbsp;&nbsp;&nbsp; &nbsp;&nbsp;&nbsp;&nbsp;&nbsp;<strong>3)<\/strong> w intencji babci J\u00f3zefy i dziadka\nWac\u0142awa dzi\u0119kczynna za otrzymane \u0142aski z\npro\u015bb\u0105 o zdrowie, \u00a0dary Ducha \u015awi\u0119tego, Bo\u017ce b\u0142ogos\u0142awie\u0144stwo, opiek\u0119 NMP i \u015bw. Patron\u00f3w \u2013 modli si\u0119 rodzina<\/p>\n\n\n\n<p><strong>&nbsp; 9.3o \u2013 1) <\/strong>&nbsp;+ Helmuta Kerna w 6 rocz. \u015bm. \u2013 modli si\u0119 \u017cona\nRozalia z c\u00f3rkami i rodzin\u0105 <\/p>\n\n\n\n<p>&nbsp;&nbsp;&nbsp;&nbsp;&nbsp;&nbsp;&nbsp;&nbsp;&nbsp;&nbsp;&nbsp; &nbsp; <strong>2)<\/strong> ++\nrodzic\u00f3w: Danut\u0119 i Franciszka G\u00f3r\u00f3w, te\u015bci\u00f3w: Stanis\u0142aw\u0119 i J\u00f3zefa Mularczyk\u00f3w \u00a0 \u2013 modli si\u0119 rodzina<\/p>\n\n\n\n<p><strong>11.oo\n\u2013 1) <\/strong>w 1 rocz. urodzin Poli\n\u017bo\u0142y\u0144skiej dzi\u0119kczynna z pro\u015bb\u0105 o zdrowie, Bo\u017ce b\u0142ogos\u0142awie\u0144stwo, \u00a0dary Ducha \u015awi\u0119tego, opiek\u0119 NMP i \u015bw. Patron\u00f3w \u2013 modl\u0105 si\u0119 rodzice z rodzin\u0105<\/p>\n\n\n\n<p><strong>&nbsp;&nbsp;&nbsp;&nbsp;&nbsp;&nbsp;&nbsp;&nbsp;&nbsp;&nbsp;&nbsp; &nbsp;\n2) <\/strong>w intencji cz\u0142onk\u00f3w Ko\u0142a\nZwi\u0105zku Sybirak\u00f3w i ich rodzin dzi\u0119kczynna z pro\u015bb\u0105 o zdrowie,\u00a0dary Ducha \u015awi\u0119tego, Bo\u017ce b\u0142ogos\u0142awie\u0144stwo, opiek\u0119 NMP oraz ++ Sybirak\u00f3w i z ich rodzin\u00a0\u2013 modli si\u0119 Ko\u0142o Sybirak\u00f3w w \u015acinawie<\/p>\n\n\n\n<p>&nbsp;&nbsp;&nbsp;&nbsp;&nbsp;&nbsp;&nbsp;&nbsp;&nbsp;&nbsp;&nbsp; &nbsp; <strong>3)\n&nbsp;<\/strong>w 10 rocz. dzia\u0142alno\u015bci Fundacji Przysta\u0144 w intencji Zarz\u0105du, pracownik\u00f3w\ni podopiecznych\u00a0dzi\u0119kczynna za otrzymane \u0142aski z pro\u015bb\u0105 o zdrowie, Bo\u017ce b\u0142ogos\u0142awie\u0144stwo, dary Ducha \u00a0 \u015awi\u0119tego, opiek\u0119 NMP i \u015bw. Patron\u00f3w na dalsze lata dzia\u0142alno\u015bci<\/p>\n\n\n\n<p><strong>12.3o\n\u2013 1) <\/strong>w 2 rocz. urodzin Paulinki dzi\u0119kczynna za otrzymane \u0142aski z pro\u015bb\u0105 o zdrowie, dary Ducha\u00a0\u015awi\u0119tego, Bo\u017ce b\u0142ogos\u0142awie\u0144stwo, , opiek\u0119 NMP i \u015bw. Patron\u00f3w \u2013 modl\u0105 si\u0119 rodzice i dziadkowie <\/p>\n\n\n\n<p><strong>&nbsp;&nbsp;&nbsp;&nbsp;&nbsp;&nbsp;&nbsp;&nbsp;&nbsp;&nbsp;&nbsp; &nbsp;\n2)<\/strong> w 4 rocz. urodzin Malwinki dzi\u0119kczynna za otrzymane \u0142aski z pro\u015bb\u0105 o zdrowie, Bo\u017ce\u00a0b\u0142ogos\u0142awie\u0144stwo, dary Ducha \u015awi\u0119tego, opiek\u0119 NMP i \u015bw. Patron\u00f3w<\/p>\n\n\n\n<p>&nbsp;&nbsp;&nbsp;&nbsp;&nbsp;&nbsp;&nbsp;&nbsp;&nbsp;&nbsp;&nbsp;&nbsp;&nbsp;&nbsp;&nbsp;&nbsp;&nbsp;&nbsp;&nbsp;&nbsp;&nbsp;&nbsp;&nbsp;&nbsp;&nbsp;&nbsp;&nbsp;&nbsp;&nbsp;&nbsp;&nbsp;&nbsp;&nbsp;&nbsp; <strong><em>Chrzest: Hanna\nKaczmarska<\/em><\/strong><\/p>\n\n\n\n<p><strong>18.oo\n\u2013 1) <\/strong>++ Albin\u0119, Edwarda,\nTadeusza i J\u00f3zefa Kale\u0144czuk\u00f3w \u2013 modli si\u0119 rodzina <\/p>\n\n\n\n<p><strong>&nbsp;&nbsp;&nbsp;&nbsp;&nbsp;&nbsp;&nbsp;&nbsp;&nbsp;&nbsp;&nbsp; &nbsp;\n2) <\/strong>+ Dariusza Krawczyka w 2 rocz. \u015bm. \u2013 modli si\u0119 ojciec\nz rodzin\u0105<strong> &nbsp;&nbsp;<\/strong>&nbsp;<\/p>\n\n\n\n<p><strong>18.09<em>. \u2013 PONIEDZIA\u0141EK<\/em><\/strong><\/p>\n\n\n\n<p><strong>&nbsp; 7.oo \u2013 <\/strong>&nbsp;<\/p>\n\n\n\n<p><strong>14.oo\n\u2013<\/strong> + Andrzeja \u015awirskiego &#8211; pogrzebowa<\/p>\n\n\n\n<p><strong>18.oo\n\u2013 1) <\/strong>&nbsp;+ Kazimier\u0119\nBerdzik &#8211; 30 dzie\u0144 od pogrzebu &#8211; intencja od uczestnik\u00f3w Mszy pogrzebowej<\/p>\n\n\n\n<p><strong>&nbsp;&nbsp;&nbsp;&nbsp;&nbsp;&nbsp;&nbsp;&nbsp;&nbsp;&nbsp;&nbsp; &nbsp;\n2)<\/strong> + Ryszarda Wielgusa w 1\nrocz. \u015bm. \u2013 modli si\u0119 rodzina<\/p>\n\n\n\n<p><strong>19.09<em>. &#8211; WTOREK<\/em><\/strong><em><\/em><\/p>\n\n\n\n<p><strong>7.oo\n\u2013 <\/strong><\/p>\n\n\n\n<p><strong>18.oo\n\u2013 1) <\/strong>++ Czes\u0142aw\u0119 i J\u00f3zefa\nMachowiak\u00f3w, Franciszk\u0119 Jaks, Agnieszk\u0119, Jana i J\u00f3zefa M\u0142ynark\u00f3w<strong> &nbsp;<\/strong><\/p>\n\n\n\n<p><strong>&nbsp;&nbsp;&nbsp;&nbsp;&nbsp;&nbsp;&nbsp;&nbsp;&nbsp;&nbsp;&nbsp; &nbsp;\n2)<\/strong> ++ dziadk\u00f3w: Feliks\u0119 i\nMicha\u0142a Marud\u00f3w, Mari\u0119 Berus \u2013 Trychut, Stanis\u0142awa Berusa, Edwarda  Berusa, Teres\u0119 Berus-Baranowsk\u0105 oraz Macieja So\u015bnickiego<\/p>\n\n\n\n<p><strong>20.09<em>. \u2013 \u015aRODA <\/em><\/strong><\/p>\n\n\n\n<p><strong>&nbsp; 7.oo \u2013 <\/strong><\/p>\n\n\n\n<p><strong>18.oo\n\u2013&nbsp; intencja zbiorowa nowennowa:<\/strong><\/p>\n\n\n\n<p><strong>&nbsp;1)<\/strong> + Zofi\u0119 Troci\u0144sk\u0105 &#8211; 30\ndzie\u0144 od pogrzebu &#8211; intencja od uczestnik\u00f3w Mszy pogrzebowej<\/p>\n\n\n\n<p><strong>&nbsp;2)<\/strong> <\/p>\n\n\n\n<p><strong>&nbsp;3)<\/strong><\/p>\n\n\n\n<p><strong>21.09<em>. \u2013 CZWARTEK <\/em><\/strong><em>&nbsp;<\/em><\/p>\n\n\n\n<p><strong>&nbsp; 7.oo \u2013<\/strong> &nbsp;++ z rodziny Papaj\u00f3w, Kozok\u00f3w i Zalewskich \u2013\nmodli si\u0119 Gra\u017cyna z rodzin\u0105<\/p>\n\n\n\n<p><strong>18.oo\n\u2013 <\/strong>w 10 rocz. \u015blubu Moniki i Sebastiana Nykiel\u00f3w oraz\nza ich synka Wojtusia dzi\u0119kczynna za \u00a0 otrzymane \u0142aski z pro\u015bb\u0105 o zdrowie, Bo\u017ce b\u0142ogos\u0142awie\u0144stwo, dary Ducha \u015awi\u0119tego, opiek\u0119 NMP\u00a0i \u015bw. Patron\u00f3w na dalsze lata \u017cycia \u2013 modli si\u0119 rodzina<\/p>\n\n\n\n<p><strong>22.09<em>. \u2013 PI\u0104TEK<\/em><\/strong><\/p>\n\n\n\n<p><strong>\u00a0 7.oo \u2013<\/strong> ++ Mari\u0119 w 2 rocz. \u015bm. i Stanis\u0142awa Laszczy\u0144skich oraz ++ dziadk\u00f3w z obu stron \u2013 modli si\u0119  rodzina<\/p>\n\n\n\n<p><strong>18.oo\n\u2013 <\/strong>++ rodzic\u00f3w: W\u0142adys\u0142aw\u0119 w 5 rocz. \u015bm. i Tadeusza w\n24 rocz. \u015bm. Mazurkiewicz\u00f3w, ++ dziadk\u00f3w\u00a0z obu stron, wnuczk\u0119 Zuzann\u0119, Zofi\u0119, Baltazara i Alfreda Koz\u0142owskich oraz Teres\u0119 Kurman  w 4 rocz. \u015bm. \u2013 modli si\u0119 rodzina<\/p>\n\n\n\n<p><strong><em>23.09.\n\u2013 SOBOTA<\/em><\/strong><\/p>\n\n\n\n<p><strong>&nbsp; &nbsp;&nbsp;7.oo\n\u2013<\/strong>\n+ Helen\u0119 Mariasik w 1 rocz. \u015bm. oraz ++ z rodziny Mariasik\u00f3w i Wo\u0142owc\u00f3w<\/p>\n\n\n\n<p><strong>15.oo\n\u2013<\/strong> \u015blub: Konaniec &#8211; Czesak<\/p>\n\n\n\n<p><strong>18.oo\n\u2013 1) <\/strong>&nbsp;++ rodzic\u00f3w:\nJana w 30 rocz. \u015bm. i Helen\u0119 \u0141ani\u00f3w, te\u015bci\u00f3w: Antonin\u0119 w 29 rocz. \u015bm. i Daniela\n\u00a0 W\u0142odarskich oraz m\u0119\u017ca Mariana i c\u00f3rk\u0119 Ann\u0119 \u2013 modli si\u0119 rodzina<\/p>\n\n\n\n<p><strong>&nbsp;&nbsp;&nbsp;&nbsp;&nbsp;&nbsp;&nbsp;&nbsp;&nbsp;&nbsp;&nbsp; &nbsp;\n2)<\/strong> ++ Eugeni\u0119, J\u00f3zefa,\nZdzis\u0142awa i Jana z rodziny K\u0119pk\u00f3w \u2013 modli si\u0119 c\u00f3rka z m\u0119\u017cem i dzie\u0107mi\n&nbsp;<\/p>\n\n\n\n<p><strong><em>24.09.\n\u2013 NIEDZIELA&nbsp; <\/em><\/strong><\/p>\n\n\n\n<p><strong>&nbsp; 8.oo \u2013 1) <\/strong>+ Henryka\nChomicza w 49 rocz. \u015bm. oraz Barbar\u0119, Stanis\u0142aw\u0119, J\u00f3zefa, Janin\u0119, Jana\u00a0i Stanis\u0142awa \u2013 modli si\u0119 rodzina<\/p>\n\n\n\n<p><strong>&nbsp;&nbsp;&nbsp;&nbsp;&nbsp;&nbsp;&nbsp;&nbsp;&nbsp;&nbsp;&nbsp; &nbsp;\n2)<\/strong> zaj. P. \u017bydek<\/p>\n\n\n\n<p><strong>&nbsp; 9.3o \u2013 <\/strong>&nbsp;++ Franciszk\u0119, Jana, Andrzeja i J\u00f3zefa z\nrodziny Lis\u00f3w \u2013 modli si\u0119 rodzina <\/p>\n\n\n\n<p><strong>11.oo\n\u2013 1) <\/strong>+ Jana Cie\u015bli\u0144skiego w 24\nrocz. \u015bm. oraz ++ z rodziny Cie\u015bli\u0144skich, \u0141oz\u00f3w, Wr\u00f3blewskich  i Wojciechowskich \u2013 modli si\u0119 rodzina<\/p>\n\n\n\n<p><strong>\u00a0\u00a0\u00a0\u00a0\u00a0\u00a0\u00a0\u00a0\u00a0\u00a0\u00a0 2) <\/strong>\u00a0++ rodzic\u00f3w: Piotra w 22 rocz. \u015bm. i Joann\u0119 w 26 rocz. \u015bm. Jastrz\u0119bskich, Mari\u0119 w 29 rocz. \u015bm.  i J\u00f3zefa w 8 rocz. \u015bm. Mizier\u00f3w, siostr\u0119 Mari\u0119 Szpularz w 8 rocz. \u015bm., brata Jana Jastrz\u0119bskiego w 4 rocz. \u015bm., siostr\u0119 J\u00f3zi\u0119 oraz Kuzynk\u0119 Krystyn\u0119 Brzezi\u0144sk\u0105 w 3 rocz. \u015bm. <\/p>\n\n\n\n<p><strong>12.3o\n\u2013 1) <\/strong>++ Ew\u0119 i Wac\u0142awa Kazimierczak\u00f3w<\/p>\n\n\n\n<p><strong>&nbsp;&nbsp;&nbsp;&nbsp;&nbsp;&nbsp;&nbsp;&nbsp;&nbsp;&nbsp;&nbsp; &nbsp;\n2)<\/strong> <strong>)<\/strong> w dniu\nurodzin Ireny dzi\u0119kczynna za otrzymane \u0142aski\nz pro\u015bb\u0105 o zdrowie, dary Ducha\u00a0\u00a0\u015awi\u0119tego, Bo\u017ce b\u0142ogos\u0142awie\u0144stwo, , opiek\u0119 NMP i \u015bw. Patron\u00f3w \u2013 modli si\u0119 rodzina<\/p>\n\n\n\n<p>&nbsp;&nbsp;&nbsp;&nbsp;&nbsp;&nbsp;&nbsp;&nbsp;&nbsp;&nbsp;&nbsp;&nbsp;&nbsp;&nbsp;&nbsp;&nbsp;&nbsp;&nbsp;&nbsp;&nbsp;&nbsp;&nbsp;&nbsp;&nbsp;&nbsp;&nbsp;&nbsp;&nbsp;&nbsp;&nbsp;&nbsp;&nbsp;&nbsp;&nbsp; <strong><em>Chrzest po Mszy: <\/em><\/strong><strong><em>Iliana<\/em><\/strong><strong><em>\nSzwedek, W\u0142adys\u0142aw Banach &nbsp;<\/em><\/strong><\/p>\n\n\n\n<p><strong>18.oo\n\u2013 1) <\/strong>&nbsp;++\nKazimierza, Czes\u0142aw\u0119, Helen\u0119, Stanis\u0142awa i J\u00f3zef\u0119 P\u0142acht\u00f3w<\/p>\n\n\n\n<p><strong>&nbsp;&nbsp;&nbsp;&nbsp;&nbsp;&nbsp;&nbsp;&nbsp;&nbsp;&nbsp;&nbsp; &nbsp;\n2) <\/strong>&nbsp;w 15 rocz.\nurodzin Jakuba dzi\u0119kczynna za otrzymane\n\u0142aski z pro\u015bb\u0105 o zdrowie, dary Ducha\u00a0\u015awi\u0119tego, Bo\u017ce b\u0142ogos\u0142awie\u0144stwo, , opiek\u0119 NMP i \u015bw. Patron\u00f3w \u2013 modli si\u0119 rodzina<\/p>\n","protected":false},"excerpt":{"rendered":"<p>Sk\u0142adaj\u0105c Ofiar\u0119, kt\u00f3ra nam przypomina niezmierzon\u0105 mi\u0142o\u015b\u0107 Twojego Syna, pokornie prosimy Ci\u0119, Bo\u017ce, przyjmij intencje Twoich wiernych i spraw przez dzia\u0142anie Eucharystii, aby w naszych rodzinach wzrasta\u0142a prawdziwa wiara, \u015bwi\u0119to\u015b\u0107 \u017cycia, braterska mi\u0142o\u015b\u0107 i duch modlitwy. Niech Matka Naj\u015bwi\u0119tsza wyprosi \u0142aski, o kt\u00f3re modlili\u015bmy si\u0119 w tej Mszy \u015bw. dla&#8230; <a class=\"continue-reading-link\" href=\"http:\/\/parafia.scinawa.info\/index.php\/2023\/09\/16\/intencje-mszalne-17-09-23-09-2023\/\">Czytaj dalej <span class=\"meta-nav\">&rarr; <\/span><\/a><\/p>\n","protected":false},"author":2,"featured_media":0,"comment_status":"closed","ping_status":"closed","sticky":false,"template":"","format":"standard","meta":{"footnotes":""},"categories":[39],"tags":[],"class_list":["post-2433","post","type-post","status-publish","format-standard","hentry","category-intencje"],"_links":{"self":[{"href":"http:\/\/parafia.scinawa.info\/index.php\/wp-json\/wp\/v2\/posts\/2433","targetHints":{"allow":["GET"]}}],"collection":[{"href":"http:\/\/parafia.scinawa.info\/index.php\/wp-json\/wp\/v2\/posts"}],"about":[{"href":"http:\/\/parafia.scinawa.info\/index.php\/wp-json\/wp\/v2\/types\/post"}],"author":[{"embeddable":true,"href":"http:\/\/parafia.scinawa.info\/index.php\/wp-json\/wp\/v2\/users\/2"}],"replies":[{"embeddable":true,"href":"http:\/\/parafia.scinawa.info\/index.php\/wp-json\/wp\/v2\/comments?post=2433"}],"version-history":[{"count":3,"href":"http:\/\/parafia.scinawa.info\/index.php\/wp-json\/wp\/v2\/posts\/2433\/revisions"}],"predecessor-version":[{"id":2436,"href":"http:\/\/parafia.scinawa.info\/index.php\/wp-json\/wp\/v2\/posts\/2433\/revisions\/2436"}],"wp:attachment":[{"href":"http:\/\/parafia.scinawa.info\/index.php\/wp-json\/wp\/v2\/media?parent=2433"}],"wp:term":[{"taxonomy":"category","embeddable":true,"href":"http:\/\/parafia.scinawa.info\/index.php\/wp-json\/wp\/v2\/categories?post=2433"},{"taxonomy":"post_tag","embeddable":true,"href":"http:\/\/parafia.scinawa.info\/index.php\/wp-json\/wp\/v2\/tags?post=2433"}],"curies":[{"name":"wp","href":"https:\/\/api.w.org\/{rel}","templated":true}]}}