{"id":2438,"date":"2023-09-23T16:36:21","date_gmt":"2023-09-23T14:36:21","guid":{"rendered":"http:\/\/parafia.scinawa.info\/?p=2438"},"modified":"2023-09-23T16:40:00","modified_gmt":"2023-09-23T14:40:00","slug":"intencje-mszalne-24-09-01-10-2023","status":"publish","type":"post","link":"http:\/\/parafia.scinawa.info\/index.php\/2023\/09\/23\/intencje-mszalne-24-09-01-10-2023\/","title":{"rendered":"INTENCJE MSZALNE 24.09. \u2013 01.10. 2023"},"content":{"rendered":"\n<p><strong><em>Sk\u0142adaj\u0105c\nOfiar\u0119, kt\u00f3ra nam przypomina niezmierzon\u0105 mi\u0142o\u015b\u0107 Twojego Syna, pokornie prosimy\nCi\u0119, Bo\u017ce, przyjmij intencje Twoich wiernych i spraw przez dzia\u0142anie\nEucharystii, aby w naszych rodzinach wzrasta\u0142a prawdziwa wiara, \u015bwi\u0119to\u015b\u0107 \u017cycia,\nbraterska mi\u0142o\u015b\u0107 i duch modlitwy. <\/em><\/strong><strong>Niech\nMatka Naj\u015bwi\u0119tsza wyprosi \u0142aski, o kt\u00f3re modlili\u015bmy si\u0119 w tej Mszy \u015bw. dla \u2026\nZa\u015b zmar\u0142ym \u2026 za kt\u00f3rych odprawiali\u015bmy Msz\u0119 \u015bw.: wieczny odpoczynek racz im\nda\u0107 Panie (\u2026); niech odpoczywaj\u0105 w pokoju wiecznym. Amen<\/strong><\/p>\n\n\n\n<p><strong>24.09<em>. &#8211; NIEDZIELA&nbsp; <\/em><\/strong><em><\/em><\/p>\n\n\n\n<p><strong>8.oo\n\u2013 1) <\/strong>+ Henryka Chomicza w 49 rocz. \u015bm. oraz Barbar\u0119,\nStanis\u0142aw\u0119, J\u00f3zefa, Janin\u0119, Jana \u00a0i Stanis\u0142awa \u2013 modli si\u0119 rodzina<\/p>\n\n\n\n<p><strong>&nbsp;&nbsp;&nbsp;&nbsp;&nbsp;&nbsp;&nbsp;&nbsp;&nbsp;&nbsp;&nbsp; &nbsp;\n2)<\/strong> zaj. P. \u017bydek<\/p>\n\n\n\n<p><strong>&nbsp; 9.3o \u2013 <\/strong>&nbsp;++ Franciszk\u0119, Jana, Andrzeja i J\u00f3zefa z\nrodziny Lis\u00f3w \u2013 modli si\u0119 rodzina <\/p>\n\n\n\n<p><strong>11.oo \u2013 1) <\/strong>+ Jana Cie\u015bli\u0144skiego w 24 rocz. \u015bm. oraz ++ z rodziny Cie\u015bli\u0144skich, \u0141oz\u00f3w, Wr\u00f3blewskich i Wojciechowskich \u2013 modli si\u0119 rodzina<\/p>\n\n\n\n<p><strong>&nbsp;&nbsp;&nbsp;&nbsp;&nbsp;&nbsp;&nbsp;&nbsp;&nbsp;&nbsp;&nbsp; 2) <\/strong>&nbsp;++ rodzic\u00f3w: Piotra w 22 rocz. \u015bm. i Joann\u0119 w\n26 rocz. \u015bm. Jastrz\u0119bskich, Mari\u0119 w 29 rocz. \u015bm. i J\u00f3zefa w 8 rocz. \u015bm. Mizier\u00f3w, siostr\u0119 Mari\u0119 Szpularz w 8 rocz. \u015bm., brata Jana Jastrz\u0119bskiego  w 4 rocz. \u015bm., siostr\u0119 J\u00f3zi\u0119 oraz Kuzynk\u0119 Krystyn\u0119 Brzezi\u0144sk\u0105 w 3 rocz. \u015bm. <\/p>\n\n\n\n<p><strong>12.3o\n\u2013 1) <\/strong>++ Ew\u0119 i Wac\u0142awa Kazimierczak\u00f3w<\/p>\n\n\n\n<p><strong>&nbsp;&nbsp;&nbsp;&nbsp;&nbsp;&nbsp;&nbsp;&nbsp;&nbsp;&nbsp;&nbsp; &nbsp;\n2)<\/strong> w dniu urodzin Ireny dzi\u0119kczynna za otrzymane \u0142aski z pro\u015bb\u0105 o zdrowie, dary Ducha\u00a0\u00a0\u015awi\u0119tego, Bo\u017ce b\u0142ogos\u0142awie\u0144stwo, , opiek\u0119 NMP i \u015bw. Patron\u00f3w \u2013 modli si\u0119 rodzina<\/p>\n\n\n\n<p>&nbsp;&nbsp;&nbsp;&nbsp;&nbsp;&nbsp;&nbsp;&nbsp;&nbsp;&nbsp;&nbsp;&nbsp;&nbsp;&nbsp;&nbsp;&nbsp;&nbsp;&nbsp;&nbsp;&nbsp;&nbsp;&nbsp;&nbsp;&nbsp;&nbsp;&nbsp;&nbsp;&nbsp;&nbsp;&nbsp;&nbsp;&nbsp;&nbsp;&nbsp; <strong><em>Chrzest po Mszy: <\/em><\/strong><strong><em>Iliana<\/em><\/strong><strong><em>\nSzwedek, W\u0142adys\u0142aw Banach &nbsp;<\/em><\/strong><\/p>\n\n\n\n<p><strong>18.oo\n\u2013 1) <\/strong>&nbsp;++\nKazimierza, Czes\u0142aw\u0119, Helen\u0119, Stanis\u0142awa i J\u00f3zef\u0119 P\u0142acht\u00f3w<\/p>\n\n\n\n<p><strong>&nbsp;&nbsp;&nbsp;&nbsp;&nbsp;&nbsp;&nbsp;&nbsp;&nbsp;&nbsp;&nbsp; &nbsp;\n2) <\/strong>&nbsp;w 15 rocz.\nurodzin Jakuba dzi\u0119kczynna za otrzymane\n\u0142aski z pro\u015bb\u0105 o zdrowie, dary Ducha\u00a0\u015awi\u0119tego, Bo\u017ce b\u0142ogos\u0142awie\u0144stwo, , opiek\u0119 NMP i \u015bw. Patron\u00f3w \u2013 modli si\u0119 rodzina<strong> \u00a0\u00a0<\/strong>\u00a0<\/p>\n\n\n\n<p><strong>25.09<em>. \u2013 PONIEDZIA\u0141EK<\/em><\/strong><\/p>\n\n\n\n<p><strong>&nbsp; &nbsp;7.oo \u2013\n<\/strong>&nbsp;w 41 rocz. urodzin Anny dzi\u0119kczynna za otrzymane \u0142aski z pro\u015bb\u0105 o zdrowie, dary Ducha\u00a0\u015awi\u0119tego, Bo\u017ce b\u0142ogos\u0142awie\u0144stwo, , opiek\u0119 NMP i \u015bw. Patron\u00f3w<\/p>\n\n\n\n<p><strong>18.oo\n\u2013 1) <\/strong>w 65 rocz. urodzin Stanis\u0142awa dzi\u0119kczynna za otrzymane \u0142aski z pro\u015bb\u0105 o zdrowie, dary Ducha \u015awi\u0119tego, Bo\u017ce b\u0142ogos\u0142awie\u0144stwo, opiek\u0119 NMP i \u015bw. Patron\u00f3w \u2013 modli si\u0119 \u017cona z dzie\u0107mi i rodzin\u0105 <\/p>\n\n\n\n<p><strong>&nbsp;&nbsp;&nbsp;&nbsp;&nbsp;&nbsp;&nbsp;&nbsp;&nbsp;&nbsp;&nbsp; &nbsp;\n2)<\/strong> w 40 rocz. \u015blubu Ewy i\nAdama Soli\u0144skich dzi\u0119kczynna za otrzymane \u0142aski z pro\u015bb\u0105 o zdrowie,  Bo\u017ce b\u0142ogos\u0142awie\u0144stwo, dary Ducha \u015awi\u0119tego, opiek\u0119 NMP i \u015bw. Patron\u00f3w na dalsze lata \u017cycia\u00a0\u2013 modli si\u0119 rodzina<\/p>\n\n\n\n<p><strong>26.09<em>. &#8211; WTOREK<\/em><\/strong><em><\/em><\/p>\n\n\n\n<p><strong>7.oo\n\u2013<\/strong> w intencji Marii i Edwarda dzi\u0119kczynna za otrzymane\n\u0142aski z pro\u015bb\u0105 o zdrowie, dary Ducha  \u015awi\u0119tego, Bo\u017ce b\u0142ogos\u0142awie\u0144stwo, opiek\u0119 NMP i \u015bw. Patron\u00f3w na dalsze lata \u017cycia<\/p>\n\n\n\n<p><strong>18.oo\n\u2013 <\/strong>zaj. P. Paszkowiak<\/p>\n\n\n\n<p><strong>27.09<em>. \u2013 \u015aRODA <\/em><\/strong><\/p>\n\n\n\n<p><strong>&nbsp; 7.oo \u2013<\/strong><\/p>\n\n\n\n<p><strong>18.oo\n\u2013&nbsp; intencja zbiorowa nowennowa:<\/strong><\/p>\n\n\n\n<p><strong>&nbsp;1)<\/strong> + Waldemara Wr\u00f3blewskiego\n&#8211; 30 dzie\u0144 od pogrzebu &#8211; intencja od uczestnik\u00f3w Mszy pogrzebowej<\/p>\n\n\n\n<p><strong>&nbsp;2)<\/strong> + Janin\u0119 Konaszko \u2013 modl\u0105\nsi\u0119 s\u0105siedzi<\/p>\n\n\n\n<p><strong>&nbsp;3)<\/strong> ++ Rozali\u0119, Tadeusza, Andrzeja Zarasi\u00f3w oraz Remigiusza Boles\u0142awskiego \u2013\nmodli si\u0119 c\u00f3rka, siostra  i mama<\/p>\n\n\n\n<p><strong>28.09<em>. \u2013 CZWARTEK <\/em><\/strong><em>&nbsp;<\/em><\/p>\n\n\n\n<p><strong>&nbsp; 7.oo \u2013<\/strong> &nbsp;+\nHelen\u0119 Lewandowska w 1 miesi\u0105c po \u015bmierci<\/p>\n\n\n\n<p><strong>18.oo\n\u2013 1) <\/strong>+ Teres\u0119 Zi\u00f3\u0142kowsk\u0105 \u2013\nmodli si\u0119 rodzina Paw\u0142owskich i Kliszcz\u00f3w z Mikowic\n<\/p>\n\n\n\n<p><strong>&nbsp;&nbsp;&nbsp;&nbsp;&nbsp;&nbsp;&nbsp;&nbsp;&nbsp;&nbsp;&nbsp; &nbsp;\n2) <\/strong>++ te\u015bci\u00f3w: Mariann\u0119 i\nJ\u00f3zefa oraz m\u0119\u017ca Ryszarda \u2013 modli si\u0119 Miros\u0142awa<\/p>\n\n\n\n<p><strong>29.09<em>. \u2013 PI\u0104TEK<\/em><\/strong><\/p>\n\n\n\n<p><strong>7.oo\n\u2013<\/strong>\n&nbsp;<strong>1)\n<\/strong>++ Antonin\u0119, Genowef\u0119, Micha\u0142a i\nZbigniewa z rodziny Tracz\u00f3w <\/p>\n\n\n\n<p><strong>&nbsp;&nbsp;&nbsp;&nbsp;&nbsp;&nbsp;&nbsp;&nbsp;&nbsp;&nbsp;&nbsp; &nbsp;\n2)<\/strong> ++ El\u017cbiet\u0119, Jana i\nStanis\u0142awa z rodziny Krechowicz\u00f3w<\/p>\n\n\n\n<p><strong>18.oo\n\u2013 1) <\/strong>+ Teofila \u0141uckiego w 24 rocz. \u015bm. \u2013 modli si\u0119\nrodzina<\/p>\n\n\n\n<p><strong>&nbsp;&nbsp;&nbsp;&nbsp;&nbsp;&nbsp;&nbsp;&nbsp;&nbsp;&nbsp;&nbsp; &nbsp;\n2)<\/strong> &nbsp;za c\u00f3rk\u0119 i\nsynow\u0105 o szcz\u0119\u015bliwe rozwi\u0105zanie, zdrowie i opiek\u0119 NMP \u2013 modli si\u0119 mama<\/p>\n\n\n\n<p><strong><em>30.09.\n\u2013 SOBOTA<\/em><\/strong><\/p>\n\n\n\n<p><strong>&nbsp; &nbsp;&nbsp;7.oo\n\u2013<\/strong>\n++ Jadwig\u0119 i Jana Machtylskich, Aniel\u0119, Mari\u0119, Micha\u0142a, J\u00f3zefa, Czes\u0142awa Zdobylak\u00f3w\noraz  dusze w czy\u015b\u0107cu cierpi\u0105ce <\/p>\n\n\n\n<p><strong>18.oo\n\u2013 1) <\/strong>++\nm\u0119\u017ca Walentego w 29 rocz. \u015bm., jego rodzic\u00f3w: Zofi\u0119 i J\u00f3zefa, J\u00f3zef\u0119, Miros\u0142awa\nz rodziny\u00a0Ka\u0142\u00f3w, Szrajnert\u00f3w, \u017bukowskich oraz Jana B\u0142aszczyszyna \u2013 modli si\u0119 rodzina<\/p>\n\n\n\n<p><strong>&nbsp;&nbsp;&nbsp;&nbsp;&nbsp;&nbsp;&nbsp;&nbsp;&nbsp;&nbsp;&nbsp; &nbsp;\n2)<\/strong> + J\u00f3zef\u0119, ++ z rodziny Golczyk\u00f3w, Janik\u00f3w \u2013 modli si\u0119\nsynowa z rodzin<\/p>\n\n\n\n<p><strong><em>01.10.\n\u2013 NIEDZIELA&nbsp; <\/em><\/strong><\/p>\n\n\n\n<p><strong>&nbsp; 8.oo \u2013 1) <\/strong>++ Stefani\u0119 Rolewicz w 1 rocz. \u015bm., W\u0142odzimierza w 35 rocz. \u015bm., Les\u0142awa\nw 10 rocz. \u015bm., \u00a0 Krystyn\u0119 i ++ z rodziny Grajk\u00f3w \u2013 modli si\u0119 rodzina <\/p>\n\n\n\n<p><strong>&nbsp;&nbsp;&nbsp;&nbsp;&nbsp;&nbsp;&nbsp;&nbsp;&nbsp;&nbsp;&nbsp; &nbsp;\n2)<\/strong> zaj. P. Koszty\u0142a &nbsp;<\/p>\n\n\n\n<p><strong>&nbsp; 9.3o \u2013 <\/strong>&nbsp;++ rodzic\u00f3w: Eugeni\u0119 i Franciszka Woch\u00f3w oraz\nJ\u00f3zefa Lisa \u2013 modli si\u0119 rodzina<\/p>\n\n\n\n<p><strong>11.oo \u2013 1) <\/strong>za siostry Korneli\u0119 i Ludmi\u0142\u0119, za siostry, kt\u00f3re pracowa\u0142y w naszej parafii, ca\u0142y zakon si\u00f3str\u00a0Jadwi\u017canek &#8211; dzi\u0119kczynna z pro\u015bb\u0105 o zdrowie, dary Ducha \u015awi\u0119tego, Bo\u017ce b\u0142ogos\u0142awie\u0144stwo,\u00a0opiek\u0119 NMP i \u015bw. Patron\u00f3w oraz ++ siostry zakonne \u2013 modli si\u0119 \u017bywy R\u00f3\u017caniec<\/p>\n\n\n\n<p><strong>&nbsp;&nbsp;&nbsp; &nbsp;&nbsp;&nbsp;&nbsp;&nbsp;&nbsp;&nbsp;&nbsp;&nbsp;&nbsp;2) <\/strong>++ Stanis\u0142aw\u0119 w\n5 rocz. \u015bm. i Mariana Posto\u0142ach oraz ++ z rodziny Czarneckich, Rataj\u00f3w \u00a0i Posto\u0142\u00f3w <\/p>\n\n\n\n<p><strong>12.3o\n\u2013 1) <\/strong>w 14 rocz. urodzin\nMagdaleny i w 12 rocz. Urodzin Alicji i za ich rodzic\u00f3w\nJakuba dzi\u0119kczynna \u00a0za otrzymane \u0142aski z pro\u015bb\u0105 o zdrowie, dary Ducha \u015awi\u0119tego, Bo\u017ce b\u0142ogos\u0142awie\u0144stwo, opiek\u0119\u00a0NMP i \u015bw. Patron\u00f3w \u2013 modli si\u0119 rodzina <\/p>\n\n\n\n<p><strong>&nbsp;&nbsp;&nbsp;&nbsp;&nbsp;&nbsp;&nbsp;&nbsp;&nbsp;&nbsp;&nbsp; &nbsp;\n2)<\/strong> za dzieci Dominik\u0119, Paw\u0142a, Kamil\u0119, Bartosza i\nwnuk\u00f3w: Micha\u0142a, Juli\u0119 i Laur\u0119 dzi\u0119kczynna\nza otrzymane \u0142aski z pro\u015bb\u0105 o zdrowie, dary Ducha \u015awi\u0119tego, Bo\u017ce b\u0142ogos\u0142awie\u0144stwo, opiek\u0119 NMP\u00a0i \u015bw. Patron\u00f3w \u2013 modl\u0105 si\u0119 rodzice<\/p>\n\n\n\n<p><strong>18.oo\n\u2013 <\/strong>++ J\u00f3zefa, Natali\u0119, Bogdana, Jadwig\u0119,\nJurka z rodziny Sakowskich oraz Marcina Sawczenk\u0119  \u2013 modli si\u0119 rodzina \u00a0<\/p>\n","protected":false},"excerpt":{"rendered":"<p>Sk\u0142adaj\u0105c Ofiar\u0119, kt\u00f3ra nam przypomina niezmierzon\u0105 mi\u0142o\u015b\u0107 Twojego Syna, pokornie prosimy Ci\u0119, Bo\u017ce, przyjmij intencje Twoich wiernych i spraw przez dzia\u0142anie Eucharystii, aby w naszych rodzinach wzrasta\u0142a prawdziwa wiara, \u015bwi\u0119to\u015b\u0107 \u017cycia, braterska mi\u0142o\u015b\u0107 i duch modlitwy. Niech Matka Naj\u015bwi\u0119tsza wyprosi \u0142aski, o kt\u00f3re modlili\u015bmy si\u0119 w tej Mszy \u015bw. dla&#8230; <a class=\"continue-reading-link\" href=\"http:\/\/parafia.scinawa.info\/index.php\/2023\/09\/23\/intencje-mszalne-24-09-01-10-2023\/\">Czytaj dalej <span class=\"meta-nav\">&rarr; <\/span><\/a><\/p>\n","protected":false},"author":2,"featured_media":0,"comment_status":"closed","ping_status":"closed","sticky":false,"template":"","format":"standard","meta":{"footnotes":""},"categories":[39],"tags":[],"class_list":["post-2438","post","type-post","status-publish","format-standard","hentry","category-intencje"],"_links":{"self":[{"href":"http:\/\/parafia.scinawa.info\/index.php\/wp-json\/wp\/v2\/posts\/2438","targetHints":{"allow":["GET"]}}],"collection":[{"href":"http:\/\/parafia.scinawa.info\/index.php\/wp-json\/wp\/v2\/posts"}],"about":[{"href":"http:\/\/parafia.scinawa.info\/index.php\/wp-json\/wp\/v2\/types\/post"}],"author":[{"embeddable":true,"href":"http:\/\/parafia.scinawa.info\/index.php\/wp-json\/wp\/v2\/users\/2"}],"replies":[{"embeddable":true,"href":"http:\/\/parafia.scinawa.info\/index.php\/wp-json\/wp\/v2\/comments?post=2438"}],"version-history":[{"count":2,"href":"http:\/\/parafia.scinawa.info\/index.php\/wp-json\/wp\/v2\/posts\/2438\/revisions"}],"predecessor-version":[{"id":2440,"href":"http:\/\/parafia.scinawa.info\/index.php\/wp-json\/wp\/v2\/posts\/2438\/revisions\/2440"}],"wp:attachment":[{"href":"http:\/\/parafia.scinawa.info\/index.php\/wp-json\/wp\/v2\/media?parent=2438"}],"wp:term":[{"taxonomy":"category","embeddable":true,"href":"http:\/\/parafia.scinawa.info\/index.php\/wp-json\/wp\/v2\/categories?post=2438"},{"taxonomy":"post_tag","embeddable":true,"href":"http:\/\/parafia.scinawa.info\/index.php\/wp-json\/wp\/v2\/tags?post=2438"}],"curies":[{"name":"wp","href":"https:\/\/api.w.org\/{rel}","templated":true}]}}