{"id":2441,"date":"2023-09-23T16:47:58","date_gmt":"2023-09-23T14:47:58","guid":{"rendered":"http:\/\/parafia.scinawa.info\/?p=2441"},"modified":"2023-09-23T16:47:58","modified_gmt":"2023-09-23T14:47:58","slug":"ogloszenia-duszpasterskie-25-niedziela-zwykla-24-09-2023","status":"publish","type":"post","link":"http:\/\/parafia.scinawa.info\/index.php\/2023\/09\/23\/ogloszenia-duszpasterskie-25-niedziela-zwykla-24-09-2023\/","title":{"rendered":"Og\u0142oszenia duszpasterskie  25 Niedziela zwyk\u0142a \u2013 24.09. 2023"},"content":{"rendered":"\n<p><strong>1<\/strong><strong>.<\/strong> Dzi\u015b prze\u017cywamy\n<strong>25 Niedziel\u0119 zwyk\u0142\u0105<\/strong>. Msze \u015bw. wed\u0142ug\nporz\u0105dku niedzielnego. <\/p>\n\n\n\n<p><strong>3.<\/strong>\nCodziennie spowied\u017a i adoracja Naj\u015bwi\u0119tszego Sakramentu o godz. <strong>17<sup>00<\/sup>.<\/strong><\/p>\n\n\n\n<p><strong>4. <\/strong><strong>W tym tygodniu nabo\u017ce\u0144stwa:<\/strong><\/p>\n\n\n\n<p><strong>&#8211; w poniedzia\u0142ek&nbsp; &#8211; <\/strong>nabo\u017ce\u0144stwo<strong>\n<em>do Bo\u017cego Mi\u0142osierdzia <\/em><\/strong>o <strong>17<sup>30<\/sup><\/strong><\/p>\n\n\n\n<p>&#8211; &nbsp;<strong><em>od wtorku &nbsp;&nbsp;&nbsp;&nbsp;&nbsp;&nbsp;&nbsp; &#8211; codziennie<\/em><\/strong> nowenna do \u015bw. Siostry Faustyny<em> o godz. <\/em><strong>17<sup>30<\/sup><\/strong> <strong><\/strong><\/p>\n\n\n\n<p><strong>&#8211;<\/strong> <strong>w \u015brod\u0119<\/strong>\n&nbsp;&nbsp;&nbsp;&nbsp;&nbsp;&nbsp;&nbsp;&nbsp;&nbsp;&nbsp;&nbsp;&nbsp;&nbsp;<strong>&#8211; <\/strong>nabo\u017ce\u0144stwo<strong> <em>do<\/em><\/strong> <strong><em>NMP Nieustaj\u0105cej Pomocy<\/em><\/strong> &nbsp;o <strong>17<sup>30<\/sup><\/strong><\/p>\n\n\n\n<p><strong>&#8211; w czwartek &nbsp;&nbsp;&nbsp;&nbsp;&nbsp;&nbsp; &#8211; <\/strong>nabo\u017ce\u0144stwo<strong><em>\ndo \u015bw. Ojca Szarbela o godz. <\/em><\/strong><strong>17<sup>30<\/sup><\/strong><\/p>\n\n\n\n<p><strong>&#8211; w pi\u0105tek&nbsp;&nbsp; &nbsp;&nbsp;&nbsp;&nbsp;&nbsp;&nbsp;&nbsp;&nbsp; &#8211; <\/strong>nabo\u017ce\u0144stwo<strong><em>\ndo \u015bw. Micha\u0142a Archanio\u0142a o godz. <\/em><\/strong><strong>17<sup>30<\/sup><\/strong><\/p>\n\n\n\n<p><strong>5.<\/strong><strong> <\/strong>W tym tygodniu obchodzimy:<strong><\/strong><\/p>\n\n\n\n<p>&#8211; <strong>w\n\u015brod\u0119<\/strong> \u2013 wspomnienie \u015bw.\nWincentego a Paulo, prezbitera<\/p>\n\n\n\n<p>&#8211; <strong>w czwartek<\/strong> \u2013 wspomnienie \u015bw. Wac\u0142awa,\nm\u0119czennika<\/p>\n\n\n\n<p>&#8211; <strong>w pi\u0105tek<\/strong> \u2013 \u015bwi\u0119to \u015bw. Archanio\u0142\u00f3w Micha\u0142a, Gabriela i Rafa\u0142a<\/p>\n\n\n\n<p>&#8211; <strong>w sobot\u0119<\/strong> \u2013 wspomnienie \u015bw. Hieronima, prezbitera i doktora Ko\u015bcio\u0142a<\/p>\n\n\n\n<p><strong>6<\/strong><strong>. <\/strong>W przysz\u0142\u0105 niedziel\u0119\nb\u0119dziemy prze\u017cywa\u0107 <strong>26 Niedziel\u0119 zwyk\u0142\u0105<\/strong>.\nMsze \u015bw. wed\u0142ug porz\u0105dku niedzielnego. Zmiana\ntajemnic \u017bywego R\u00f3\u017ca\u0144ca po Mszy o <strong>10<sup>30<\/sup>.<\/strong><strong><\/strong><\/p>\n\n\n\n<p>W\nprzysz\u0142\u0105 niedziel\u0119, 1 pa\u017adziernika <strong><em>spotkanie\ndla rodzic\u00f3w i dzieci Pierwszokomunijnych o godz. 12<sup>30<\/sup> po\u0142\u0105czone z\npo\u015bwi\u0119ceniem i przekazaniem dzieciom r\u00f3\u017ca\u0144ca.<\/em><\/strong><strong><\/strong><\/p>\n\n\n\n<p><strong>7<\/strong><strong>.<\/strong> Kancelaria\nczynna codziennie po Mszy \u015bw. wieczornej z wyj\u0105tkiem niedziel, uroczysto\u015bci i\n\u015bwi\u0105t.<\/p>\n\n\n\n<p><strong>8<\/strong><strong>.<\/strong> Do nabycia jest\nprasa katolicka: Niedziela, Go\u015b\u0107 Niedzielny, Ma\u0142y GN i R\u00f3\u017caniec. <\/p>\n\n\n\n<p><strong>9<\/strong><strong>.<\/strong> Dzi\u0119kuj\u0119\nwszystkim, kt\u00f3rzy w tym tygodniu sprz\u0105tali \u015bwi\u0105tyni\u0119 i przygotowali j\u0105 na nasze\nspotkanie eucharystyczne.<\/p>\n\n\n\n<p><strong>10<\/strong><strong>.<\/strong> Serdeczne B\u00f3g\nzap\u0142a\u0107 za ofiary sk\u0142adane na remonty w naszej parafii. <\/p>\n\n\n\n<p><strong>11.<\/strong> Intencje mszalne \u2013 obrazki.<\/p>\n\n\n\n<p><em>\u017byczymy mi\u0142ego tygodnia i obfitych \u0142ask Bo\u017cych.<\/em><\/p>\n","protected":false},"excerpt":{"rendered":"<p>1. Dzi\u015b prze\u017cywamy 25 Niedziel\u0119 zwyk\u0142\u0105. Msze \u015bw. wed\u0142ug porz\u0105dku niedzielnego. 3. Codziennie spowied\u017a i adoracja Naj\u015bwi\u0119tszego Sakramentu o godz. 1700. 4. W tym tygodniu nabo\u017ce\u0144stwa: &#8211; w poniedzia\u0142ek&nbsp; &#8211; nabo\u017ce\u0144stwo do Bo\u017cego Mi\u0142osierdzia o 1730 &#8211; &nbsp;od wtorku &nbsp;&nbsp;&nbsp;&nbsp;&nbsp;&nbsp;&nbsp; &#8211; codziennie nowenna do \u015bw. Siostry Faustyny o godz. 1730&#8230; <a class=\"continue-reading-link\" href=\"http:\/\/parafia.scinawa.info\/index.php\/2023\/09\/23\/ogloszenia-duszpasterskie-25-niedziela-zwykla-24-09-2023\/\">Czytaj dalej <span class=\"meta-nav\">&rarr; <\/span><\/a><\/p>\n","protected":false},"author":2,"featured_media":0,"comment_status":"closed","ping_status":"closed","sticky":false,"template":"","format":"standard","meta":{"footnotes":""},"categories":[40],"tags":[],"class_list":["post-2441","post","type-post","status-publish","format-standard","hentry","category-ogloszenia-duszpasterskie"],"_links":{"self":[{"href":"http:\/\/parafia.scinawa.info\/index.php\/wp-json\/wp\/v2\/posts\/2441","targetHints":{"allow":["GET"]}}],"collection":[{"href":"http:\/\/parafia.scinawa.info\/index.php\/wp-json\/wp\/v2\/posts"}],"about":[{"href":"http:\/\/parafia.scinawa.info\/index.php\/wp-json\/wp\/v2\/types\/post"}],"author":[{"embeddable":true,"href":"http:\/\/parafia.scinawa.info\/index.php\/wp-json\/wp\/v2\/users\/2"}],"replies":[{"embeddable":true,"href":"http:\/\/parafia.scinawa.info\/index.php\/wp-json\/wp\/v2\/comments?post=2441"}],"version-history":[{"count":1,"href":"http:\/\/parafia.scinawa.info\/index.php\/wp-json\/wp\/v2\/posts\/2441\/revisions"}],"predecessor-version":[{"id":2442,"href":"http:\/\/parafia.scinawa.info\/index.php\/wp-json\/wp\/v2\/posts\/2441\/revisions\/2442"}],"wp:attachment":[{"href":"http:\/\/parafia.scinawa.info\/index.php\/wp-json\/wp\/v2\/media?parent=2441"}],"wp:term":[{"taxonomy":"category","embeddable":true,"href":"http:\/\/parafia.scinawa.info\/index.php\/wp-json\/wp\/v2\/categories?post=2441"},{"taxonomy":"post_tag","embeddable":true,"href":"http:\/\/parafia.scinawa.info\/index.php\/wp-json\/wp\/v2\/tags?post=2441"}],"curies":[{"name":"wp","href":"https:\/\/api.w.org\/{rel}","templated":true}]}}