{"id":2443,"date":"2023-09-29T22:16:35","date_gmt":"2023-09-29T20:16:35","guid":{"rendered":"http:\/\/parafia.scinawa.info\/?p=2443"},"modified":"2023-09-29T22:20:45","modified_gmt":"2023-09-29T20:20:45","slug":"intencje-mszalne-01-10-08-10-2023","status":"publish","type":"post","link":"http:\/\/parafia.scinawa.info\/index.php\/2023\/09\/29\/intencje-mszalne-01-10-08-10-2023\/","title":{"rendered":"INTENCJE MSZALNE 01.10. \u2013 08.10. 2023"},"content":{"rendered":"\n<p><strong><em>Sk\u0142adaj\u0105c\nOfiar\u0119, kt\u00f3ra nam przypomina niezmierzon\u0105 mi\u0142o\u015b\u0107 Twojego Syna, pokornie prosimy\nCi\u0119, Bo\u017ce, przyjmij intencje Twoich wiernych i spraw przez dzia\u0142anie\nEucharystii, aby w naszych rodzinach wzrasta\u0142a prawdziwa wiara, \u015bwi\u0119to\u015b\u0107 \u017cycia,\nbraterska mi\u0142o\u015b\u0107 i duch modlitwy. <\/em><\/strong><strong>Niech\nMatka Naj\u015bwi\u0119tsza wyprosi \u0142aski, o kt\u00f3re modlili\u015bmy si\u0119 w tej Mszy \u015bw. dla \u2026\nZa\u015b zmar\u0142ym \u2026 za kt\u00f3rych odprawiali\u015bmy Msz\u0119 \u015bw.: wieczny odpoczynek racz im\nda\u0107 Panie (\u2026); niech odpoczywaj\u0105 w pokoju wiecznym. Amen<\/strong><\/p>\n\n\n\n<p><strong>01.10<em>. &#8211; NIEDZIELA&nbsp; <\/em><\/strong><em><\/em><\/p>\n\n\n\n<p><strong>&nbsp;&nbsp; &nbsp;8.oo\n\u2013 1) <\/strong>++ Stefani\u0119 Rolewicz w 1\nrocz. \u015bm., W\u0142odzimierza w 35 rocz. \u015bm., Les\u0142awa w 10 rocz. \u015bm.,  Krystyn\u0119 i ++ z rodziny Grajk\u00f3w \u2013 modli si\u0119 rodzina <\/p>\n\n\n\n<p><strong>&nbsp;&nbsp;&nbsp;&nbsp;&nbsp;&nbsp;&nbsp;&nbsp;&nbsp;&nbsp; &nbsp;&nbsp;&nbsp;&nbsp;2)<\/strong> + Damiana Koszty\u0142\u0119 w 1 rocz. \u015bm. oraz + Katarzyn\u0119 &nbsp;\u2013 modli si\u0119 rodzina<\/p>\n\n\n\n<p><strong>&nbsp; 9.3o \u2013 <\/strong>&nbsp;++ rodzic\u00f3w: Eugeni\u0119 i Franciszka Woch\u00f3w oraz\nJ\u00f3zefa Lisa \u2013 modli si\u0119 rodzina<\/p>\n\n\n\n<p><strong>11.oo\n\u2013 1) <\/strong>za siostry Korneli\u0119 i\nLudmi\u0142\u0119, za siostry, kt\u00f3re pracowa\u0142y w naszej parafii, ca\u0142y zakon si\u00f3str\u00a0Jadwi\u017canek &#8211; dzi\u0119kczynna z pro\u015bb\u0105 o zdrowie, dary Ducha \u015awi\u0119tego, Bo\u017ce b\u0142ogos\u0142awie\u0144stwo, \u00a0opiek\u0119 NMP i \u015bw. Patron\u00f3w oraz ++ siostry zakonne \u2013 modli si\u0119 \u017bywy R\u00f3\u017caniec<\/p>\n\n\n\n<p><strong>&nbsp;&nbsp;&nbsp;&nbsp;&nbsp; 2) <\/strong>++ Stanis\u0142aw\u0119 w\n5 rocz. \u015bm. i Mariana Posto\u0142\u00f3w oraz ++ z rodziny Czarneckich, Rataj\u00f3w i Posto\u0142\u00f3w\n<\/p>\n\n\n\n<p><strong>12.3o\n\u2013 1) <\/strong>w 14 rocz. urodzin\nMagdaleny i w 12 rocz. urodzin Alicji oraz za ich rodzic\u00f3w dzi\u0119kczynna\u00a0za otrzymane \u0142aski z pro\u015bb\u0105 o zdrowie, dary Ducha \u015awi\u0119tego, Bo\u017ce b\u0142ogos\u0142awie\u0144stwo, opiek\u0119 \u00a0NMP i \u015bw. Patron\u00f3w \u2013 modli si\u0119 rodzina <\/p>\n\n\n\n<p><strong>&nbsp;&nbsp;&nbsp;&nbsp;&nbsp;&nbsp;&nbsp;&nbsp;&nbsp;&nbsp;&nbsp; &nbsp;\n2)<\/strong> za dzieci: Dominik\u0119, Paw\u0142a, Kamil\u0119, Bartosza i\nwnuk\u00f3w: Micha\u0142a, Juli\u0119 i Laur\u0119 dzi\u0119kczynna\nza otrzymane \u0142aski z pro\u015bb\u0105 o zdrowie, dary Ducha \u015awi\u0119tego, Bo\u017ce b\u0142ogos\u0142awie\u0144stwo, opiek\u0119 NMP\u00a0i \u015bw. Patron\u00f3w \u2013 modl\u0105 si\u0119 rodzice<\/p>\n\n\n\n<p><strong>18.oo\n\u2013 <\/strong>++ J\u00f3zefa, Natali\u0119, Bogdana, Jadwig\u0119,\nJurka z rodziny Sakowskich oraz Marcina Sawczenk\u0119 \u00a0\u2013 modli si\u0119 rodzina<strong> \u00a0\u00a0<\/strong>\u00a0<\/p>\n\n\n\n<p><strong>02.10<em>. \u2013 PONIEDZIA\u0141EK<\/em><\/strong><\/p>\n\n\n\n<p><strong>&nbsp; &nbsp;&nbsp;7.oo \u2013 <\/strong>&nbsp;+\nWaldemara Wr\u00f3blewskiego \u2013 gregorianka 1<\/p>\n\n\n\n<p><strong>18.oo\n\u2013 1) <\/strong>&nbsp;+ Norberta\nWachowiaka w 1 rocz. \u015bm.<\/p>\n\n\n\n<p><strong>&nbsp;&nbsp;&nbsp;&nbsp;&nbsp;&nbsp;&nbsp;&nbsp;&nbsp;&nbsp;&nbsp; &nbsp;\n2)<\/strong> + Mari\u0119 w 1 rocz. \u015bm. \u2013\nmodli si\u0119 m\u0105\u017c z rodzin\u0105<\/p>\n\n\n\n<p><strong>03.10<em>. &#8211; WTOREK<\/em><\/strong><em><\/em><\/p>\n\n\n\n<p><strong>7.oo\n\u2013&nbsp; <\/strong>+ Waldemara Wr\u00f3blewskiego \u2013 gregorianka 2<\/p>\n\n\n\n<p><strong>18.oo \u2013 <\/strong>w 70 rocz. urodzin Teresy dzi\u0119kczynna za otrzymane \u0142aski z pro\u015bb\u0105 o zdrowie, dary Ducha \u015awi\u0119tego, Bo\u017ce b\u0142ogos\u0142awie\u0144stwo, opiek\u0119 NMP i \u015bw. Patron\u00f3w na dalsze lata \u017cycia \u2013 modli si\u0119 rodzina<\/p>\n\n\n\n<p><strong>04.10<em>. \u2013 \u015aRODA <\/em><\/strong><\/p>\n\n\n\n<p><strong>&nbsp; 7.oo \u2013 <\/strong>+ Waldemara Wr\u00f3blewskiego \u2013 gregorianka 3<strong><\/strong><\/p>\n\n\n\n<p><strong>18.oo\n\u2013&nbsp; intencja zbiorowa nowennowa:<\/strong><\/p>\n\n\n\n<p><strong>1)<\/strong>\n+ Teres\u0119 Zi\u00f3\u0142kowsk\u0105 &#8211; 30 dzie\u0144 od\npogrzebu <\/p>\n\n\n\n<p><strong>2)<\/strong>\n+ Jana Kobla &#8211; 30 dzie\u0144 od pogrzebu &#8211; intencja od uczestnik\u00f3w Mszy pogrzebowej<\/p>\n\n\n\n<p><strong>3)<\/strong> ++ Franciszka Pietkowskiego i Franciszka Bloka oraz\n++ z ich rodzin \u2013 modli si\u0119 rodzina<\/p>\n\n\n\n<p><strong>4)<\/strong> + Wiolett\u0119 Cywi\u0144sk\u0105 w 1 rocz. \u015bm.<\/p>\n\n\n\n<p><strong>5)<\/strong> w intencji Heleny \u2013 Faustyny z racji 7 urodzin i imienin, rozpocz\u0119cia nauki w szkole oraz za jej rodzic\u00f3w\u00a0i rodze\u0144stwo dzi\u0119kczynna za otrzymane \u0142aski z pro\u015bb\u0105 o zdrowie, dary Ducha \u015awi\u0119tego, Bo\u017ce \u00a0b\u0142ogos\u0142awie\u0144stwo, opiek\u0119 NMP i \u015bw. Patron\u00f3w \u2013 modli si\u0119 babcia<\/p>\n\n\n\n<p><strong>6)<\/strong> w intencji mamy Gra\u017cyny o szybki powr\u00f3t do zdrowia,\nBo\u017ce b\u0142ogos\u0142awie\u0144stwo i opiek\u0119 NMP<\/p>\n\n\n\n<p><strong>7)<\/strong><\/p>\n\n\n\n<p><strong>05.10<em>. \u2013 CZWARTEK <\/em><\/strong><em>&nbsp;<\/em><\/p>\n\n\n\n<p><strong>&nbsp; 7.oo \u2013<\/strong> w intencji dzieci: Jana, Agnieszki i Katarzyny\ndzi\u0119kczynna za otrzymane \u0142aski z pro\u015bb\u0105 o zdrowie, \u00a0\u00a0dary Ducha \u015awi\u0119tego, Bo\u017ce b\u0142ogos\u0142awie\u0144stwo, opiek\u0119 NMP i \u015bw. Patron\u00f3w \u2013 modli si\u0119 mama<\/p>\n\n\n\n<p><strong>18.oo\n\u2013 1) <\/strong>&nbsp;o powo\u0142ania i\nza powo\u0142anych &#8211; modli si\u0119 Towarzystwo Przyjaci\u00f3\u0142 Seminarium<\/p>\n\n\n\n<p><strong>&nbsp;&nbsp;&nbsp;&nbsp;&nbsp;&nbsp;&nbsp;&nbsp;&nbsp;&nbsp;&nbsp; &nbsp;\n2) <\/strong>+ Waldemara Wr\u00f3blewskiego \u2013\ngregorianka 4<\/p>\n\n\n\n<p><strong>06.10<em>. \u2013 PI\u0104TEK<\/em><\/strong><\/p>\n\n\n\n<p><strong>7.oo\n\u2013<\/strong>\n&nbsp;<strong>1)\n<\/strong>&nbsp;+ Grzegorza i dusze w czy\u015b\u0107cu cierpi\u0105ce<\/p>\n\n\n\n<p><strong>&nbsp;&nbsp;&nbsp;&nbsp;&nbsp;&nbsp;&nbsp;&nbsp;&nbsp;&nbsp;&nbsp; &nbsp;\n2)<\/strong> + Waldemara Wr\u00f3blewskiego\n\u2013 gregorianka 5<\/p>\n\n\n\n<p><strong>18.oo\n\u2013 1) <\/strong>+ J\u00f3zefa Pisul\u0119 w 3 rocz.\n\u015bm. \u2013 modli si\u0119 rodzina <\/p>\n\n\n\n<p><strong>&nbsp;&nbsp;&nbsp;&nbsp;&nbsp;&nbsp;&nbsp;&nbsp;&nbsp;&nbsp;&nbsp; &nbsp;\n2)<\/strong> ++ Kazimierza Sempika, rodzic\u00f3w z obu stron:\nMicha\u0142a i Ann\u0119 oraz Stanis\u0142awa i Katarzyn\u0119 \u00a0\u00a0oraz brata Zbigniewa \u2013 modli si\u0119 rodzina<\/p>\n\n\n\n<p><strong><em>07.10.\n\u2013 SOBOTA<\/em><\/strong><\/p>\n\n\n\n<p><strong>&nbsp;7.oo \u2013<\/strong> <strong>1) <\/strong>&nbsp;Intencja wynagradzaj\u0105ca Niepokalanemu Sercu NMP<\/p>\n\n\n\n<p><strong>&nbsp;&nbsp;&nbsp;&nbsp;&nbsp;&nbsp;&nbsp;&nbsp;&nbsp;&nbsp;&nbsp; &nbsp;\n2)<\/strong> + Waldemara Wr\u00f3blewskiego\n\u2013 gregorianka 6<strong><\/strong><\/p>\n\n\n\n<p><strong>18.oo\n\u2013 1) <\/strong>&nbsp;<strong>\u2013 <\/strong>w 65 rocz. urodzin Jadwigi dzi\u0119kczynna za otrzymane \u0142aski z pro\u015bb\u0105 o zdrowie,\ndary Ducha \u015awi\u0119tego, Bo\u017ce b\u0142ogos\u0142awie\u0144stwo, opiek\u0119 NMP i \u015bw. Patron\u00f3w na dalsze lata \u017cycia \u2013 modli si\u0119 rodzina<\/p>\n\n\n\n<p><strong>&nbsp;&nbsp;&nbsp;&nbsp;&nbsp;&nbsp;&nbsp;&nbsp;&nbsp;&nbsp;&nbsp; &nbsp;\n2)<\/strong> + Mari\u0119 Draczy\u0144sk\u0105 w 1\nrocz. \u015bm. oraz ++ z rodziny Sygnatowicz\u00f3w \u2013 modli si\u0119 rodzina\n&nbsp;<\/p>\n\n\n\n<p><strong><em>08.10.\n\u2013 NIEDZIELA&nbsp; <\/em><\/strong><\/p>\n\n\n\n<p><strong>&nbsp; 8.oo \u2013 1) <\/strong>w 90 rocz. urodzin Janiny Bilewicz dzi\u0119kczynna za otrzymane \u0142aski z\npro\u015bb\u0105 o zdrowie, dary\u00a0Ducha \u015awi\u0119tego, Bo\u017ce b\u0142ogos\u0142awie\u0144stwo, opiek\u0119 NMP i \u015bw. Patron\u00f3w na dalsze lata \u017cycia\u00a0\u2013 modli si\u0119 rodzina <\/p>\n\n\n\n<p><strong>&nbsp;&nbsp;&nbsp;&nbsp;&nbsp;&nbsp;&nbsp;&nbsp;&nbsp;&nbsp;&nbsp; &nbsp;\n2)<\/strong> w 33 rocz.\n\u015blubu Ewy Kazimierza oraz za dzieci i wnuczki dzi\u0119kczynna za otrzymane \u0142aski  z pro\u015bb\u0105 o zdrowie, Bo\u017ce b\u0142ogos\u0142awie\u0144stwo, dary Ducha \u015awi\u0119tego, opiek\u0119 NMP i \u015bw. Patron\u00f3w\u00a0na dalsze lata \u017cycia<\/p>\n\n\n\n<p><strong>&nbsp; 9.3o \u2013 <\/strong>&nbsp;w\nrocz. urodzin c\u00f3rki Ma\u0142gorzaty, w 15 rocz. urodzin Jakuba, w 11 rocz. urodzin Zofii,\nw 18 rocz.\u00a0urodzin Jakuba &#8211; dzi\u0119kczynna za otrzymane \u0142aski z pro\u015bb\u0105 o zdrowie, dary Ducha \u015awi\u0119tego,  Bo\u017ce b\u0142ogos\u0142awie\u0144stwo, opiek\u0119 NMP i \u015bw. Patron\u00f3w na dalsze lata \u017cycia \u2013 modli si\u0119 rodzina <\/p>\n\n\n\n<p><strong>11.oo \u2013 1) <\/strong>w 65 rocz. urodzin brata Henryka i 25 rocz. urodzin chrze\u015bnicy Magdaleny dzi\u0119kczynna za otrzymane \u0142aski z pro\u015bb\u0105 o zdrowie, Bo\u017ce b\u0142ogos\u0142awie\u0144stwo, dary Ducha \u015awi\u0119tego, opiek\u0119  NMP i \u015bw. Patron\u00f3w\u00a0 \u2013 modli si\u0119 siostra El\u017cbieta z rodzin\u0105<\/p>\n\n\n\n<p><strong>&nbsp;&nbsp;&nbsp;&nbsp;&nbsp;&nbsp;&nbsp;&nbsp;&nbsp;&nbsp;&nbsp; 2) <\/strong>+ Jana \u017bebrowskiego w 8 rocz. \u015bm., ++ rodzic\u00f3w z obu\nstron: Stefani\u0119 i Stanis\u0142awa Rzepeckich,\u00a0Genowef\u0119 i Wiktora \u017bebrowskich oraz za dusze w czy\u015b\u0107cu cierpi\u0105ce \u2013 modli si\u0119 rodzina <\/p>\n\n\n\n<p><strong>12.3o\n\u2013 1) <\/strong>w 16 rocz. urodzin Katarzyny\nPytlarz dzi\u0119kczynna za otrzymane \u0142aski z pro\u015bb\u0105 o zdrowie, Bo\u017ce \u00a0b\u0142ogos\u0142awie\u0144stwo, dary Ducha \u015awi\u0119tego, opiek\u0119 NMP i \u015bw. Patron\u00f3w\u00a0 \u2013 modli si\u0119 rodzina<\/p>\n\n\n\n<p><strong>&nbsp;&nbsp;&nbsp;&nbsp;&nbsp;&nbsp;&nbsp; 2)<\/strong> w 60 rocz. \u015blubu Genowefy i Micha\u0142a Raks\u00f3w dzi\u0119kczynna\nza otrzymane \u0142aski z pro\u015bb\u0105 o zdrowie,  Bo\u017ce b\u0142ogos\u0142awie\u0144stwo, dary Ducha \u015awi\u0119tego, opiek\u0119 NMP i \u015bw. Patron\u00f3w na dalsze lata \u017cycia\u00a0\u2013 modli si\u0119 rodzina<\/p>\n\n\n\n<p>&nbsp;&nbsp;&nbsp;&nbsp;&nbsp;&nbsp;&nbsp;&nbsp;&nbsp;&nbsp;&nbsp;&nbsp;&nbsp;&nbsp;&nbsp;&nbsp;&nbsp;&nbsp;&nbsp;&nbsp;&nbsp;&nbsp;&nbsp;&nbsp;&nbsp;&nbsp;&nbsp;&nbsp;&nbsp;&nbsp;&nbsp;&nbsp;&nbsp;&nbsp; <strong><em>Chrzest po Mszy: Adam Szulc\n<\/em><\/strong><\/p>\n\n\n\n<p><strong>18.oo\n\u2013 1) <\/strong>+ Stefana Miedzi\u0144skiego &nbsp;<\/p>\n\n\n\n<p><strong>&nbsp;&nbsp;&nbsp;&nbsp;&nbsp;&nbsp;&nbsp;&nbsp;&nbsp;&nbsp;&nbsp; &nbsp;\n2) <\/strong>+ Waldemara Wr\u00f3blewskiego \u2013\ngregorianka 7 ( poza parafi\u0105) <\/p>\n","protected":false},"excerpt":{"rendered":"<p>Sk\u0142adaj\u0105c Ofiar\u0119, kt\u00f3ra nam przypomina niezmierzon\u0105 mi\u0142o\u015b\u0107 Twojego Syna, pokornie prosimy Ci\u0119, Bo\u017ce, przyjmij intencje Twoich wiernych i spraw przez dzia\u0142anie Eucharystii, aby w naszych rodzinach wzrasta\u0142a prawdziwa wiara, \u015bwi\u0119to\u015b\u0107 \u017cycia, braterska mi\u0142o\u015b\u0107 i duch modlitwy. Niech Matka Naj\u015bwi\u0119tsza wyprosi \u0142aski, o kt\u00f3re modlili\u015bmy si\u0119 w tej Mszy \u015bw. dla&#8230; <a class=\"continue-reading-link\" href=\"http:\/\/parafia.scinawa.info\/index.php\/2023\/09\/29\/intencje-mszalne-01-10-08-10-2023\/\">Czytaj dalej <span class=\"meta-nav\">&rarr; <\/span><\/a><\/p>\n","protected":false},"author":2,"featured_media":0,"comment_status":"closed","ping_status":"closed","sticky":false,"template":"","format":"standard","meta":{"footnotes":""},"categories":[39],"tags":[],"class_list":["post-2443","post","type-post","status-publish","format-standard","hentry","category-intencje"],"_links":{"self":[{"href":"http:\/\/parafia.scinawa.info\/index.php\/wp-json\/wp\/v2\/posts\/2443","targetHints":{"allow":["GET"]}}],"collection":[{"href":"http:\/\/parafia.scinawa.info\/index.php\/wp-json\/wp\/v2\/posts"}],"about":[{"href":"http:\/\/parafia.scinawa.info\/index.php\/wp-json\/wp\/v2\/types\/post"}],"author":[{"embeddable":true,"href":"http:\/\/parafia.scinawa.info\/index.php\/wp-json\/wp\/v2\/users\/2"}],"replies":[{"embeddable":true,"href":"http:\/\/parafia.scinawa.info\/index.php\/wp-json\/wp\/v2\/comments?post=2443"}],"version-history":[{"count":2,"href":"http:\/\/parafia.scinawa.info\/index.php\/wp-json\/wp\/v2\/posts\/2443\/revisions"}],"predecessor-version":[{"id":2445,"href":"http:\/\/parafia.scinawa.info\/index.php\/wp-json\/wp\/v2\/posts\/2443\/revisions\/2445"}],"wp:attachment":[{"href":"http:\/\/parafia.scinawa.info\/index.php\/wp-json\/wp\/v2\/media?parent=2443"}],"wp:term":[{"taxonomy":"category","embeddable":true,"href":"http:\/\/parafia.scinawa.info\/index.php\/wp-json\/wp\/v2\/categories?post=2443"},{"taxonomy":"post_tag","embeddable":true,"href":"http:\/\/parafia.scinawa.info\/index.php\/wp-json\/wp\/v2\/tags?post=2443"}],"curies":[{"name":"wp","href":"https:\/\/api.w.org\/{rel}","templated":true}]}}