{"id":2446,"date":"2023-09-29T22:22:48","date_gmt":"2023-09-29T20:22:48","guid":{"rendered":"http:\/\/parafia.scinawa.info\/?p=2446"},"modified":"2023-09-29T22:23:05","modified_gmt":"2023-09-29T20:23:05","slug":"ogloszenia-duszpasterskie-26-niedziela-zwykla-01-10-2023","status":"publish","type":"post","link":"http:\/\/parafia.scinawa.info\/index.php\/2023\/09\/29\/ogloszenia-duszpasterskie-26-niedziela-zwykla-01-10-2023\/","title":{"rendered":"Og\u0142oszenia duszpasterskie  26 Niedziela zwyk\u0142a \u2013 01.10. 2023"},"content":{"rendered":"\n<p><strong>1<\/strong><strong>.<\/strong> Dzi\u015b prze\u017cywamy\n<strong>26 Niedziel\u0119 zwyk\u0142\u0105<\/strong>. Msze \u015bw. wed\u0142ug\nporz\u0105dku niedzielnego. Zmiana tajemnic \u017bywego R\u00f3\u017ca\u0144ca po Mszy\no <strong>10<sup>30<\/sup>.<\/strong> <\/p>\n\n\n\n<p><strong>2.<\/strong>\nDzisiaj, 1 pa\u017adziernika <strong><em>spotkanie dla\nrodzic\u00f3w i dzieci Pierwszokomunijnych o godz. 12<sup>30<\/sup> po\u0142\u0105czone z\npo\u015bwi\u0119ceniem i przekazaniem dzieciom r\u00f3\u017ca\u0144ca.<\/em><\/strong><\/p>\n\n\n\n<p><strong>3.<\/strong>\nCodziennie spowied\u017a i adoracja Naj\u015bwi\u0119tszego Sakramentu o godz. <strong>17<sup>00<\/sup>.<\/strong><\/p>\n\n\n\n<p><strong>4. <\/strong><strong>Nabo\u017ce\u0144stwa r\u00f3\u017ca\u0144cowe codziennie o 17<sup>30<\/sup>.<\/strong><\/p>\n\n\n\n<p><strong>5. <\/strong><strong>W tym tygodniu w czasie adoracji nabo\u017ce\u0144stwa:<\/strong><\/p>\n\n\n\n<p><strong>&#8211; w poniedzia\u0142ek&nbsp; &#8211; <\/strong>nabo\u017ce\u0144stwo<strong>\n<em>do Bo\u017cego Mi\u0142osierdzia <\/em><\/strong><\/p>\n\n\n\n<p>&#8211; &nbsp;<strong><em>do \u015brody &nbsp; &nbsp;&nbsp;&nbsp;&nbsp;&nbsp;&nbsp;&nbsp;&nbsp;&nbsp; &#8211; codziennie<\/em><\/strong> nowenna do \u015bw. Siostry Faustyny<strong><\/strong><\/p>\n\n\n\n<p><strong>&#8211;<\/strong> <strong>w \u015brod\u0119<\/strong>\n&nbsp;&nbsp;&nbsp;&nbsp;&nbsp;&nbsp;&nbsp;&nbsp;&nbsp;&nbsp;&nbsp;&nbsp;&nbsp;<strong>&#8211; <\/strong>nabo\u017ce\u0144stwo<strong> <em>do<\/em><\/strong> <strong><em>NMP Nieustaj\u0105cej Pomocy<\/em><\/strong> &nbsp;<\/p>\n\n\n\n<p><strong>6.<\/strong><strong> <\/strong>W tym tygodniu obchodzimy:<strong><\/strong><\/p>\n\n\n\n<p>&#8211; <strong>w\nponiedzia\u0142ek<\/strong> \u2013 wspomnienie\n\u015bw. Anio\u0142\u00f3w Str\u00f3\u017c\u00f3w<\/p>\n\n\n\n<p>&#8211; <strong>w\n\u015brod\u0119<\/strong> \u2013 wspomnienie \u015bw. Franciszka\nz Asy\u017cu<\/p>\n\n\n\n<p>&#8211; <a><strong>w <\/strong><\/a><strong>czwartek<\/strong> \u2013 wspomnienie \u015bw. Faustyny, dziewicy<\/p>\n\n\n\n<p>&#8211; <strong>w sobot\u0119<\/strong> \u2013 wspomnienie NMP R\u00f3\u017ca\u0144cowej \u2013 <strong>odpust\nzupe\u0142ny dla \u017bywego R\u00f3\u017ca\u0144ca<\/strong><\/p>\n\n\n\n<p><strong>7.<\/strong>\nW tym tygodniu obchodzimy I czwartek i I pi\u0105tek, I sobot\u0119 miesi\u0105ca. <\/p>\n\n\n\n<p><strong>8<\/strong><strong>.<\/strong>\n<strong><em>Odwiedziny\nchorych w I pi\u0105tek miesi\u0105ca od godz. <\/em>8<sup>30<\/sup><em>.<\/em><\/strong><strong><\/strong><\/p>\n\n\n\n<p><strong>9<\/strong><strong>.<\/strong> W sobot\u0119 o godz. <strong>17<sup>00<\/sup><\/strong> <strong><em>nabo\u017ce\u0144stwo fatimskie<\/em><\/strong>\nI soboty miesi\u0105ca.<strong><\/strong><\/p>\n\n\n\n<p><strong>10<\/strong><strong>. <\/strong>W przysz\u0142\u0105 niedziel\u0119\nb\u0119dziemy prze\u017cywa\u0107 <strong>27 Niedziel\u0119 zwyk\u0142\u0105<\/strong>.\nMsze \u015bw. wed\u0142ug porz\u0105dku niedzielnego. <\/p>\n\n\n\n<p><strong>11<\/strong><strong>.<\/strong> Kancelaria\nczynna codziennie po Mszy \u015bw. wieczornej z wyj\u0105tkiem niedziel, uroczysto\u015bci i\n\u015bwi\u0105t.<\/p>\n\n\n\n<p><strong>12<\/strong><strong>.<\/strong> Do nabycia jest\nprasa katolicka: Niedziela, Go\u015b\u0107 Niedzielny, Ma\u0142y GN i R\u00f3\u017caniec. <\/p>\n\n\n\n<p><strong>13<\/strong><strong>.<\/strong> Dzi\u0119kuj\u0119\nwszystkim, kt\u00f3rzy w tym tygodniu sprz\u0105tali \u015bwi\u0105tyni\u0119 i przygotowali j\u0105 na nasze\nspotkanie eucharystyczne.<\/p>\n\n\n\n<p><strong>14<\/strong><strong>.<\/strong> Serdeczne B\u00f3g\nzap\u0142a\u0107 za ofiary sk\u0142adane na remonty w naszej parafii. <\/p>\n\n\n\n<p><strong>15.<\/strong> Intencje mszalne \u2013 obrazki<\/p>\n\n\n\n<p><em>\u017byczymy mi\u0142ego tygodnia i obfitych \u0142ask Bo\u017cych.<\/em><\/p>\n","protected":false},"excerpt":{"rendered":"<p>1. Dzi\u015b prze\u017cywamy 26 Niedziel\u0119 zwyk\u0142\u0105. Msze \u015bw. wed\u0142ug porz\u0105dku niedzielnego. Zmiana tajemnic \u017bywego R\u00f3\u017ca\u0144ca po Mszy o 1030. 2. Dzisiaj, 1 pa\u017adziernika spotkanie dla rodzic\u00f3w i dzieci Pierwszokomunijnych o godz. 1230 po\u0142\u0105czone z po\u015bwi\u0119ceniem i przekazaniem dzieciom r\u00f3\u017ca\u0144ca. 3. Codziennie spowied\u017a i adoracja Naj\u015bwi\u0119tszego Sakramentu o godz. 1700. 4&#8230;. <a class=\"continue-reading-link\" href=\"http:\/\/parafia.scinawa.info\/index.php\/2023\/09\/29\/ogloszenia-duszpasterskie-26-niedziela-zwykla-01-10-2023\/\">Czytaj dalej <span class=\"meta-nav\">&rarr; <\/span><\/a><\/p>\n","protected":false},"author":2,"featured_media":0,"comment_status":"closed","ping_status":"closed","sticky":false,"template":"","format":"standard","meta":{"footnotes":""},"categories":[40],"tags":[],"class_list":["post-2446","post","type-post","status-publish","format-standard","hentry","category-ogloszenia-duszpasterskie"],"_links":{"self":[{"href":"http:\/\/parafia.scinawa.info\/index.php\/wp-json\/wp\/v2\/posts\/2446","targetHints":{"allow":["GET"]}}],"collection":[{"href":"http:\/\/parafia.scinawa.info\/index.php\/wp-json\/wp\/v2\/posts"}],"about":[{"href":"http:\/\/parafia.scinawa.info\/index.php\/wp-json\/wp\/v2\/types\/post"}],"author":[{"embeddable":true,"href":"http:\/\/parafia.scinawa.info\/index.php\/wp-json\/wp\/v2\/users\/2"}],"replies":[{"embeddable":true,"href":"http:\/\/parafia.scinawa.info\/index.php\/wp-json\/wp\/v2\/comments?post=2446"}],"version-history":[{"count":2,"href":"http:\/\/parafia.scinawa.info\/index.php\/wp-json\/wp\/v2\/posts\/2446\/revisions"}],"predecessor-version":[{"id":2448,"href":"http:\/\/parafia.scinawa.info\/index.php\/wp-json\/wp\/v2\/posts\/2446\/revisions\/2448"}],"wp:attachment":[{"href":"http:\/\/parafia.scinawa.info\/index.php\/wp-json\/wp\/v2\/media?parent=2446"}],"wp:term":[{"taxonomy":"category","embeddable":true,"href":"http:\/\/parafia.scinawa.info\/index.php\/wp-json\/wp\/v2\/categories?post=2446"},{"taxonomy":"post_tag","embeddable":true,"href":"http:\/\/parafia.scinawa.info\/index.php\/wp-json\/wp\/v2\/tags?post=2446"}],"curies":[{"name":"wp","href":"https:\/\/api.w.org\/{rel}","templated":true}]}}