{"id":2450,"date":"2023-10-07T12:32:53","date_gmt":"2023-10-07T10:32:53","guid":{"rendered":"http:\/\/parafia.scinawa.info\/?p=2450"},"modified":"2023-10-07T12:36:40","modified_gmt":"2023-10-07T10:36:40","slug":"2450","status":"publish","type":"post","link":"http:\/\/parafia.scinawa.info\/index.php\/2023\/10\/07\/2450\/","title":{"rendered":"INTENCJE MSZALNE 08.10. \u2013 15.10. 2023"},"content":{"rendered":"\n<p><strong><em>Sk\u0142adaj\u0105c\nOfiar\u0119, kt\u00f3ra nam przypomina niezmierzon\u0105 mi\u0142o\u015b\u0107 Twojego Syna, pokornie prosimy\nCi\u0119, Bo\u017ce, przyjmij intencje Twoich wiernych i spraw przez dzia\u0142anie\nEucharystii, aby w naszych rodzinach wzrasta\u0142a prawdziwa wiara, \u015bwi\u0119to\u015b\u0107 \u017cycia,\nbraterska mi\u0142o\u015b\u0107 i duch modlitwy. <\/em><\/strong><strong>Niech\nMatka Naj\u015bwi\u0119tsza wyprosi \u0142aski, o kt\u00f3re modlili\u015bmy si\u0119 w tej Mszy \u015bw. dla \u2026\nZa\u015b zmar\u0142ym \u2026 za kt\u00f3rych odprawiali\u015bmy Msz\u0119 \u015bw.: wieczny odpoczynek racz im\nda\u0107 Panie (\u2026); niech odpoczywaj\u0105 w pokoju wiecznym. Amen<\/strong><\/p>\n\n\n\n<p><strong>08.10<em>. &#8211; NIEDZIELA&nbsp; <\/em><\/strong><em><\/em><\/p>\n\n\n\n<p><strong>8.oo\n\u2013 1) <\/strong>w 90 rocz. urodzin Janiny\nBilewicz dzi\u0119kczynna za otrzymane \u0142aski z pro\u015bb\u0105 o zdrowie, dary\u00a0Ducha \u015awi\u0119tego, Bo\u017ce b\u0142ogos\u0142awie\u0144stwo, opiek\u0119 NMP i \u015bw. Patron\u00f3w na dalsze lata \u017cycia\u00a0\u00a0\u2013 modli si\u0119 rodzina <\/p>\n\n\n\n<p><strong>\u00a0\u00a0\u00a0\u00a0\u00a0\u00a0\u00a0\u00a0\u00a0\u00a0\u00a0 \u00a0 2)<\/strong> w 33 rocz. \u015blubu Ewy i Kazimierza oraz za dzieci i wnuczki dzi\u0119kczynna za otrzymane \u0142aski  z pro\u015bb\u0105 o zdrowie, Bo\u017ce b\u0142ogos\u0142awie\u0144stwo, dary Ducha \u015awi\u0119tego, opiek\u0119 NMP i \u015bw. Patron\u00f3w\u00a0na dalsze lata \u017cycia<\/p>\n\n\n\n<p><strong>&nbsp; 9.3o \u2013 <\/strong>&nbsp;w\nrocz. urodzin c\u00f3rki Ma\u0142gorzaty, w 15 rocz. urodzin Jakuba, w 11 rocz. urodzin Zofii,\nw 18 rocz.\u00a0urodzin Jakuba &#8211; dzi\u0119kczynna za otrzymane \u0142aski z pro\u015bb\u0105 o zdrowie, dary Ducha \u015awi\u0119tego,  Bo\u017ce b\u0142ogos\u0142awie\u0144stwo, opiek\u0119 NMP i \u015bw. Patron\u00f3w na dalsze lata \u017cycia \u2013 modli si\u0119 rodzina <\/p>\n\n\n\n<p><strong>11.oo\n\u2013 1) <\/strong>w 65 rocz. urodzin brata\nHenryka i 25 rocz. urodzin chrze\u015bnicy Magdaleny dzi\u0119kczynna za  otrzymane \u0142aski z pro\u015bb\u0105 o zdrowie, Bo\u017ce b\u0142ogos\u0142awie\u0144stwo, dary Ducha \u015awi\u0119tego, opiek\u0119  NMP i \u015bw. Patron\u00f3w\u00a0 \u2013 modli si\u0119 siostra El\u017cbieta z rodzin\u0105<\/p>\n\n\n\n<p><strong>&nbsp;&nbsp;&nbsp;&nbsp;&nbsp;&nbsp;&nbsp;&nbsp;&nbsp;&nbsp;&nbsp; 2) <\/strong>+ Jana \u017bebrowskiego w 8 rocz. \u015bm., ++ rodzic\u00f3w z obu\nstron: Stefani\u0119 i Stanis\u0142awa Rzepeckich,\u00a0Genowef\u0119 i Wiktora \u017bebrowskich oraz za dusze w czy\u015b\u0107cu cierpi\u0105ce \u2013 modli si\u0119 rodzina <\/p>\n\n\n\n<p><strong>12.3o\n\u2013 1) <\/strong>w 16 rocz. urodzin Katarzyny\nPytlarz dzi\u0119kczynna za otrzymane \u0142aski z pro\u015bb\u0105 o zdrowie, Bo\u017ce\u00a0b\u0142ogos\u0142awie\u0144stwo, dary Ducha \u015awi\u0119tego, opiek\u0119 NMP i \u015bw. Patron\u00f3w\u00a0 \u2013 modli si\u0119 rodzina<\/p>\n\n\n\n<p><strong>&nbsp;&nbsp;&nbsp;&nbsp;&nbsp;&nbsp;&nbsp; 2)<\/strong> w 60 rocz. \u015blubu Genowefy i Micha\u0142a Raks\u00f3w dzi\u0119kczynna\nza otrzymane \u0142aski z pro\u015bb\u0105 o zdrowie,  Bo\u017ce b\u0142ogos\u0142awie\u0144stwo, dary Ducha \u015awi\u0119tego, opiek\u0119 NMP i \u015bw. Patron\u00f3w na dalsze lata \u017cycia\u00a0\u2013 modli si\u0119 rodzina<\/p>\n\n\n\n<p>&nbsp;&nbsp;&nbsp;&nbsp;&nbsp;&nbsp;&nbsp;&nbsp;&nbsp;&nbsp;&nbsp;&nbsp;&nbsp;&nbsp;&nbsp;&nbsp;&nbsp;&nbsp;&nbsp;&nbsp;&nbsp;&nbsp;&nbsp;&nbsp;&nbsp;&nbsp;&nbsp;&nbsp;&nbsp;&nbsp;&nbsp;&nbsp;&nbsp;&nbsp; <strong><em>Chrzest: Adam Szulc <\/em><\/strong><\/p>\n\n\n\n<p><strong>18.oo\n\u2013 1) <\/strong>+ Stefana Miedzi\u0144skiego &nbsp;<\/p>\n\n\n\n<p><strong>&nbsp;&nbsp;&nbsp;&nbsp;&nbsp;&nbsp;&nbsp;&nbsp;&nbsp;&nbsp;&nbsp; &nbsp;\n2) <\/strong>+ Waldemara Wr\u00f3blewskiego \u2013\ngregorianka 7 ( poza parafi\u0105)<strong>\n&nbsp;&nbsp;<\/strong>&nbsp;<\/p>\n\n\n\n<p><strong>09.10<em>. \u2013 PONIEDZIA\u0141EK<\/em><\/strong><\/p>\n\n\n\n<p><strong>&nbsp;&nbsp;7.oo \u2013 <\/strong>&nbsp;+\nWaldemara Wr\u00f3blewskiego \u2013 gregorianka 8<\/p>\n\n\n\n<p><strong>18.oo\n\u2013 1) <\/strong>w 11 rocz. urodzin Zosi dzi\u0119kczynna\nza otrzymane \u0142aski z pro\u015bb\u0105 o zdrowie, Bo\u017ce  b\u0142ogos\u0142awie\u0144stwo, dary Ducha \u015awi\u0119tego, opiek\u0119 NMP i \u015bw. Patron\u00f3w \u2013 modl\u0105 si\u0119 rodzice<strong> <\/strong><\/p>\n\n\n\n<p><strong>&nbsp;&nbsp;&nbsp;&nbsp;&nbsp;&nbsp;&nbsp;&nbsp;&nbsp;&nbsp;&nbsp; &nbsp;\n2)<\/strong> + Mari\u0119 Cierlik w 3 rocz.\n\u015bm. \u2013 modli si\u0119 c\u00f3rka z rodzin\u0105<\/p>\n\n\n\n<p><strong>10.10<em>. &#8211; WTOREK<\/em><\/strong><em><\/em><\/p>\n\n\n\n<p><strong>&nbsp;&nbsp; 7.oo \u2013 <\/strong>+ Waldemara Wr\u00f3blewskiego \u2013 gregorianka 9<\/p>\n\n\n\n<p><strong>18.oo\n\u2013 <\/strong>++ m\u0119\u017ca J\u00f3zefa, Iren\u0119, Macieja, Helen\u0119 Bogacz, Paw\u0142a\nSet\u0119 \u2013 modli si\u0119 rodzina<\/p>\n\n\n\n<p><strong>11.10<em>. \u2013 \u015aRODA <\/em><\/strong><\/p>\n\n\n\n<p><strong>&nbsp; 7.oo \u2013 <\/strong>+ Waldemara Wr\u00f3blewskiego \u2013 gregorianka 10<strong><\/strong><\/p>\n\n\n\n<p><strong>18.oo\n\u2013&nbsp; intencja zbiorowa nowennowa:<\/strong><\/p>\n\n\n\n<p><strong>1)<\/strong>\n+ Dari\u0119 Marczuk \u2013 modli si\u0119 matka chrzestna oraz + babci\u0119 Janin\u0119 Marczuk w 8 miesi\u0119cy\npo \u015bmierci  \u2013 modl\u0105 si\u0119 wnuczki <\/p>\n\n\n\n<p><strong>2)<\/strong>\n+ Krystyn\u0119 Cebul\u0119 &#8211; 30 dzie\u0144 od pogrzebu &#8211; intencja od uczestnik\u00f3w Mszy pogrzebowej<\/p>\n\n\n\n<p><strong>3)\n<\/strong>+ Dariusza \u0141acha &#8211; 30 dzie\u0144 od pogrzebu &#8211;\nintencja od uczestnik\u00f3w Mszy pogrzebowej<\/p>\n\n\n\n<p><strong>12.10<em>. \u2013 CZWARTEK <\/em><\/strong><em>&nbsp;<\/em><\/p>\n\n\n\n<p><strong>&nbsp; 7.oo \u2013<\/strong> &nbsp;+\nPaw\u0142a Kostyszaka w 3 rocz. \u015bm.<\/p>\n\n\n\n<p><strong>18.oo\n\u2013 1) <\/strong>+ Teres\u0119 Zi\u00f3\u0142kowsk\u0105 \u2013\nmodli si\u0119 Magda z rodzin\u0105 <\/p>\n\n\n\n<p><strong>&nbsp;&nbsp;&nbsp;&nbsp;&nbsp;&nbsp;&nbsp;&nbsp;&nbsp;&nbsp;&nbsp; &nbsp;\n2) <\/strong>+ Waldemara Wr\u00f3blewskiego \u2013\ngregorianka 11<\/p>\n\n\n\n<p><strong>13.10<em>. \u2013 PI\u0104TEK<\/em><\/strong><\/p>\n\n\n\n<p><strong>&nbsp; &nbsp;&nbsp;7.oo\n\u2013<\/strong>\n&nbsp;++\nAdama, J\u00f3zef\u0119, Czes\u0142awa, Zdzis\u0142awa z rodziny Droni\u00f3w \u2013 modli si\u0119 Lucyna z\nKrapkowic<\/p>\n\n\n\n<p><strong>18.oo\n\u2013 1) <\/strong>+ Waldemara Wr\u00f3blewskiego \u2013\ngregorianka 12 &nbsp;<\/p>\n\n\n\n<p><strong>&nbsp;&nbsp;&nbsp;&nbsp;&nbsp;&nbsp;&nbsp;&nbsp;&nbsp;&nbsp;&nbsp; &nbsp;2)<\/strong> + Halin\u0119 Tymkowsk\u0105 w\n15 rocz. \u015bm. oraz Jadwig\u0119 i Zdzis\u0142awa Tymkowskich \u2013 modli si\u0119 rodzina <\/p>\n\n\n\n<p><strong><em>14.10.\n\u2013 SOBOTA<\/em><\/strong><\/p>\n\n\n\n<p><strong>&nbsp; &nbsp;&nbsp;7.oo\n\u2013<\/strong>\n<strong>1) <\/strong>+ Waldemara Wr\u00f3blewskiego \u2013 gregorianka 13 &nbsp;<\/p>\n\n\n\n<p><strong>&nbsp;&nbsp;&nbsp;&nbsp;&nbsp;&nbsp;&nbsp;&nbsp;&nbsp;&nbsp;&nbsp; &nbsp;\n2)<\/strong> ++ Aleksandr\u0119 w 4 rocz.\n\u015bm. i Jana Knap\u00f3w \u2013 modl\u0105 si\u0119 dzieci z rodzinami<\/p>\n\n\n\n<p><strong>16.45 \u2013 chrzest:\nOliwier Tatarynowicz<\/strong><\/p>\n\n\n\n<p><strong>18.oo\n\u2013 1) <\/strong>+ Micha\u0142a Skocznia w 1\nrocz. \u015bm. \u2013 modli si\u0119 \u017cona z synami <\/p>\n\n\n\n<p><strong>&nbsp;&nbsp;&nbsp;&nbsp;&nbsp;&nbsp;&nbsp;&nbsp;&nbsp;&nbsp;&nbsp; &nbsp;\n2)<\/strong> + Jana Jastrz\u0119bskiego w 4 rocz. \u015bm., ++ rodzic\u00f3w:\nPelagie i W\u0142adys\u0142awa, te\u015bci\u00f3w: Janin\u0119  i Piotra, ++ rodze\u0144stwo: Wand\u0119 i Kazimierza \u2013 modli si\u0119 \u017cona i syn z rodzin\u0105 <\/p>\n\n\n\n<p><strong><em>15.10.\n\u2013 NIEDZIELA&nbsp; <\/em><\/strong><\/p>\n\n\n\n<p><strong>&nbsp; 8.oo \u2013 1) <\/strong>++ W\u0142adys\u0142aw\u0119 w 10 rocz. \u015bm., Kazimier\u0119, Mari\u0119, Stanis\u0142awa i J\u00f3zefa z\nrodziny Szymczak\u00f3w  \u2013 modli si\u0119 rodzina <\/p>\n\n\n\n<p><strong>&nbsp;&nbsp;&nbsp;&nbsp;&nbsp;&nbsp;&nbsp;&nbsp;&nbsp;&nbsp;&nbsp; &nbsp;\n2)<\/strong> ++ rodzic\u00f3w z obu stron oraz ++ z rodziny Tyndyk\u00f3w,\nRabiejewskich, S\u0142odownik\u00f3w \u00a0 i Skowro\u0144skich &#8211; modli si\u0119 rodzina<\/p>\n\n\n\n<p><strong>&nbsp; 9.3o \u2013 <\/strong>&nbsp;&nbsp;+ m\u0119\u017ca Stanis\u0142awa\nw 26 rocz. \u015bm. \u2013 modli si\u0119 \u017cona z rodzin\u0105<\/p>\n\n\n\n<p><strong>11.oo\n\u2013 1) <\/strong>++ Eugeniusza Zdobylaka,\nHelen\u0119 i Piotra Mularczyk\u00f3w, Zofi\u0119 i Kazimierza Krzy\u017canowskich \u00a0\u00a0\u2013 modli si\u0119 rodzina<\/p>\n\n\n\n<p><strong>&nbsp;&nbsp;&nbsp;&nbsp;&nbsp;&nbsp;&nbsp;&nbsp;&nbsp;&nbsp;&nbsp; &nbsp;\n2) <\/strong>&nbsp;zaj.<\/p>\n\n\n\n<p><strong>12.3o\n\u2013 1) <\/strong>w intencji Marii z okazji\nurodzin, za dzieci i wnuki oraz ca\u0142\u0105 rodzin\u0119 dzi\u0119kczynna za otrzymane\u00a0\u0142aski z pro\u015bb\u0105 o zdrowie, Bo\u017ce b\u0142ogos\u0142awie\u0144stwo, dary Ducha \u015awi\u0119tego, opiek\u0119 NMP i \u015bw. Patron\u00f3w<\/p>\n\n\n\n<p><strong>&nbsp;&nbsp;&nbsp;&nbsp;&nbsp;&nbsp;&nbsp;&nbsp;&nbsp;&nbsp;&nbsp; &nbsp;\n2)<\/strong> w 6 rocz. urodzin Bartosza, za jego brata i rodzic\u00f3w dzi\u0119kczynna za otrzymane \u0142aski z pro\u015bb\u0105 \u00a0 o zdrowie, Bo\u017ce b\u0142ogos\u0142awie\u0144stwo, dary Ducha \u015awi\u0119tego, opiek\u0119 NMP i \u015bw. Patron\u00f3w<\/p>\n\n\n\n<p>&nbsp;&nbsp;&nbsp;&nbsp;&nbsp;&nbsp;&nbsp;&nbsp;&nbsp;&nbsp;&nbsp;&nbsp;&nbsp;&nbsp;&nbsp;&nbsp;&nbsp;&nbsp;&nbsp;&nbsp;&nbsp;&nbsp;&nbsp;&nbsp;&nbsp;&nbsp;&nbsp;&nbsp;&nbsp;&nbsp;&nbsp;&nbsp;&nbsp;&nbsp; <strong><em>Chrzest: Emil Jaros\u0142aw\nJurczyk<\/em><\/strong><\/p>\n\n\n\n<p><strong>18.oo\n\u2013 1) <\/strong>++ rodzic\u00f3w w rocz. \u015bm \u2013\nmodli si\u0119 c\u00f3rka <\/p>\n\n\n\n<p><strong>&nbsp;&nbsp;&nbsp;&nbsp;&nbsp;&nbsp;&nbsp;&nbsp;&nbsp;&nbsp;&nbsp; &nbsp;\n2) <\/strong>+ Waldemara Wr\u00f3blewskiego \u2013\ngregorianka 7 ( poza parafi\u0105) <\/p>\n","protected":false},"excerpt":{"rendered":"<p>Sk\u0142adaj\u0105c Ofiar\u0119, kt\u00f3ra nam przypomina niezmierzon\u0105 mi\u0142o\u015b\u0107 Twojego Syna, pokornie prosimy Ci\u0119, Bo\u017ce, przyjmij intencje Twoich wiernych i spraw przez dzia\u0142anie Eucharystii, aby w naszych rodzinach wzrasta\u0142a prawdziwa wiara, \u015bwi\u0119to\u015b\u0107 \u017cycia, braterska mi\u0142o\u015b\u0107 i duch modlitwy. Niech Matka Naj\u015bwi\u0119tsza wyprosi \u0142aski, o kt\u00f3re modlili\u015bmy si\u0119 w tej Mszy \u015bw. dla&#8230; <a class=\"continue-reading-link\" href=\"http:\/\/parafia.scinawa.info\/index.php\/2023\/10\/07\/2450\/\">Czytaj dalej <span class=\"meta-nav\">&rarr; <\/span><\/a><\/p>\n","protected":false},"author":2,"featured_media":0,"comment_status":"closed","ping_status":"closed","sticky":false,"template":"","format":"standard","meta":{"footnotes":""},"categories":[39],"tags":[],"class_list":["post-2450","post","type-post","status-publish","format-standard","hentry","category-intencje"],"_links":{"self":[{"href":"http:\/\/parafia.scinawa.info\/index.php\/wp-json\/wp\/v2\/posts\/2450","targetHints":{"allow":["GET"]}}],"collection":[{"href":"http:\/\/parafia.scinawa.info\/index.php\/wp-json\/wp\/v2\/posts"}],"about":[{"href":"http:\/\/parafia.scinawa.info\/index.php\/wp-json\/wp\/v2\/types\/post"}],"author":[{"embeddable":true,"href":"http:\/\/parafia.scinawa.info\/index.php\/wp-json\/wp\/v2\/users\/2"}],"replies":[{"embeddable":true,"href":"http:\/\/parafia.scinawa.info\/index.php\/wp-json\/wp\/v2\/comments?post=2450"}],"version-history":[{"count":2,"href":"http:\/\/parafia.scinawa.info\/index.php\/wp-json\/wp\/v2\/posts\/2450\/revisions"}],"predecessor-version":[{"id":2452,"href":"http:\/\/parafia.scinawa.info\/index.php\/wp-json\/wp\/v2\/posts\/2450\/revisions\/2452"}],"wp:attachment":[{"href":"http:\/\/parafia.scinawa.info\/index.php\/wp-json\/wp\/v2\/media?parent=2450"}],"wp:term":[{"taxonomy":"category","embeddable":true,"href":"http:\/\/parafia.scinawa.info\/index.php\/wp-json\/wp\/v2\/categories?post=2450"},{"taxonomy":"post_tag","embeddable":true,"href":"http:\/\/parafia.scinawa.info\/index.php\/wp-json\/wp\/v2\/tags?post=2450"}],"curies":[{"name":"wp","href":"https:\/\/api.w.org\/{rel}","templated":true}]}}