{"id":2453,"date":"2023-10-07T12:42:46","date_gmt":"2023-10-07T10:42:46","guid":{"rendered":"http:\/\/parafia.scinawa.info\/?p=2453"},"modified":"2023-10-07T12:42:46","modified_gmt":"2023-10-07T10:42:46","slug":"ogloszenia-duszpasterskie-27-niedziela-zwykla-08-10-2023","status":"publish","type":"post","link":"http:\/\/parafia.scinawa.info\/index.php\/2023\/10\/07\/ogloszenia-duszpasterskie-27-niedziela-zwykla-08-10-2023\/","title":{"rendered":"Og\u0142oszenia duszpasterskie  27 Niedziela zwyk\u0142a \u2013 08.10. 2023"},"content":{"rendered":"\n<p><strong>1<\/strong><strong>.<\/strong> Dzi\u015b prze\u017cywamy\n<strong>27 Niedziel\u0119 zwyk\u0142\u0105<\/strong>. Msze \u015bw. wed\u0142ug\nporz\u0105dku niedzielnego. <\/p>\n\n\n\n<p><strong>2.<\/strong>\nCodziennie spowied\u017a i adoracja Naj\u015bwi\u0119tszego Sakramentu o godz. <strong>17<sup>00<\/sup>.<\/strong><\/p>\n\n\n\n<p><strong>3. <\/strong><strong>Nabo\u017ce\u0144stwa r\u00f3\u017ca\u0144cowe codziennie o 17<sup>30<\/sup>.<\/strong><\/p>\n\n\n\n<p><strong>4. <\/strong><strong>W tym tygodniu w czasie adoracji modlimy\nsi\u0119:<\/strong><\/p>\n\n\n\n<p><strong>&#8211; w poniedzia\u0142ek&nbsp; &#8211; <em>do Bo\u017cego Mi\u0142osierdzia <\/em><\/strong><\/p>\n\n\n\n<p><strong>&#8211;<\/strong> <strong>w \u015brod\u0119<\/strong>\n&nbsp;&nbsp;&nbsp;&nbsp;&nbsp;&nbsp;&nbsp;&nbsp;&nbsp;&nbsp;&nbsp;&nbsp;&nbsp;<strong>&#8211; <\/strong>nabo\u017ce\u0144stwo<strong> <em>do<\/em><\/strong> <strong><em>NMP Nieustaj\u0105cej Pomocy<\/em><\/strong> <\/p>\n\n\n\n<p>&#8211; <strong>do\nsoboty<\/strong><strong><em>\n&nbsp;&nbsp;&nbsp;&nbsp;&nbsp;&nbsp;&nbsp;&nbsp;&nbsp;&#8211; codziennie<\/em><\/strong> nowenna do \u015bw. Jana Paw\u0142a II w intencji Ojczyzny<strong><\/strong><\/p>\n\n\n\n<p><strong>5.<\/strong><strong> <\/strong>W tym tygodniu obchodzimy:<strong><\/strong><\/p>\n\n\n\n<p>&#8211; <strong>w\npi\u0105tek<\/strong> \u2013 wspomnienie b\u0142.\nHonorata Ko\u017ami\u0144skiego<\/p>\n\n\n\n<p><strong>6<\/strong><strong>.<\/strong> W pi\u0105tek &nbsp;po Mszy wieczornej o godz. <strong>18<sup>30<\/sup><\/strong> <strong><em>nabo\u017ce\u0144stwo fatimskie<\/em><\/strong>.<strong><\/strong><\/p>\n\n\n\n<p><strong>7<\/strong><strong>. <\/strong>W przysz\u0142\u0105 niedziel\u0119\nb\u0119dziemy prze\u017cywa\u0107 <strong>28 Niedziel\u0119 zwyk\u0142\u0105<\/strong>\noraz Niedziel\u0119 papiesk\u0105. Msze \u015bw. wg\nporz\u0105dku niedzielnego. <strong><em>We wszystkich ko\u015bcio\u0142ach\nPolski zbierane s\u0105 ofiary do puszek przeznaczone na Fundacj\u0119 Jana Paw\u0142a II \u2013\nDzie\u0142o Nowego Tysi\u0105clecia.<\/em><\/strong> <\/p>\n\n\n\n<p><strong>8<\/strong><strong>.<\/strong> Kancelaria\nczynna codziennie po Mszy \u015bw. wieczornej z wyj\u0105tkiem niedziel, uroczysto\u015bci i\n\u015bwi\u0105t.<\/p>\n\n\n\n<p><strong>9<\/strong><strong>.<\/strong> Do nabycia jest\nprasa katolicka: Niedziela, Go\u015b\u0107 Niedzielny, Ma\u0142y GN i R\u00f3\u017caniec. <\/p>\n\n\n\n<p><strong>10<\/strong><strong>.<\/strong> Dzi\u0119kuj\u0119\nwszystkim, kt\u00f3rzy w tym tygodniu sprz\u0105tali \u015bwi\u0105tyni\u0119 i przygotowali j\u0105 na nasze\nspotkanie eucharystyczne.<\/p>\n\n\n\n<p><strong>11<\/strong><strong>.<\/strong> Serdeczne B\u00f3g\nzap\u0142a\u0107 za ofiary sk\u0142adane na remonty w naszej parafii. <\/p>\n\n\n\n<p><strong>12.<\/strong> Intencje mszalne \u2013 obrazki<\/p>\n\n\n\n<p><em>\u017byczymy mi\u0142ego tygodnia i obfitych \u0142ask Bo\u017cych.<\/em><\/p>\n","protected":false},"excerpt":{"rendered":"<p>1. Dzi\u015b prze\u017cywamy 27 Niedziel\u0119 zwyk\u0142\u0105. Msze \u015bw. wed\u0142ug porz\u0105dku niedzielnego. 2. Codziennie spowied\u017a i adoracja Naj\u015bwi\u0119tszego Sakramentu o godz. 1700. 3. Nabo\u017ce\u0144stwa r\u00f3\u017ca\u0144cowe codziennie o 1730. 4. W tym tygodniu w czasie adoracji modlimy si\u0119: &#8211; w poniedzia\u0142ek&nbsp; &#8211; do Bo\u017cego Mi\u0142osierdzia &#8211; w \u015brod\u0119 &nbsp;&nbsp;&nbsp;&nbsp;&nbsp;&nbsp;&nbsp;&nbsp;&nbsp;&nbsp;&nbsp;&nbsp;&nbsp;&#8211; nabo\u017ce\u0144stwo do NMP&#8230; <a class=\"continue-reading-link\" href=\"http:\/\/parafia.scinawa.info\/index.php\/2023\/10\/07\/ogloszenia-duszpasterskie-27-niedziela-zwykla-08-10-2023\/\">Czytaj dalej <span class=\"meta-nav\">&rarr; <\/span><\/a><\/p>\n","protected":false},"author":2,"featured_media":0,"comment_status":"closed","ping_status":"closed","sticky":false,"template":"","format":"standard","meta":{"footnotes":""},"categories":[40],"tags":[],"class_list":["post-2453","post","type-post","status-publish","format-standard","hentry","category-ogloszenia-duszpasterskie"],"_links":{"self":[{"href":"http:\/\/parafia.scinawa.info\/index.php\/wp-json\/wp\/v2\/posts\/2453","targetHints":{"allow":["GET"]}}],"collection":[{"href":"http:\/\/parafia.scinawa.info\/index.php\/wp-json\/wp\/v2\/posts"}],"about":[{"href":"http:\/\/parafia.scinawa.info\/index.php\/wp-json\/wp\/v2\/types\/post"}],"author":[{"embeddable":true,"href":"http:\/\/parafia.scinawa.info\/index.php\/wp-json\/wp\/v2\/users\/2"}],"replies":[{"embeddable":true,"href":"http:\/\/parafia.scinawa.info\/index.php\/wp-json\/wp\/v2\/comments?post=2453"}],"version-history":[{"count":1,"href":"http:\/\/parafia.scinawa.info\/index.php\/wp-json\/wp\/v2\/posts\/2453\/revisions"}],"predecessor-version":[{"id":2454,"href":"http:\/\/parafia.scinawa.info\/index.php\/wp-json\/wp\/v2\/posts\/2453\/revisions\/2454"}],"wp:attachment":[{"href":"http:\/\/parafia.scinawa.info\/index.php\/wp-json\/wp\/v2\/media?parent=2453"}],"wp:term":[{"taxonomy":"category","embeddable":true,"href":"http:\/\/parafia.scinawa.info\/index.php\/wp-json\/wp\/v2\/categories?post=2453"},{"taxonomy":"post_tag","embeddable":true,"href":"http:\/\/parafia.scinawa.info\/index.php\/wp-json\/wp\/v2\/tags?post=2453"}],"curies":[{"name":"wp","href":"https:\/\/api.w.org\/{rel}","templated":true}]}}