{"id":2456,"date":"2023-10-14T15:48:21","date_gmt":"2023-10-14T13:48:21","guid":{"rendered":"http:\/\/parafia.scinawa.info\/?p=2456"},"modified":"2023-10-14T15:51:45","modified_gmt":"2023-10-14T13:51:45","slug":"2456","status":"publish","type":"post","link":"http:\/\/parafia.scinawa.info\/index.php\/2023\/10\/14\/2456\/","title":{"rendered":"INTENCJE MSZALNE 15.10. \u2013 22.10. 2023"},"content":{"rendered":"\n<p><strong><em>Sk\u0142adaj\u0105c\nOfiar\u0119, kt\u00f3ra nam przypomina niezmierzon\u0105 mi\u0142o\u015b\u0107 Twojego Syna, pokornie prosimy\nCi\u0119, Bo\u017ce, przyjmij intencje Twoich wiernych i spraw przez dzia\u0142anie\nEucharystii, aby w naszych rodzinach wzrasta\u0142a prawdziwa wiara, \u015bwi\u0119to\u015b\u0107 \u017cycia,\nbraterska mi\u0142o\u015b\u0107 i duch modlitwy. <\/em><\/strong><strong>Niech\nMatka Naj\u015bwi\u0119tsza wyprosi \u0142aski, o kt\u00f3re modlili\u015bmy si\u0119 w tej Mszy \u015bw. dla \u2026\nZa\u015b zmar\u0142ym \u2026 za kt\u00f3rych odprawiali\u015bmy Msz\u0119 \u015bw.: wieczny odpoczynek racz im\nda\u0107 Panie (\u2026); niech odpoczywaj\u0105 w pokoju wiecznym. Amen<\/strong><\/p>\n\n\n\n<p><strong>15.10<em>. &#8211; NIEDZIELA&nbsp; <\/em><\/strong><em><\/em><\/p>\n\n\n\n<p><strong>8.oo\n\u2013 1) <\/strong>++ W\u0142adys\u0142aw\u0119 w 10 rocz.\n\u015bm., Kazimier\u0119, Mari\u0119, Stanis\u0142awa i J\u00f3zefa z rodziny Szymczak\u00f3w \u00a0\u00a0\u2013 modli si\u0119 rodzina <\/p>\n\n\n\n<p><strong>&nbsp;&nbsp;&nbsp;&nbsp;&nbsp;&nbsp;&nbsp;&nbsp;&nbsp;&nbsp;&nbsp; &nbsp;\n2)<\/strong> ++ rodzic\u00f3w z obu stron oraz ++ z rodziny Tyndyk\u00f3w,\nRabiejewskich, S\u0142odownik\u00f3w \u00a0 i Skowro\u0144skich &#8211; modli si\u0119 rodzina<\/p>\n\n\n\n<p><strong>&nbsp; 9.3o \u2013 <\/strong>&nbsp;&nbsp;+ m\u0119\u017ca Stanis\u0142awa\nw 26 rocz. \u015bm. \u2013 modli si\u0119 \u017cona z rodzin\u0105<\/p>\n\n\n\n<p><strong>11.oo\n\u2013 1) <\/strong>++ Eugeniusza Zdobylaka,\nHelen\u0119 i Piotra Mularczyk\u00f3w, Zofi\u0119 i Kazimierza Krzy\u017canowskich \u00a0\u2013 modli si\u0119 rodzina<\/p>\n\n\n\n<p><strong>&nbsp;&nbsp;&nbsp;&nbsp;&nbsp;&nbsp;&nbsp;&nbsp;&nbsp;&nbsp;&nbsp; &nbsp;\n2) <\/strong>&nbsp;zaj.<\/p>\n\n\n\n<p><strong>12.3o\n\u2013 1) <\/strong>w intencji Marii z okazji\nurodzin, za dzieci i wnuki oraz ca\u0142\u0105 rodzin\u0119 dzi\u0119kczynna za otrzymane\u00a0\u00a0\u0142aski z pro\u015bb\u0105 o zdrowie, Bo\u017ce b\u0142ogos\u0142awie\u0144stwo, dary Ducha \u015awi\u0119tego, opiek\u0119 NMP i \u015bw. Patron\u00f3w<\/p>\n\n\n\n<p><strong>&nbsp;&nbsp;&nbsp;&nbsp;&nbsp;&nbsp;&nbsp;&nbsp;&nbsp;&nbsp;&nbsp; &nbsp;\n2)<\/strong> w 6 rocz. urodzin Bartosza, za jego brata i rodzic\u00f3w dzi\u0119kczynna za otrzymane \u0142aski z pro\u015bb\u0105  o zdrowie, Bo\u017ce b\u0142ogos\u0142awie\u0144stwo, dary Ducha \u015awi\u0119tego, opiek\u0119 NMP i \u015bw. Patron\u00f3w<\/p>\n\n\n\n<p>&nbsp;&nbsp;&nbsp;&nbsp;&nbsp;&nbsp;&nbsp;&nbsp;&nbsp;&nbsp;&nbsp;&nbsp;&nbsp;&nbsp;&nbsp;&nbsp;&nbsp;&nbsp;&nbsp;&nbsp;&nbsp;&nbsp;&nbsp;&nbsp;&nbsp;&nbsp;&nbsp;&nbsp;&nbsp;&nbsp;&nbsp;&nbsp;&nbsp;&nbsp; <strong><em>Chrzest: Emil Jaros\u0142aw\nJurczyk<\/em><\/strong><\/p>\n\n\n\n<p><strong>18.oo\n\u2013 1) <\/strong>++ rodzic\u00f3w w rocz. \u015bm \u2013\nmodli si\u0119 c\u00f3rka <\/p>\n\n\n\n<p><strong>&nbsp;&nbsp;&nbsp;&nbsp;&nbsp;&nbsp;&nbsp;&nbsp;&nbsp;&nbsp;&nbsp; &nbsp;\n2) <\/strong>+ Waldemara Wr\u00f3blewskiego \u2013\ngregorianka 14 ( poza parafi\u0105)<strong>\n&nbsp;&nbsp;<\/strong>&nbsp;<\/p>\n\n\n\n<p><strong>16.10<em>. \u2013 PONIEDZIA\u0141EK<\/em><\/strong><\/p>\n\n\n\n<p><strong>&nbsp; &nbsp;&nbsp;7.oo \u2013 <\/strong>&nbsp;++ z\nrodziny Anielskich i Kocel\u00f3w<\/p>\n\n\n\n<p><strong>18.oo\n\u2013 1) <\/strong>+ Waldemara Wr\u00f3blewskiego \u2013\ngregorianka 15 &nbsp;<\/p>\n\n\n\n<p><strong>&nbsp;&nbsp;&nbsp;&nbsp;&nbsp;&nbsp;&nbsp;&nbsp;&nbsp;&nbsp;&nbsp; &nbsp;\n2)<\/strong> + Iren\u0119 Grzybalsk\u0105 &#8211;\n30 dzie\u0144 od pogrzebu &#8211; intencja od uczestnik\u00f3w Mszy pogrzebowej<\/p>\n\n\n\n<p><strong>17.10<em>. &#8211; WTOREK<\/em><\/strong><em><\/em><\/p>\n\n\n\n<p><strong>&nbsp; 7.oo \u2013 <\/strong>+ Waldemara Wr\u00f3blewskiego \u2013 gregorianka 16<\/p>\n\n\n\n<p><strong>18.oo\n\u2013 <\/strong>+ Stanis\u0142awa \u2013 w 20 rocz. \u015bm. \u2013 modl\u0105 si\u0119 \u017cona i syn<\/p>\n\n\n\n<p><strong>18.10<em>. \u2013 \u015aRODA <\/em><\/strong><\/p>\n\n\n\n<p><strong>&nbsp; 7.oo \u2013 <\/strong>+ Waldemara Wr\u00f3blewskiego \u2013 gregorianka 17<strong><\/strong><\/p>\n\n\n\n<p><strong>18.oo\n\u2013&nbsp; intencja zbiorowa nowennowa:<\/strong><\/p>\n\n\n\n<p><strong>1)<\/strong>\n+ Wies\u0142awa Cichut\u0119 z racji urodzin \u2013 modl\u0105 si\u0119 rodzice z bratem Przemkiem<\/p>\n\n\n\n<p><strong>2)<\/strong>\n+ Andrzeja \u015awirskiego &#8211; 30 dzie\u0144 od pogrzebu &#8211; intencja od uczestnik\u00f3w Mszy pogrzebowej<\/p>\n\n\n\n<p><strong>3)<\/strong> + m\u0119\u017ca Stefana Kota w 21 rocz. \u015bm. \u2013 modli si\u0119 \u017cona\nz dzie\u0107mi<\/p>\n\n\n\n<p><strong>4)<\/strong> ++ z rodziny Henczk\u00f3w i Skoczy\u0144skich, a zw\u0142aszcza Feliksa, Mari\u0119, Czes\u0142awa i Bogus\u0142aw\u0119 oraz\u00a0\u00a0\u00a0wszystkich ++ z rodzin z nimi spokrewnionymi \u2013 modli si\u0119 rodzina<\/p>\n\n\n\n<p><strong>5)<\/strong> ++ rodzic\u00f3w: Petronel\u0119 i Leona, Katarzyn\u0119 i Karola oraz\nza ++ ich najbli\u017cszych \u2013 modli si\u0119 rodzina<\/p>\n\n\n\n<p><strong>19.10<em>. \u2013 CZWARTEK <\/em><\/strong><em>&nbsp;<\/em><\/p>\n\n\n\n<p><strong>&nbsp; 7.oo \u2013<\/strong> &nbsp;<\/p>\n\n\n\n<p><strong>18.oo\n\u2013 1) <\/strong>+ Waldemara Wr\u00f3blewskiego \u2013\ngregorianka 18 <\/p>\n\n\n\n<p><strong>&nbsp;&nbsp;&nbsp;&nbsp;&nbsp;&nbsp;&nbsp;&nbsp;&nbsp;&nbsp;&nbsp; &nbsp;\n2) <\/strong>+ m\u0119\u017ca Stanis\u0142awa, jego\nrodzic\u00f3w: Jana i Tekl\u0119 oraz brata Mariana \u2013 modli si\u0119 \u017cona z rodzin\u0105<\/p>\n\n\n\n<p><strong>20.10<em>. \u2013 PI\u0104TEK<\/em><\/strong><\/p>\n\n\n\n<p><strong>&nbsp; &nbsp;&nbsp;7.oo\n\u2013<\/strong>\n&nbsp;<\/p>\n\n\n\n<p><strong>18.oo\n\u2013 1) <\/strong>+ Waldemara Wr\u00f3blewskiego \u2013\ngregorianka 19 <\/p>\n\n\n\n<p><strong>&nbsp;&nbsp;&nbsp;&nbsp;&nbsp;&nbsp;&nbsp;&nbsp;&nbsp;&nbsp;&nbsp; &nbsp;\n2)<\/strong> &nbsp;w 1 rocz.\nurodzin Laury dzi\u0119kczynna za otrzymane \u0142aski\nz pro\u015bb\u0105 o zdrowie, dary Ducha \u00a0\u015awi\u0119tego, Bo\u017ce b\u0142ogos\u0142awie\u0144stwo, opiek\u0119 NMP i \u015bw. Patron\u00f3w \u2013 modli si\u0119 chrzestny z rodzina<\/p>\n\n\n\n<p><strong><em>21.10.\n\u2013 SOBOTA<\/em><\/strong><\/p>\n\n\n\n<p><strong>&nbsp;7.oo \u2013<\/strong> <strong>1) <\/strong>++ rodzic\u00f3w: Ma\u0142gorzat\u0119\ni J\u00f3zefa, Mari\u0119 i W\u0142adys\u0142awa oraz siostr\u0119 zakonn\u0105 Gemm\u0119 i dusze \u00a0 w czy\u015b\u0107cu cierpi\u0105ce \u2013 modli si\u0119 rodzina <\/p>\n\n\n\n<p><strong>&nbsp;&nbsp;&nbsp;&nbsp;&nbsp;&nbsp;&nbsp;&nbsp;&nbsp;&nbsp;&nbsp; &nbsp;\n2)<\/strong> + Waldemara Wr\u00f3blewskiego\n\u2013 gregorianka 20<strong><\/strong><\/p>\n\n\n\n<p><strong>18.oo\n\u2013 1) <\/strong>&nbsp;+ Grzegorza Garczy\u0144skiego\nw 2 rocz. \u015bm. oraz ++ z rodziny Garczy\u0144skich, Jankowiak\u00f3w,  Trzos\u00f3w i Samselskich \u2013 modli si\u0119 rodzina<\/p>\n\n\n\n<p><strong>&nbsp;&nbsp;&nbsp;&nbsp;&nbsp;&nbsp;&nbsp;&nbsp;&nbsp;&nbsp;&nbsp; &nbsp;\n2)<\/strong> ++ rodzic\u00f3w z obu stron, siostry Ann\u0119 i Zeni\u0119, braci\nJurka i He\u0144ka \u2013 modli si\u0119 siostra z rodzin\u0105 <\/p>\n\n\n\n<p>\u00a0\u00a0\u00a0\u00a0\u00a0 <strong>3)<\/strong> w 1 rocz. urodzin Marlenki Pokrop dzi\u0119kczynna za otrzymane \u0142aski z pro\u015bb\u0105 o zdrowie, dary Ducha\u00a0 \u015awi\u0119tego, Bo\u017ce b\u0142ogos\u0142awie\u0144stwo, opiek\u0119 NMP i \u015bw. Patron\u00f3w \u2013 modl\u0105 si\u0119 prapradziadkowie z rodzin\u0105<\/p>\n\n\n\n<p><strong><em>22.10.\n\u2013 NIEDZIELA&nbsp; <\/em><\/strong><\/p>\n\n\n\n<p><strong>&nbsp; 8.oo \u2013 1) <\/strong>+ Kazimierza Jamrozika z racji ziemskich urodzin oraz + Tadeusza Mejera z\nracji ziemskich \u00a0imienin \u2013 modli si\u0119 \u017cona z dzie\u0107mi <\/p>\n\n\n\n<p><strong>&nbsp;&nbsp;&nbsp;&nbsp;&nbsp;&nbsp;&nbsp;&nbsp;&nbsp;&nbsp;&nbsp; &nbsp;\n2)<\/strong> ++ Jadwig\u0119 i Jana Machtylskich, Aleksandr\u0119 Szwaluk\noraz Krystyn\u0119 i Janusza Ku\u017cb\u00f3w \u2013 modli\u00a0si\u0119 rodzina<\/p>\n\n\n\n<p><strong>&nbsp; 9.3o \u2013 <\/strong>&nbsp;&nbsp;++\nrodzic\u00f3w: Franciszk\u0119 i W\u0142adys\u0142awa Tomaszkiewicz\u00f3w, Ann\u0119, Franciszka i Zbigniewa\n So\u015bnickich oraz Helen\u0119 i Jana Mazur\u00f3w, Romana Rozkowi\u0144skiego \u2013 modli si\u0119 rodzina<\/p>\n\n\n\n<p><strong>11.oo\n\u2013 1) <\/strong>w 25 rocz. urodzin Barbary dzi\u0119kczynna za otrzymane \u0142aski z pro\u015bb\u0105 o zdrowie, dary Ducha\u00a0\u00a0\u015awi\u0119tego, Bo\u017ce b\u0142ogos\u0142awie\u0144stwo, opiek\u0119 NMP i \u015bw. Patron\u00f3w \u2013 modl\u0105 si\u0119 te\u015bciowie<\/p>\n\n\n\n<p><strong>&nbsp;&nbsp;&nbsp;&nbsp;&nbsp;&nbsp;&nbsp;&nbsp;&nbsp;&nbsp;&nbsp; &nbsp;\n2) <\/strong>++ Micha\u0142a i Bronis\u0142awa\nRaks\u00f3w, J\u00f3zef\u0119 Dobrzy\u0144sk\u0105, El\u017cbiet\u0119 Demczak oraz ++ z rodziny\u00a0Raks\u00f3w, Koz\u0142owskich i Trubickich \u2013 modli si\u0119 rodzina<\/p>\n\n\n\n<p><strong>12.3o\n\u2013 1) <\/strong>++ Mari\u0119 i J\u00f3zefa\nKasprzak\u00f3w oraz W\u0142adys\u0142awa Sulim\u0119 \u2013 modli si\u0119 rodzina<\/p>\n\n\n\n<p><strong>&nbsp;&nbsp;&nbsp;&nbsp;&nbsp;&nbsp;&nbsp;&nbsp;&nbsp;&nbsp;&nbsp; &nbsp;\n2)<\/strong> zaj. P. Mielcarek<\/p>\n\n\n\n<p>&nbsp;&nbsp;&nbsp;&nbsp;&nbsp;&nbsp;&nbsp;&nbsp;&nbsp;&nbsp;&nbsp;&nbsp;&nbsp;&nbsp;&nbsp;&nbsp;&nbsp;&nbsp;&nbsp;&nbsp;&nbsp;&nbsp;&nbsp; <strong><em>Chrzest po Mszy:\nAnastazja Worobel <\/em><\/strong><\/p>\n\n\n\n<p><strong>18.oo\n\u2013 1) <\/strong>w 35 rocz. \u015blubu Ma\u0142gorzaty\ni Wies\u0142awa Baran\u00f3w dzi\u0119kczynna za otrzymane \u0142aski z pro\u015bb\u0105  o zdrowie, Bo\u017ce b\u0142ogos\u0142awie\u0144stwo, dary Ducha \u015awi\u0119tego, opiek\u0119 NMP i \u015bw. Patron\u00f3w \u00a0 \u2013 modl\u0105 si\u0119 dzieci z rodzinami <\/p>\n\n\n\n<p><strong>&nbsp;&nbsp;&nbsp;&nbsp;&nbsp;&nbsp;&nbsp;&nbsp;&nbsp;&nbsp;&nbsp; &nbsp;\n2) <\/strong>&nbsp;+ Waldemara Wr\u00f3blewskiego \u2013 gregorianka 21 ( poza\nparafi\u0105)<\/p>\n","protected":false},"excerpt":{"rendered":"<p>Sk\u0142adaj\u0105c Ofiar\u0119, kt\u00f3ra nam przypomina niezmierzon\u0105 mi\u0142o\u015b\u0107 Twojego Syna, pokornie prosimy Ci\u0119, Bo\u017ce, przyjmij intencje Twoich wiernych i spraw przez dzia\u0142anie Eucharystii, aby w naszych rodzinach wzrasta\u0142a prawdziwa wiara, \u015bwi\u0119to\u015b\u0107 \u017cycia, braterska mi\u0142o\u015b\u0107 i duch modlitwy. Niech Matka Naj\u015bwi\u0119tsza wyprosi \u0142aski, o kt\u00f3re modlili\u015bmy si\u0119 w tej Mszy \u015bw. dla&#8230; <a class=\"continue-reading-link\" href=\"http:\/\/parafia.scinawa.info\/index.php\/2023\/10\/14\/2456\/\">Czytaj dalej <span class=\"meta-nav\">&rarr; <\/span><\/a><\/p>\n","protected":false},"author":2,"featured_media":0,"comment_status":"closed","ping_status":"closed","sticky":false,"template":"","format":"standard","meta":{"footnotes":""},"categories":[39],"tags":[],"class_list":["post-2456","post","type-post","status-publish","format-standard","hentry","category-intencje"],"_links":{"self":[{"href":"http:\/\/parafia.scinawa.info\/index.php\/wp-json\/wp\/v2\/posts\/2456","targetHints":{"allow":["GET"]}}],"collection":[{"href":"http:\/\/parafia.scinawa.info\/index.php\/wp-json\/wp\/v2\/posts"}],"about":[{"href":"http:\/\/parafia.scinawa.info\/index.php\/wp-json\/wp\/v2\/types\/post"}],"author":[{"embeddable":true,"href":"http:\/\/parafia.scinawa.info\/index.php\/wp-json\/wp\/v2\/users\/2"}],"replies":[{"embeddable":true,"href":"http:\/\/parafia.scinawa.info\/index.php\/wp-json\/wp\/v2\/comments?post=2456"}],"version-history":[{"count":2,"href":"http:\/\/parafia.scinawa.info\/index.php\/wp-json\/wp\/v2\/posts\/2456\/revisions"}],"predecessor-version":[{"id":2458,"href":"http:\/\/parafia.scinawa.info\/index.php\/wp-json\/wp\/v2\/posts\/2456\/revisions\/2458"}],"wp:attachment":[{"href":"http:\/\/parafia.scinawa.info\/index.php\/wp-json\/wp\/v2\/media?parent=2456"}],"wp:term":[{"taxonomy":"category","embeddable":true,"href":"http:\/\/parafia.scinawa.info\/index.php\/wp-json\/wp\/v2\/categories?post=2456"},{"taxonomy":"post_tag","embeddable":true,"href":"http:\/\/parafia.scinawa.info\/index.php\/wp-json\/wp\/v2\/tags?post=2456"}],"curies":[{"name":"wp","href":"https:\/\/api.w.org\/{rel}","templated":true}]}}