{"id":2459,"date":"2023-10-14T15:52:56","date_gmt":"2023-10-14T13:52:56","guid":{"rendered":"http:\/\/parafia.scinawa.info\/?p=2459"},"modified":"2023-10-14T15:53:42","modified_gmt":"2023-10-14T13:53:42","slug":"ogloszenia-duszpasterskie-28-niedziela-zwykla-15-10-2023","status":"publish","type":"post","link":"http:\/\/parafia.scinawa.info\/index.php\/2023\/10\/14\/ogloszenia-duszpasterskie-28-niedziela-zwykla-15-10-2023\/","title":{"rendered":"Og\u0142oszenia duszpasterskie  28 Niedziela zwyk\u0142a \u2013 15.10. 2023"},"content":{"rendered":"\n<p><strong>1<\/strong><strong>.<\/strong> Dzi\u015b prze\u017cywamy\n<strong>28 Niedziel\u0119 zwyk\u0142\u0105 <\/strong>oraz Niedziel\u0119\npapiesk\u0105. Msze \u015bw. wg porz\u0105dku niedzielnego.\n<strong><em>We wszystkich ko\u015bcio\u0142ach Polski zbierane s\u0105 ofiary do puszek\nprzeznaczone na Fundacj\u0119 Jana Paw\u0142a II \u2013 Dzie\u0142o Nowego Tysi\u0105clecia.<\/em><\/strong>.\n<\/p>\n\n\n\n<p><strong>2.<\/strong>\nCodziennie spowied\u017a i adoracja Naj\u015bwi\u0119tszego Sakramentu o godz. <strong>17<sup>00<\/sup>.<\/strong><\/p>\n\n\n\n<p><strong>3. <\/strong><strong>Nabo\u017ce\u0144stwa r\u00f3\u017ca\u0144cowe codziennie o 17<sup>30<\/sup>.<\/strong><\/p>\n\n\n\n<p><strong>4<\/strong><strong>.<\/strong> Msze \u015bw. w\ntygodniu&nbsp; o <strong>7<sup>00<\/sup><\/strong> i <strong>18<sup>00<\/sup><\/strong>.\n<em>&nbsp;<\/em><\/p>\n\n\n\n<p><strong>5.<\/strong><strong> <\/strong>W tym tygodniu obchodzimy:<strong><\/strong><\/p>\n\n\n\n<p>&#8211; <strong>w\nponiedzia\u0142ek<\/strong> \u2013 uroczysto\u015b\u0107\n\u015bw. Jadwigi \u015al\u0105skiej \u2013 g\u0142\u00f3wnej Patronki \u015al\u0105ska, Si\u00f3str Jadwi\u017canek<\/p>\n\n\n\n<p>&#8211; <strong>we\nwtorek<\/strong> \u2013 wspomnienie \u015bw. Ignacego Antioche\u0144skiego, biskupa i m\u0119czennika<\/p>\n\n\n\n<p>&#8211; <strong>w\n\u015brod\u0119<\/strong> \u2013 \u015bwi\u0119to \u015bw. \u0141ukasza\nEwangelisty &#8211; Patrona Pracownik\u00f3w S\u0142u\u017cby Zdrowia<\/p>\n\n\n\n<p>&#8211; <strong>w\npi\u0105tek<\/strong> \u2013 wspomnienie \u015bw. Jana Kantego, prezbitera<\/p>\n\n\n\n<p><strong>5.<\/strong>\n<strong><em>W sobot\u0119, 21 pa\u017adziernika<\/em><\/strong> na nasz\u0105 parafi\u0119 przypada\nwieczysta adoracja Naj\u015bwi\u0119tszego Sakramentu, kt\u00f3ra b\u0119dzie trwa\u0142a od <strong>7<sup>30<\/sup><\/strong> do <strong>18<sup>00<\/sup><\/strong>.\nZach\u0119cam \u017bywy R\u00f3\u017caniec, inne grupy i wszystkich wiernych na chwil\u0119 adoracji.&nbsp;&nbsp;&nbsp;&nbsp;&nbsp;&nbsp;&nbsp;&nbsp;&nbsp;&nbsp;&nbsp;&nbsp;&nbsp;&nbsp;&nbsp;&nbsp;&nbsp; <\/p>\n\n\n\n<p><strong><em>Program\nadoracji:<\/em><\/strong><\/p>\n\n\n\n<p><strong>&nbsp; 8.00 &#8211; 9.00 \u2013 I R\u00f3\u017ca \u017ce\u0144ska<\/strong><\/p>\n\n\n\n<p><strong>&nbsp; 9.00 -10.00 \u2013 II R\u00f3\u017ca \u017ce\u0144ska<\/strong><\/p>\n\n\n\n<p><strong>10.00 -11.00 \u2013 III R\u00f3\u017ca\n\u017ce\u0144ska<\/strong><\/p>\n\n\n\n<p><strong>11.00 -12.00 \u2013 IV R\u00f3\u017ca\n\u017ce\u0144ska<\/strong><\/p>\n\n\n\n<p><strong>12.00 -13.00 \u2013 V R\u00f3\u017ca\n\u017ce\u0144ska<\/strong><\/p>\n\n\n\n<p><strong>13.00 -14.00 \u2013 VI R\u00f3\u017ca\n\u017ce\u0144ska<\/strong><\/p>\n\n\n\n<p><strong>14.00 -15.00 \u2013 R\u00f3\u017ca m\u0119ska<\/strong><\/p>\n\n\n\n<p><strong>15.00 -16.00 \u2013 I R\u00f3\u017ca Rodzic\u00f3w za dzieci<\/strong><\/p>\n\n\n\n<p><strong>16.00 -17.00 \u2013\u00a0 II i III R\u00f3\u017ca Rodzic\u00f3w za dzieci<\/strong><\/p>\n\n\n\n<p><strong>6<\/strong><strong>. <\/strong>W przysz\u0142\u0105 niedziel\u0119 b\u0119dziemy prze\u017cywa\u0107 <strong><em>30 Niedziel\u0119 zwyk\u0142\u0105<\/em><\/strong>\noraz Niedziel\u0119 misyjn\u0105. Msze \u015bw. wg\nporz\u0105dku niedzielnego. Ofiary z przysz\u0142ej niedzieli przeznaczone s\u0105 na cele misyjne\nKo\u015bcio\u0142a.<\/p>\n\n\n\n<p><strong>7<\/strong><strong>.<\/strong> Kancelaria\nczynna codziennie po Mszy \u015bw. wieczornej z wyj\u0105tkiem niedziel, uroczysto\u015bci i\n\u015bwi\u0105t.<\/p>\n\n\n\n<p><strong>8<\/strong><strong>.<\/strong> Do nabycia jest\nprasa katolicka: Niedziela, Go\u015b\u0107 Niedzielny i R\u00f3\u017caniec. <\/p>\n\n\n\n<p><strong>9<\/strong><strong>.<\/strong> Dzi\u0119kuj\u0119 wszystkim,\nkt\u00f3rzy w tym tygodniu sprz\u0105tali \u015bwi\u0105tyni\u0119 i przygotowali j\u0105 na nasze spotkanie\neucharystyczne.<\/p>\n\n\n\n<p><strong>10<\/strong><strong>.<\/strong> Serdeczne B\u00f3g\nzap\u0142a\u0107 za ofiary sk\u0142adane na remonty w naszej parafii. <\/p>\n\n\n\n<p><strong>11.<\/strong> \u00a0Intencje mszalne, obrazki \u2013 pami\u0105tki odprawionej Mszy \u015bw.<\/p>\n\n\n\n<p><em>\u017byczymy mi\u0142ego tygodnia i obfitych \u0142ask Bo\u017cych.<\/em><\/p>\n","protected":false},"excerpt":{"rendered":"<p>1. Dzi\u015b prze\u017cywamy 28 Niedziel\u0119 zwyk\u0142\u0105 oraz Niedziel\u0119 papiesk\u0105. Msze \u015bw. wg porz\u0105dku niedzielnego. We wszystkich ko\u015bcio\u0142ach Polski zbierane s\u0105 ofiary do puszek przeznaczone na Fundacj\u0119 Jana Paw\u0142a II \u2013 Dzie\u0142o Nowego Tysi\u0105clecia.. 2. Codziennie spowied\u017a i adoracja Naj\u015bwi\u0119tszego Sakramentu o godz. 1700. 3. Nabo\u017ce\u0144stwa r\u00f3\u017ca\u0144cowe codziennie o 1730. 4&#8230;. <a class=\"continue-reading-link\" href=\"http:\/\/parafia.scinawa.info\/index.php\/2023\/10\/14\/ogloszenia-duszpasterskie-28-niedziela-zwykla-15-10-2023\/\">Czytaj dalej <span class=\"meta-nav\">&rarr; <\/span><\/a><\/p>\n","protected":false},"author":2,"featured_media":0,"comment_status":"closed","ping_status":"closed","sticky":false,"template":"","format":"standard","meta":{"footnotes":""},"categories":[40],"tags":[],"class_list":["post-2459","post","type-post","status-publish","format-standard","hentry","category-ogloszenia-duszpasterskie"],"_links":{"self":[{"href":"http:\/\/parafia.scinawa.info\/index.php\/wp-json\/wp\/v2\/posts\/2459","targetHints":{"allow":["GET"]}}],"collection":[{"href":"http:\/\/parafia.scinawa.info\/index.php\/wp-json\/wp\/v2\/posts"}],"about":[{"href":"http:\/\/parafia.scinawa.info\/index.php\/wp-json\/wp\/v2\/types\/post"}],"author":[{"embeddable":true,"href":"http:\/\/parafia.scinawa.info\/index.php\/wp-json\/wp\/v2\/users\/2"}],"replies":[{"embeddable":true,"href":"http:\/\/parafia.scinawa.info\/index.php\/wp-json\/wp\/v2\/comments?post=2459"}],"version-history":[{"count":2,"href":"http:\/\/parafia.scinawa.info\/index.php\/wp-json\/wp\/v2\/posts\/2459\/revisions"}],"predecessor-version":[{"id":2461,"href":"http:\/\/parafia.scinawa.info\/index.php\/wp-json\/wp\/v2\/posts\/2459\/revisions\/2461"}],"wp:attachment":[{"href":"http:\/\/parafia.scinawa.info\/index.php\/wp-json\/wp\/v2\/media?parent=2459"}],"wp:term":[{"taxonomy":"category","embeddable":true,"href":"http:\/\/parafia.scinawa.info\/index.php\/wp-json\/wp\/v2\/categories?post=2459"},{"taxonomy":"post_tag","embeddable":true,"href":"http:\/\/parafia.scinawa.info\/index.php\/wp-json\/wp\/v2\/tags?post=2459"}],"curies":[{"name":"wp","href":"https:\/\/api.w.org\/{rel}","templated":true}]}}