{"id":2471,"date":"2023-10-28T13:10:42","date_gmt":"2023-10-28T11:10:42","guid":{"rendered":"http:\/\/parafia.scinawa.info\/?p=2471"},"modified":"2023-10-28T13:10:42","modified_gmt":"2023-10-28T11:10:42","slug":"intencje-mszalne-01-11-02-11-2023","status":"publish","type":"post","link":"http:\/\/parafia.scinawa.info\/index.php\/2023\/10\/28\/intencje-mszalne-01-11-02-11-2023\/","title":{"rendered":"INTENCJE MSZALNE 01.11. \u2013 02.11. 2023"},"content":{"rendered":"\n<p><strong><em>Sk\u0142adaj\u0105c\nOfiar\u0119, kt\u00f3ra nam przypomina niezmierzon\u0105 mi\u0142o\u015b\u0107 Twojego Syna, pokornie prosimy\nCi\u0119, Bo\u017ce, przyjmij intencje Twoich wiernych i spraw przez dzia\u0142anie\nEucharystii, aby w naszych rodzinach wzrasta\u0142a prawdziwa wiara, \u015bwi\u0119to\u015b\u0107 \u017cycia,\nbraterska mi\u0142o\u015b\u0107 i duch modlitwy. <\/em><\/strong><strong>Niech\nMatka Naj\u015bwi\u0119tsza wyprosi \u0142aski, o kt\u00f3re modlili\u015bmy si\u0119 w tej Mszy \u015bw. dla \u2026\nZa\u015b zmar\u0142ym \u2026 za kt\u00f3rych odprawiali\u015bmy Msz\u0119 \u015bw.: wieczny odpoczynek racz im\nda\u0107 Panie (\u2026); niech odpoczywaj\u0105 w pokoju wiecznym. Amen<\/strong><\/p>\n\n\n\n<p><strong>01.11<em>. \u2013 \u015aRODA \u2013 UROCZYSTO\u015a\u0106 WSZYSTKICH \u015aWI\u0118TYCH <\/em><\/strong><\/p>\n\n\n\n<p><a><strong>8.oo\n\u2013 1) <\/strong><\/a>++ m\u0119\u017ca Henryka, tat\u0119 Boles\u0142awa oraz ++ z rodziny\nOlejarnik\u00f3w, Bilewicz\u00f3w i Dec\u00f3w &nbsp;<\/p>\n\n\n\n<p><strong>&nbsp;&nbsp;&nbsp;&nbsp;&nbsp;&nbsp;&nbsp;&nbsp;&nbsp;&nbsp;&nbsp; &nbsp; 2)<\/strong>\n++ Mari\u0119, Antoniego, J\u00f3zefa z rodziny Cirog\u00f3w, Karolin\u0119, Antoniego, Mariana,\nJ\u00f3zef\u0119, <\/p>\n\n\n\n<p>&nbsp;&nbsp;&nbsp;&nbsp;&nbsp;&nbsp;&nbsp;&nbsp;&nbsp;&nbsp;&nbsp;&nbsp;&nbsp;&nbsp;&nbsp;&nbsp; Eugeni\u0119, Stanis\u0142awa,\nBronis\u0142aw\u0119 i Ryszarda z rodziny Ob\u0142oz\u00f3w i dusze w czy\u015b\u0107cu cierpi\u0105ce<\/p>\n\n\n\n<p><strong>&nbsp;\n9.3o \u2013<\/strong> + Mariana Krzy\u017canowskiego &#8211; 30 dzie\u0144 od pogrzebu &#8211; intencja od\nuczestnik\u00f3w Mszy pogrzebowej<\/p>\n\n\n\n<p><strong>12.oo \u2013&nbsp; intencja zbiorowa na cmentarzu:<\/strong><strong><\/strong><\/p>\n\n\n\n<p><strong>&nbsp;1)<\/strong> ++ rodzic\u00f3w: Danut\u0119 i Franciszka\nG\u00f3r\u00f3w, brata Ludwika G\u00f3r\u0119 oraz te\u015bci\u00f3w: Stanis\u0142aw\u0119 i J\u00f3zefa<\/p>\n\n\n\n<p>&nbsp;&nbsp;&nbsp;&nbsp; &nbsp;Mularczyk\u00f3w<\/p>\n\n\n\n<p><strong>&nbsp;2)<\/strong> ++ Zbigniewa\nSo\u015bnickiego w 5 rocz. \u015bm., Romana oraz ++ z rodziny So\u015bnickich,\nChabraszewskich, <\/p>\n\n\n\n<p>&nbsp;&nbsp;&nbsp;&nbsp; Rozkowi\u0144skich,\n\u017bo\u0142y\u0144skich, Romaniak\u00f3w, Kobl\u00f3w, Siwak\u00f3w, Mazur\u00f3w<\/p>\n\n\n\n<p><strong>&nbsp;3)<\/strong> + m\u0119\u017ca J\u00f3zefa Mazurkiewicza w 10 rocz. \u015bm., ++ rodzic\u00f3w z obu stron oraz\nrodze\u0144stwo z rodziny<\/p>\n\n\n\n<p>&nbsp;&nbsp;&nbsp;&nbsp; &nbsp;Bilewicz\u00f3w i Mazurkiewicz\u00f3w \u2013 modli si\u0119 \u017cona\nEugenia z rodzin\u0105<\/p>\n\n\n\n<p><strong>&nbsp;4)<\/strong> + Janin\u0119 Marczuk \u2013 Ferenc \u2013 modli si\u0119 ca\u0142a rodzina z Konina<\/p>\n\n\n\n<p><strong>5)<\/strong> + Ryszarda Wielgusa w 1 rocz. \u015bm. \u2013 modli si\u0119 rodzina<\/p>\n\n\n\n<p><strong>6)<\/strong> ++ z rodziny Szynkler\u00f3w, Je\u017cyn\u00f3w, Kras\u00f3w,\nNowackich, Grandys\u00f3w, Braun\u00f3w, \u017bo\u0142nieruk\u00f3w oraz<\/p>\n\n\n\n<p>&nbsp;&nbsp;&nbsp; &nbsp;Helen\u0119\nGuz \u2013 modli si\u0119 rodzina<\/p>\n\n\n\n<p><strong>7)<\/strong> ++ Stefani\u0119 i Franciszka Parkasiewicz\u00f3w, ++ z\nrodziny Olejarnik\u00f3w i Wr\u00f3blewskich \u2013 modli si\u0119 rodzina<\/p>\n\n\n\n<p><strong>8)<\/strong> zaj. P. J\u00f3zefiak<\/p>\n\n\n\n<p><strong>9)<\/strong> ++ Mari\u0119 i Onufrego Stembalskich, Zofi\u0119, Micha\u0142a,\nAnn\u0119, J\u00f3zefa, Ann\u0119 i Piotra z rodziny Kobl\u00f3w oraz<\/p>\n\n\n\n<p>&nbsp;&nbsp;&nbsp; &nbsp;wszystkich ++ z tych rodzin<\/p>\n\n\n\n<p><strong>10)<\/strong><\/p>\n\n\n\n<p><strong>11)<\/strong><\/p>\n\n\n\n<p><strong>12)<\/strong><\/p>\n\n\n\n<p><strong>13)<\/strong><\/p>\n\n\n\n<p><strong>14)<\/strong><\/p>\n\n\n\n<p><strong>15)<\/strong><\/p>\n\n\n\n<p><strong>02.11<em>. \u2013 CZWARTEK \u2013 WSPOMNIENIE ZMAR\u0141YCH<\/em><\/strong><em> <\/em><\/p>\n\n\n\n<p><a><strong>&nbsp;\n8.oo <\/strong><\/a>&nbsp;<strong>\u2013&nbsp; intencja zbiorowa<\/strong><strong> <\/strong><\/p>\n\n\n\n<p><strong>1)\n<\/strong>++ Mari\u0119 i Onufrego Stembalskich, Zofi\u0119, Micha\u0142a,\nAnn\u0119, J\u00f3zefa, Ann\u0119 i Piotra z rodziny Kobl\u00f3w oraz<\/p>\n\n\n\n<p>&nbsp;&nbsp;&nbsp; &nbsp;wszystkich ++ z tych rodzin<strong> <\/strong><\/p>\n\n\n\n<p><strong>2)\n<\/strong><\/p>\n\n\n\n<p><strong>3)<\/strong><\/p>\n\n\n\n<p><strong>4)<\/strong><\/p>\n\n\n\n<p><strong>5)<\/strong><\/p>\n\n\n\n<p><strong>6)<\/strong><\/p>\n\n\n\n<p><strong>16.oo\n<\/strong>&nbsp;<strong>\u2013&nbsp; intencja zbiorowa <\/strong><\/p>\n\n\n\n<p><strong>1)\n&nbsp;<\/strong>++ Kazimierza w 14 rocz. \u015bm., Iwett\u0119, Janin\u0119 i Kazimierza \u2013 modli si\u0119\nrodzina<\/p>\n\n\n\n<p><strong>2)\n<\/strong><\/p>\n\n\n\n<p><strong>3)<\/strong><\/p>\n\n\n\n<p><strong>4)<\/strong><\/p>\n\n\n\n<p><strong>5)<\/strong><\/p>\n\n\n\n<p><strong>6)<\/strong><\/p>\n\n\n\n<p><strong>18.oo\n<\/strong>&nbsp;<strong>\u2013&nbsp; intencja zbiorowa <\/strong><\/p>\n\n\n\n<p><strong>1)\n<\/strong>+ Henryka Go\u0142\u0119biowskiego w 25 rocz. \u015bm \u2013 modli si\u0119 rodzina,\nrodzice z dzie\u0107mi i wnukami<\/p>\n\n\n\n<p><strong>2)\n<\/strong><\/p>\n\n\n\n<p><strong>3)<\/strong><\/p>\n\n\n\n<p><strong>4)<\/strong><\/p>\n\n\n\n<p><strong>5)<\/strong><\/p>\n\n\n\n<p><strong>6)\n<\/strong><\/p>\n","protected":false},"excerpt":{"rendered":"<p>Sk\u0142adaj\u0105c Ofiar\u0119, kt\u00f3ra nam przypomina niezmierzon\u0105 mi\u0142o\u015b\u0107 Twojego Syna, pokornie prosimy Ci\u0119, Bo\u017ce, przyjmij intencje Twoich wiernych i spraw przez dzia\u0142anie Eucharystii, aby w naszych rodzinach wzrasta\u0142a prawdziwa wiara, \u015bwi\u0119to\u015b\u0107 \u017cycia, braterska mi\u0142o\u015b\u0107 i duch modlitwy. Niech Matka Naj\u015bwi\u0119tsza wyprosi \u0142aski, o kt\u00f3re modlili\u015bmy si\u0119 w tej Mszy \u015bw. dla&#8230; <a class=\"continue-reading-link\" href=\"http:\/\/parafia.scinawa.info\/index.php\/2023\/10\/28\/intencje-mszalne-01-11-02-11-2023\/\">Czytaj dalej <span class=\"meta-nav\">&rarr; <\/span><\/a><\/p>\n","protected":false},"author":2,"featured_media":0,"comment_status":"closed","ping_status":"closed","sticky":false,"template":"","format":"standard","meta":{"footnotes":""},"categories":[39],"tags":[],"class_list":["post-2471","post","type-post","status-publish","format-standard","hentry","category-intencje"],"_links":{"self":[{"href":"http:\/\/parafia.scinawa.info\/index.php\/wp-json\/wp\/v2\/posts\/2471","targetHints":{"allow":["GET"]}}],"collection":[{"href":"http:\/\/parafia.scinawa.info\/index.php\/wp-json\/wp\/v2\/posts"}],"about":[{"href":"http:\/\/parafia.scinawa.info\/index.php\/wp-json\/wp\/v2\/types\/post"}],"author":[{"embeddable":true,"href":"http:\/\/parafia.scinawa.info\/index.php\/wp-json\/wp\/v2\/users\/2"}],"replies":[{"embeddable":true,"href":"http:\/\/parafia.scinawa.info\/index.php\/wp-json\/wp\/v2\/comments?post=2471"}],"version-history":[{"count":1,"href":"http:\/\/parafia.scinawa.info\/index.php\/wp-json\/wp\/v2\/posts\/2471\/revisions"}],"predecessor-version":[{"id":2472,"href":"http:\/\/parafia.scinawa.info\/index.php\/wp-json\/wp\/v2\/posts\/2471\/revisions\/2472"}],"wp:attachment":[{"href":"http:\/\/parafia.scinawa.info\/index.php\/wp-json\/wp\/v2\/media?parent=2471"}],"wp:term":[{"taxonomy":"category","embeddable":true,"href":"http:\/\/parafia.scinawa.info\/index.php\/wp-json\/wp\/v2\/categories?post=2471"},{"taxonomy":"post_tag","embeddable":true,"href":"http:\/\/parafia.scinawa.info\/index.php\/wp-json\/wp\/v2\/tags?post=2471"}],"curies":[{"name":"wp","href":"https:\/\/api.w.org\/{rel}","templated":true}]}}