{"id":2473,"date":"2023-10-28T13:20:31","date_gmt":"2023-10-28T11:20:31","guid":{"rendered":"http:\/\/parafia.scinawa.info\/?p=2473"},"modified":"2023-10-28T13:20:31","modified_gmt":"2023-10-28T11:20:31","slug":"ogloszenia-duszpasterskie-30-niedziela-zwykla-29-10-2023","status":"publish","type":"post","link":"http:\/\/parafia.scinawa.info\/index.php\/2023\/10\/28\/ogloszenia-duszpasterskie-30-niedziela-zwykla-29-10-2023\/","title":{"rendered":"Og\u0142oszenia duszpasterskie   30 Niedziela zwyk\u0142a \u2013 29.10. 2023"},"content":{"rendered":"\n<p><strong>1<\/strong><strong>.<\/strong> Dzi\u015b prze\u017cywamy\n<strong><em>30 Niedziel\u0119 zwyk\u0142\u0105<\/em><\/strong>\noraz Rocznic\u0119 po\u015bwi\u0119cenia w\u0142asnego ko\u015bcio\u0142a. Msze \u015bw. wg porz\u0105dku niedzielnego. <\/p>\n\n\n\n<p><strong>2<\/strong><strong>.<\/strong> Msze \u015bw. w\ntygodniu&nbsp; o <strong>7<sup>00<\/sup><\/strong> i <strong>18<sup>00<\/sup><\/strong>.\n<\/p>\n\n\n\n<p><strong>3.<\/strong>\nCodziennie spowied\u017a i adoracja Naj\u015bwi\u0119tszego Sakramentu o godz. <strong>17<sup>00<\/sup>,\ndo wtorku w\u0142\u0105cznie <\/strong><strong>r\u00f3\u017caniec o <\/strong><strong>17<sup>30 <\/sup>, <\/strong><strong>a\nod 5 listopada nabo\u017ce\u0144stwa wypominkowe o <\/strong><strong>17<sup>30<\/sup>\nwg planu. <\/strong><\/p>\n\n\n\n<p><strong>4<\/strong><strong>.<\/strong> <strong>&nbsp;<\/strong>W tym tygodniu obchodzimy:<\/p>\n\n\n\n<p>&#8211; <strong><em>W \u015brod\u0119 uroczysto\u015b\u0107 Wszystkich\n\u015awi\u0119tych<\/em><\/strong>. Porz\u0105dek Mszy \u015bw. w ko\u015bcio\u0142ach: <strong>8<sup>00<\/sup>, 9<sup>30<\/sup> i R\u0119sz\u00f3w &#8211; 9<sup>30.<\/sup>\nNatomiast &nbsp;Msza i&nbsp; procesja na cmentarzu o 12<sup>00<\/sup>.\nMsza \u015bw. na cmentarzu b\u0119dzie odprawiana za <a>wszystkich\nzmar\u0142ych spoczywaj\u0105cych na naszym cmentarzu<\/a> i w intencjach przez Was\npodanych.&nbsp; <\/strong>&nbsp;Tradycyjnie <strong><em>1 i 2 Listopada zbierane s\u0105\nofiary do puszek na Wy\u017csze Seminarium Duchowne w Legnicy. B\u00f3g zap\u0142a\u0107 za ofiary.\n<\/em><\/strong><\/p>\n\n\n\n<p><strong>5<\/strong><strong>.<\/strong> Wierni, kt\u00f3rzy\npobo\u017cnie nawiedz\u0105 cmentarz i pomodl\u0105 si\u0119 za zmar\u0142ych, mog\u0105 uzyska\u0107 i ofiarowa\u0107\nza nich <strong>odpust zupe\u0142ny<\/strong> przez\n8 dni w listopadzie. <strong><em>Warunki odpustu<\/em><\/strong>: stan \u0142aski\nu\u015bwi\u0119caj\u0105cej; pe\u0142ne uczestnictwo w Eucharystii z Komuni\u0105 \u015bw.; nawiedzenie\ncmentarza; odm\u00f3wienie modlitwy Ojcze nasz.., w intencjach Ojca \u015awi\u0119tego (np.\nPod Twoj\u0105 obron\u0119); modlitwa za zmar\u0142ych, brak przywi\u0105zania do jakiegokolwiek\ngrzechu, nawet powszedniego.<\/p>\n\n\n\n<p><strong>6<\/strong><strong>.<\/strong> &nbsp;<strong>W czwartek \u2013 2 listopada &#8211; &nbsp;wspomnienie Wszystkich Wiernych Zmar\u0142ych. Msze\n\u015bw. zbiorowe w ko\u015bciele parafialnym o godz. <\/strong><strong>8<sup>00<\/sup><\/strong><strong>, <\/strong><strong>16<sup>00<\/sup><\/strong><strong> i <\/strong><strong>18<sup>00<\/sup><\/strong><strong>. W<\/strong><strong>\nR\u0119szowie o 17<sup>00<\/sup>.<\/strong><\/p>\n\n\n\n<p><strong>7<\/strong><strong>.<\/strong> W tym tygodniu\nobchodzimy I czwartek i I pi\u0105tek i I sobot\u0119 miesi\u0105ca. <\/p>\n\n\n\n<p><strong>8<\/strong><strong>.<\/strong>\n<strong><em>Odwiedziny\nchorych w I pi\u0105tek miesi\u0105ca od godz. 8.30.<\/em><\/strong><\/p>\n\n\n\n<p><strong>9. W sobot\u0119<\/strong>\n &#8211;&nbsp; nabo\u017ce\u0144stwo\n<strong>I soboty miesi\u0105ca<\/strong> <em>o godz.<\/em><strong>17<sup>00<\/sup><\/strong><\/p>\n\n\n\n<p><strong>10<\/strong><strong>. <\/strong>W przysz\u0142\u0105 niedziel\u0119 b\u0119dziemy prze\u017cywa\u0107 <strong><em>31 Niedziel\u0119 zwyk\u0142\u0105.<\/em><\/strong>\nMsze \u015bw. wg porz\u0105dku niedzielnego. Zmiana\ntajemnic \u017bywego R\u00f3\u017ca\u0144ca o <strong>10<sup>30<\/sup>. <\/strong><\/p>\n\n\n\n<p><strong>11<\/strong><strong>.<\/strong> Kancelaria\nczynna po Mszy \u015bw. wieczornej z wyj\u0105tkiem niedziel, uroczysto\u015bci i \u015bwi\u0105t.<\/p>\n\n\n\n<p><strong>12<\/strong><strong>.<\/strong> Do nabycia jest\nprasa katolicka: Niedziela, Go\u015b\u0107 Niedzielny i R\u00f3\u017caniec. <\/p>\n\n\n\n<p><strong>13<\/strong><strong>.<\/strong> Dzi\u0119kuj\u0119 wszystkim,\nkt\u00f3rzy w tym tygodniu sprz\u0105tali \u015bwi\u0105tyni\u0119 i przygotowali j\u0105 na nasze spotkanie\neucharystyczne.<\/p>\n\n\n\n<p><strong>14<\/strong><strong>.<\/strong> Serdeczne B\u00f3g\nzap\u0142a\u0107 za ofiary sk\u0142adane na remonty w naszej parafii. <\/p>\n\n\n\n<p><strong>15.<\/strong>\n&nbsp;Intencje mszalne, obrazki \u2013 pami\u0105tki odprawionej\nMszy \u015bw.<\/p>\n\n\n\n<p><strong>16<\/strong><strong>. <\/strong>Kartki\nwypominkowe znajduj\u0105 si\u0119 przy \u0142awkach w ko\u015bciele i na stoliku pod ekranem. Wypisane\nkartki wypominkowe prosz\u0119 sk\u0142ada\u0107 w kopertach z adresem do <strong><em>skarbony\npod ambon\u0105<\/em><\/strong>.<\/p>\n\n\n\n<p><em>\u017byczymy mi\u0142ego tygodnia\ni obfitych \u0142ask Bo\u017cych.<\/em><\/p>\n","protected":false},"excerpt":{"rendered":"<p>1. Dzi\u015b prze\u017cywamy 30 Niedziel\u0119 zwyk\u0142\u0105 oraz Rocznic\u0119 po\u015bwi\u0119cenia w\u0142asnego ko\u015bcio\u0142a. Msze \u015bw. wg porz\u0105dku niedzielnego. 2. Msze \u015bw. w tygodniu&nbsp; o 700 i 1800. 3. Codziennie spowied\u017a i adoracja Naj\u015bwi\u0119tszego Sakramentu o godz. 1700, do wtorku w\u0142\u0105cznie r\u00f3\u017caniec o 1730 , a od 5 listopada nabo\u017ce\u0144stwa wypominkowe o 1730&#8230; <a class=\"continue-reading-link\" href=\"http:\/\/parafia.scinawa.info\/index.php\/2023\/10\/28\/ogloszenia-duszpasterskie-30-niedziela-zwykla-29-10-2023\/\">Czytaj dalej <span class=\"meta-nav\">&rarr; <\/span><\/a><\/p>\n","protected":false},"author":2,"featured_media":0,"comment_status":"closed","ping_status":"closed","sticky":false,"template":"","format":"standard","meta":{"footnotes":""},"categories":[40],"tags":[],"class_list":["post-2473","post","type-post","status-publish","format-standard","hentry","category-ogloszenia-duszpasterskie"],"_links":{"self":[{"href":"http:\/\/parafia.scinawa.info\/index.php\/wp-json\/wp\/v2\/posts\/2473","targetHints":{"allow":["GET"]}}],"collection":[{"href":"http:\/\/parafia.scinawa.info\/index.php\/wp-json\/wp\/v2\/posts"}],"about":[{"href":"http:\/\/parafia.scinawa.info\/index.php\/wp-json\/wp\/v2\/types\/post"}],"author":[{"embeddable":true,"href":"http:\/\/parafia.scinawa.info\/index.php\/wp-json\/wp\/v2\/users\/2"}],"replies":[{"embeddable":true,"href":"http:\/\/parafia.scinawa.info\/index.php\/wp-json\/wp\/v2\/comments?post=2473"}],"version-history":[{"count":1,"href":"http:\/\/parafia.scinawa.info\/index.php\/wp-json\/wp\/v2\/posts\/2473\/revisions"}],"predecessor-version":[{"id":2474,"href":"http:\/\/parafia.scinawa.info\/index.php\/wp-json\/wp\/v2\/posts\/2473\/revisions\/2474"}],"wp:attachment":[{"href":"http:\/\/parafia.scinawa.info\/index.php\/wp-json\/wp\/v2\/media?parent=2473"}],"wp:term":[{"taxonomy":"category","embeddable":true,"href":"http:\/\/parafia.scinawa.info\/index.php\/wp-json\/wp\/v2\/categories?post=2473"},{"taxonomy":"post_tag","embeddable":true,"href":"http:\/\/parafia.scinawa.info\/index.php\/wp-json\/wp\/v2\/tags?post=2473"}],"curies":[{"name":"wp","href":"https:\/\/api.w.org\/{rel}","templated":true}]}}