{"id":2478,"date":"2023-11-04T12:57:16","date_gmt":"2023-11-04T11:57:16","guid":{"rendered":"http:\/\/parafia.scinawa.info\/?p=2478"},"modified":"2023-11-04T12:57:16","modified_gmt":"2023-11-04T11:57:16","slug":"ogloszenia-duszpasterskie-31-niedziela-zwykla-05-11-2023","status":"publish","type":"post","link":"http:\/\/parafia.scinawa.info\/index.php\/2023\/11\/04\/ogloszenia-duszpasterskie-31-niedziela-zwykla-05-11-2023\/","title":{"rendered":"Og\u0142oszenia duszpasterskie  31 Niedziela zwyk\u0142a \u2013 05.11. 2023"},"content":{"rendered":"\n<p><strong>1<\/strong><strong>.<\/strong> Dzi\u015b prze\u017cywamy\n<strong><em>31 Niedziel\u0119 zwyk\u0142\u0105<\/em><\/strong>.\nMsze \u015bw. wg porz\u0105dku niedzielnego.\nZmiana tajemnic \u017bywego R\u00f3\u017ca\u0144ca o <strong>10<sup>30<\/sup>.<\/strong> <strong><em>&nbsp;<\/em><\/strong><\/p>\n\n\n\n<p><strong>2<\/strong><strong>.<\/strong> Msze \u015bw. w\ntygodniu&nbsp; o <strong>7<sup>00<\/sup><\/strong> i <strong>18<sup>00<\/sup><\/strong>.\n<\/p>\n\n\n\n<p><strong>3.<\/strong>\nCodziennie spowied\u017a i adoracja Naj\u015bwi\u0119tszego Sakramentu o godz. <strong>17<sup>00<\/sup>,\na wypominki o <\/strong><strong>17<sup>30<\/sup>. <\/strong><\/p>\n\n\n\n<p><strong>4<\/strong><strong>.<\/strong> <strong>&nbsp;<\/strong>W tym tygodniu obchodzimy:<\/p>\n\n\n\n<p>&#8211; <strong>w czwartek<\/strong> \u2013 \u015bwi\u0119to Rocznica Po\u015bwi\u0119cenia\nBazyliki Latera\u0144skiej<\/p>\n\n\n\n<p>&#8211; <strong>w\npi\u0105tek<\/strong> \u2013 wspomnienie \u015bw. Leona Wielkiego, papie\u017ca i doktora Ko\u015bcio\u0142a<\/p>\n\n\n\n<p>&#8211; <strong>w\nsobot\u0119<\/strong> &#8211; wspomnienie \u015bw. Marcina\nz Tour i\n\u015bwi\u0119to wa\u017cne dla ka\u017cdego Polaka <\/p>\n\n\n\n<p>&nbsp;&nbsp;&nbsp;&nbsp; \u2013 <strong><em>105 Rocznica Odzyskania Niepodleg\u0142o\u015bci.<\/em><\/strong>\nMsze \u015bw. o <strong>8<sup>00 <\/sup><\/strong><strong>, 11<sup>00<\/sup>,18<sup>00<\/sup><\/strong>,\na w R\u0119szowie o <strong>9<sup>30<\/sup>.<\/strong>&nbsp; O godz. <strong>11<sup>00<\/sup> <\/strong>Msza \u015bw. <strong><em>w intencji Ojczyzny<\/em><\/strong>. <\/p>\n\n\n\n<p><strong>5<\/strong><strong>. <\/strong>W przysz\u0142\u0105 niedziel\u0119 b\u0119dziemy prze\u017cywa\u0107 <strong><em>32 Niedziel\u0119 zwyk\u0142\u0105<\/em><\/strong> Msze\n\u015bw. wg porz\u0105dku niedzielnego. <strong><em>R\u00f3wnie\u017c w przysz\u0142\u0105 niedziel\u0119 <\/em><\/strong><strong><em>o\ngodz. 12<sup>30<\/sup> <\/em><\/strong><strong><em>&nbsp;<\/em><\/strong><strong><em>spotkanie\ndla rodzic\u00f3w i dzieci Pierwszokomunijnych po\u0142\u0105czone z po\u015bwi\u0119ceniem i\nprzekazaniem dzieciom ksi\u0105\u017ceczek.<\/em><\/strong><\/p>\n\n\n\n<p><strong>6<\/strong><strong>.<\/strong> Kancelaria\nczynna codziennie po Mszy \u015bw. wieczornej z wyj\u0105tkiem niedziel, uroczysto\u015bci i\n\u015bwi\u0105t.<\/p>\n\n\n\n<p><strong>7<\/strong><strong>.<\/strong> Do nabycia jest\nprasa katolicka: Niedziela, Go\u015b\u0107 Niedzielny, Ma\u0142y Go\u015b\u0107 Niedzielny i R\u00f3\u017caniec. <\/p>\n\n\n\n<p><strong>8<\/strong><strong>.<\/strong> Dzi\u0119kuj\u0119 wszystkim,\nkt\u00f3rzy w tym tygodniu sprz\u0105tali \u015bwi\u0105tyni\u0119 i przygotowali j\u0105 na nasze spotkanie\neucharystyczne.<\/p>\n\n\n\n<p><strong>9<\/strong><strong>.<\/strong> Serdeczne B\u00f3g\nzap\u0142a\u0107 za ofiary sk\u0142adane na remonty w naszej parafii. <\/p>\n\n\n\n<p><strong>10.<\/strong> \u00a0Intencje mszalne, kalendarze, obrazki \u2013 pami\u0105tki odprawionej Mszy \u015bw.<\/p>\n\n\n\n<p><em>\u017byczymy mi\u0142ego tygodnia i obfitych \u0142ask Bo\u017cych.<\/em><\/p>\n","protected":false},"excerpt":{"rendered":"<p>1. Dzi\u015b prze\u017cywamy 31 Niedziel\u0119 zwyk\u0142\u0105. Msze \u015bw. wg porz\u0105dku niedzielnego. Zmiana tajemnic \u017bywego R\u00f3\u017ca\u0144ca o 1030. &nbsp; 2. Msze \u015bw. w tygodniu&nbsp; o 700 i 1800. 3. Codziennie spowied\u017a i adoracja Naj\u015bwi\u0119tszego Sakramentu o godz. 1700, a wypominki o 1730. 4. &nbsp;W tym tygodniu obchodzimy: &#8211; w czwartek \u2013&#8230; <a class=\"continue-reading-link\" href=\"http:\/\/parafia.scinawa.info\/index.php\/2023\/11\/04\/ogloszenia-duszpasterskie-31-niedziela-zwykla-05-11-2023\/\">Czytaj dalej <span class=\"meta-nav\">&rarr; <\/span><\/a><\/p>\n","protected":false},"author":2,"featured_media":0,"comment_status":"closed","ping_status":"closed","sticky":false,"template":"","format":"standard","meta":{"footnotes":""},"categories":[40],"tags":[],"class_list":["post-2478","post","type-post","status-publish","format-standard","hentry","category-ogloszenia-duszpasterskie"],"_links":{"self":[{"href":"http:\/\/parafia.scinawa.info\/index.php\/wp-json\/wp\/v2\/posts\/2478","targetHints":{"allow":["GET"]}}],"collection":[{"href":"http:\/\/parafia.scinawa.info\/index.php\/wp-json\/wp\/v2\/posts"}],"about":[{"href":"http:\/\/parafia.scinawa.info\/index.php\/wp-json\/wp\/v2\/types\/post"}],"author":[{"embeddable":true,"href":"http:\/\/parafia.scinawa.info\/index.php\/wp-json\/wp\/v2\/users\/2"}],"replies":[{"embeddable":true,"href":"http:\/\/parafia.scinawa.info\/index.php\/wp-json\/wp\/v2\/comments?post=2478"}],"version-history":[{"count":1,"href":"http:\/\/parafia.scinawa.info\/index.php\/wp-json\/wp\/v2\/posts\/2478\/revisions"}],"predecessor-version":[{"id":2479,"href":"http:\/\/parafia.scinawa.info\/index.php\/wp-json\/wp\/v2\/posts\/2478\/revisions\/2479"}],"wp:attachment":[{"href":"http:\/\/parafia.scinawa.info\/index.php\/wp-json\/wp\/v2\/media?parent=2478"}],"wp:term":[{"taxonomy":"category","embeddable":true,"href":"http:\/\/parafia.scinawa.info\/index.php\/wp-json\/wp\/v2\/categories?post=2478"},{"taxonomy":"post_tag","embeddable":true,"href":"http:\/\/parafia.scinawa.info\/index.php\/wp-json\/wp\/v2\/tags?post=2478"}],"curies":[{"name":"wp","href":"https:\/\/api.w.org\/{rel}","templated":true}]}}