{"id":2489,"date":"2023-11-18T16:12:55","date_gmt":"2023-11-18T15:12:55","guid":{"rendered":"http:\/\/parafia.scinawa.info\/?p=2489"},"modified":"2023-11-18T16:12:55","modified_gmt":"2023-11-18T15:12:55","slug":"ogloszenia-duszpasterskie-33-niedziela-zwykla-19-11-2023","status":"publish","type":"post","link":"http:\/\/parafia.scinawa.info\/index.php\/2023\/11\/18\/ogloszenia-duszpasterskie-33-niedziela-zwykla-19-11-2023\/","title":{"rendered":"Og\u0142oszenia duszpasterskie  33 Niedziela zwyk\u0142a \u2013 19.11. 2023"},"content":{"rendered":"\n<p><strong>1<\/strong><strong>.<\/strong> Dzi\u015b prze\u017cywamy\n<strong><em>33 Niedziel\u0119 zwyk\u0142\u0105<\/em><\/strong>.\nMsze \u015bw. wg porz\u0105dku niedzielnego.\n<\/p>\n\n\n\n<p><strong>2<\/strong><strong>.<\/strong> Msze \u015bw. w\ntygodniu&nbsp; o <strong>7<sup>00<\/sup><\/strong> i <strong>18<sup>00<\/sup><\/strong>.\n<\/p>\n\n\n\n<p><strong>3.<\/strong>\nCodziennie spowied\u017a i adoracja Naj\u015bwi\u0119tszego Sakramentu o godz. <strong>17<sup>00<\/sup>.\n<\/strong><\/p>\n\n\n\n<p><strong>4. <\/strong><strong>W tym tygodniu nabo\u017ce\u0144stwa: <\/strong><\/p>\n\n\n\n<p><strong>&#8211;<\/strong> <strong>w niedziel\u0119<\/strong>\n<strong>&nbsp;&nbsp;&nbsp;&nbsp;&nbsp;&nbsp;&nbsp;&nbsp; &#8211; <\/strong>nabo\u017ce\u0144stwo do <strong>\u015bw. J\u00f3zefa<\/strong> o godz. <strong>17<sup>30<\/sup><\/strong><strong><\/strong><\/p>\n\n\n\n<p><strong>&#8211; w poniedzia\u0142ek &nbsp;&nbsp; &#8211; <\/strong>nabo\u017ce\u0144stwo<strong>\n<em>do Bo\u017cego Mi\u0142osierdzia<\/em> <\/strong>o godz. <strong>17<sup>30<\/sup><\/strong><\/p>\n\n\n\n<p><strong>&#8211;<\/strong> <strong>w \u015brod\u0119<\/strong>\n&nbsp;&nbsp;&nbsp;&nbsp;&nbsp;&nbsp;&nbsp;&nbsp;&nbsp;&nbsp;&nbsp;&nbsp;&nbsp; <strong>&#8211; <\/strong>nabo\u017ce\u0144stwo<strong> <em>do<\/em><\/strong> <strong><em>NMP Nieustaj\u0105cej Pomocy<\/em><\/strong> <strong><em>do\n\u015bw. Rity<\/em><\/strong> o\n<strong>17<sup>30<\/sup><\/strong><strong><\/strong><\/p>\n\n\n\n<p>&#8211;\n<strong>w czwartek<\/strong> &nbsp;&nbsp;&nbsp;&nbsp;&nbsp;&nbsp;&nbsp;&nbsp; <strong>&#8211; <\/strong>nabo\u017ce\u0144stwo<strong> <em>do\n\u015bw. Ojca Pio<\/em><\/strong> o godz. <strong>17<sup>30<\/sup><\/strong><\/p>\n\n\n\n<p><strong>5<\/strong><strong>.<\/strong> <strong>&nbsp;<\/strong>W tym tygodniu obchodzimy:<\/p>\n\n\n\n<p>&#8211; <strong>w poniedzia\u0142ek<\/strong> \u2013 wspomnienie \u015bw. Rafa\u0142a Kalinowskiego, prezbitera<\/p>\n\n\n\n<p>&#8211;<strong><em> we<\/em><\/strong>\n<strong><em>wtorek<\/em><\/strong> \u2013 wspomnienie Ofiarowania\nNMP<\/p>\n\n\n\n<p>&#8211; <strong><em>w \u015brod\u0119<\/em><\/strong>&nbsp;&nbsp;&nbsp;&nbsp; \u2013 wspomnienie \u015bw. Cecylii, dziewicy i\nm\u0119czennicy, Patronki muzyki ko\u015bcielnej, <\/p>\n\n\n\n<p>&nbsp;&nbsp;&nbsp;&nbsp;&nbsp;&nbsp;&nbsp;&nbsp;&nbsp;&nbsp;&nbsp;&nbsp;&nbsp;&nbsp;&nbsp;\n&nbsp;&nbsp;&nbsp;&nbsp;&nbsp;&nbsp;&nbsp;&nbsp;\u015bwi\u0119to patronalne organist\u00f3w, ch\u00f3r\u00f3w, scholii<\/p>\n\n\n\n<p>&#8211;<strong><em> w<\/em><\/strong>\n<strong><em>pi\u0105tek<\/em><\/strong> &nbsp;\u2013 wspomnienie \u015bw. m\u0119czennik\u00f3w Andrzeja\nDunc-Laca, prezbitera i Towarzyszy <\/p>\n\n\n\n<p>&#8211;<strong><em> w<\/em><\/strong>\n<strong><em>sobot\u0119<\/em><\/strong> &nbsp;\u2013 o godz. <strong>14<sup>00<\/sup> <\/strong>w\nD\u0142u\u017cycach odpust parafialny ku czci Chrystusa Kr\u00f3la<\/p>\n\n\n\n<p><strong>6<\/strong><strong>. <\/strong>W przysz\u0142\u0105 niedziel\u0119 b\u0119dziemy prze\u017cywa\u0107 <strong><em>34 Niedziel\u0119 zwyk\u0142\u0105<\/em><\/strong>\ni zarazem Uroczysto\u015b\u0107 Chrystusa Kr\u00f3la Wszech\u015bwiata. Msze \u015bw. wg porz\u0105dku niedzielnego.\n<\/p>\n\n\n\n<p><strong><em>Za\npubliczne odm\u00f3wienie \u201eAktu po\u015bwi\u0119cenia\u201d w uroczysto\u015b\u0107 Jezusa Chrystusa Kr\u00f3la\nWszech\u015bwiata mo\u017cna uzyska\u0107 odpust zupe\u0142ny.<\/em><\/strong> &nbsp;<\/p>\n\n\n\n<p><strong>7<\/strong><strong>.<\/strong> Kancelaria\nczynna codziennie po Mszy \u015bw. wieczornej z wyj\u0105tkiem niedziel, uroczysto\u015bci i\n\u015bwi\u0105t.<\/p>\n\n\n\n<p><strong>8<\/strong><strong>.<\/strong> Do nabycia jest\nprasa katolicka: Niedziela, Go\u015b\u0107 Niedzielny, Ma\u0142y Go\u015b\u0107 Niedzielny i R\u00f3\u017caniec. <\/p>\n\n\n\n<p><strong>9<\/strong><strong>.<\/strong> Dzi\u0119kuj\u0119 wszystkim,\nkt\u00f3rzy w tym tygodniu sprz\u0105tali \u015bwi\u0105tyni\u0119 i przygotowali j\u0105 na nasze spotkanie\neucharystyczne.<\/p>\n\n\n\n<p><strong>10<\/strong><strong>.<\/strong> Serdeczne B\u00f3g\nzap\u0142a\u0107 za ofiary sk\u0142adane na remonty w naszej parafii. <\/p>\n\n\n\n<p><strong>11.<\/strong>\n&nbsp;Intencje mszalne, kalendarze, obrazki \u2013\npami\u0105tki odprawionej Mszy \u015bw.<\/p>\n\n\n\n<p><em>\u017byczymy mi\u0142ego tygodnia\ni obfitych \u0142ask Bo\u017cych.<\/em><\/p>\n","protected":false},"excerpt":{"rendered":"<p>1. Dzi\u015b prze\u017cywamy 33 Niedziel\u0119 zwyk\u0142\u0105. Msze \u015bw. wg porz\u0105dku niedzielnego. 2. Msze \u015bw. w tygodniu&nbsp; o 700 i 1800. 3. Codziennie spowied\u017a i adoracja Naj\u015bwi\u0119tszego Sakramentu o godz. 1700. 4. W tym tygodniu nabo\u017ce\u0144stwa: &#8211; w niedziel\u0119 &nbsp;&nbsp;&nbsp;&nbsp;&nbsp;&nbsp;&nbsp;&nbsp; &#8211; nabo\u017ce\u0144stwo do \u015bw. J\u00f3zefa o godz. 1730 &#8211; w poniedzia\u0142ek&#8230; <a class=\"continue-reading-link\" href=\"http:\/\/parafia.scinawa.info\/index.php\/2023\/11\/18\/ogloszenia-duszpasterskie-33-niedziela-zwykla-19-11-2023\/\">Czytaj dalej <span class=\"meta-nav\">&rarr; <\/span><\/a><\/p>\n","protected":false},"author":2,"featured_media":0,"comment_status":"closed","ping_status":"closed","sticky":false,"template":"","format":"standard","meta":{"footnotes":""},"categories":[40],"tags":[],"class_list":["post-2489","post","type-post","status-publish","format-standard","hentry","category-ogloszenia-duszpasterskie"],"_links":{"self":[{"href":"http:\/\/parafia.scinawa.info\/index.php\/wp-json\/wp\/v2\/posts\/2489","targetHints":{"allow":["GET"]}}],"collection":[{"href":"http:\/\/parafia.scinawa.info\/index.php\/wp-json\/wp\/v2\/posts"}],"about":[{"href":"http:\/\/parafia.scinawa.info\/index.php\/wp-json\/wp\/v2\/types\/post"}],"author":[{"embeddable":true,"href":"http:\/\/parafia.scinawa.info\/index.php\/wp-json\/wp\/v2\/users\/2"}],"replies":[{"embeddable":true,"href":"http:\/\/parafia.scinawa.info\/index.php\/wp-json\/wp\/v2\/comments?post=2489"}],"version-history":[{"count":1,"href":"http:\/\/parafia.scinawa.info\/index.php\/wp-json\/wp\/v2\/posts\/2489\/revisions"}],"predecessor-version":[{"id":2490,"href":"http:\/\/parafia.scinawa.info\/index.php\/wp-json\/wp\/v2\/posts\/2489\/revisions\/2490"}],"wp:attachment":[{"href":"http:\/\/parafia.scinawa.info\/index.php\/wp-json\/wp\/v2\/media?parent=2489"}],"wp:term":[{"taxonomy":"category","embeddable":true,"href":"http:\/\/parafia.scinawa.info\/index.php\/wp-json\/wp\/v2\/categories?post=2489"},{"taxonomy":"post_tag","embeddable":true,"href":"http:\/\/parafia.scinawa.info\/index.php\/wp-json\/wp\/v2\/tags?post=2489"}],"curies":[{"name":"wp","href":"https:\/\/api.w.org\/{rel}","templated":true}]}}