{"id":2491,"date":"2023-11-18T16:17:05","date_gmt":"2023-11-18T15:17:05","guid":{"rendered":"http:\/\/parafia.scinawa.info\/?p=2491"},"modified":"2023-11-18T16:17:05","modified_gmt":"2023-11-18T15:17:05","slug":"intencje-mszalne-19-11-26-11-2023","status":"publish","type":"post","link":"http:\/\/parafia.scinawa.info\/index.php\/2023\/11\/18\/intencje-mszalne-19-11-26-11-2023\/","title":{"rendered":"INTENCJE MSZALNE 19.11. \u2013 26.11. 2023"},"content":{"rendered":"\n<p><strong><em>Sk\u0142adaj\u0105c\nOfiar\u0119, kt\u00f3ra nam przypomina niezmierzon\u0105 mi\u0142o\u015b\u0107 Twojego Syna, pokornie prosimy\nCi\u0119, Bo\u017ce, przyjmij intencje Twoich wiernych i spraw przez dzia\u0142anie\nEucharystii, aby w naszych rodzinach wzrasta\u0142a prawdziwa wiara, \u015bwi\u0119to\u015b\u0107 \u017cycia,\nbraterska mi\u0142o\u015b\u0107 i duch modlitwy. <\/em><\/strong><strong>Niech\nMatka Naj\u015bwi\u0119tsza wyprosi \u0142aski, o kt\u00f3re modlili\u015bmy si\u0119 w tej Mszy \u015bw. dla \u2026\nZa\u015b zmar\u0142ym \u2026 za kt\u00f3rych odprawiali\u015bmy Msz\u0119 \u015bw.: wieczny odpoczynek racz im\nda\u0107 Panie (\u2026); niech odpoczywaj\u0105 w pokoju wiecznym. Amen<\/strong><\/p>\n\n\n\n<p><strong>19.11<em>. &#8211; NIEDZIELA&nbsp; <\/em><\/strong><em><\/em><\/p>\n\n\n\n<p><strong>8.oo \u2013 1) <\/strong>++ Helen\u0119, Mari\u0119, Jana, Zygmunta, Szczepana z rodziny St\u0119pieni\u00f3w, Janin\u0119, Antoniego,  Krzysztofa Lulk\u00f3w oraz Mari\u0119 i Stanis\u0142awa Koniecznych \u2013 modli si\u0119 rodzina<\/p>\n\n\n\n<p><strong>&nbsp;&nbsp;&nbsp;&nbsp;&nbsp;&nbsp;&nbsp;&nbsp;&nbsp;&nbsp;&nbsp; &nbsp;\n2)<\/strong> ++ rodzic\u00f3w: Juli\u0119 i Antoniego oraz Katarzyn\u0119 i\nDamiana<\/p>\n\n\n\n<p><strong>&nbsp; 9.3o \u2013 <\/strong>&nbsp;++ Kazimier\u0119 w 11 rocz. \u015bm., Micha\u0142a, Artura\noraz ++ z rodziny Babij\u00f3w, Arciszewskich,  Chrzanowskich, Urba\u0144skich, Baran\u00f3w, Malisz\u00f3w, Marynowicz\u00f3w, siostr\u0119 Agnieszk\u0119 Jadwi\u017cank\u0119,  ++ przyjaci\u00f3\u0142, dobroczy\u0144c\u00f3w i dusze w czy\u015b\u0107cu cierpi\u0105ce \u2013 modli si\u0119 rodzina \u00a0<\/p>\n\n\n\n<p><strong>11.oo\n\u2013 1)<\/strong> ++ m\u0119\u017ca Ryszarda Szyma\u0144skiego w 2 rocz. \u015bm.<strong>, <\/strong>rodzic\u00f3w z obu stron: Adel\u0119 i Kazimierza\u00a0\u015aliwk\u00f3w, Antonin\u0119 i J\u00f3zefa Szyma\u0144skich, siostr\u0119 Zofi\u0119, brata Bogdana \u2013 modli si\u0119 \u017cona z rodzin\u0105<\/p>\n\n\n\n<p><strong>&nbsp;&nbsp;&nbsp;&nbsp;&nbsp;&nbsp;&nbsp;&nbsp;&nbsp;&nbsp;&nbsp; &nbsp;\n2) <\/strong>+ El\u017cbiet\u0119 Demczak w 10\nrocz. \u015bm. \u2013 modli si\u0119 rodzina <\/p>\n\n\n\n<p><strong>12.3o\n\u2013 1) <\/strong>++ rodzic\u00f3w: Jana i Ann\u0119,\nte\u015bci\u00f3w: J\u00f3zefin\u0119 i Kazimierza, m\u0119\u017ca Ryszarda, ++ rodze\u0144stwo \u00a0 z obu stron, zi\u0119cia Ryszarda oraz ++ z rodziny \u017burawskich i Cyglickich \u2013 modli si\u0119 c\u00f3rka i \u017cona\u00a0z rodzin\u0105<\/p>\n\n\n\n<p><strong>&nbsp;&nbsp;&nbsp;&nbsp;&nbsp;&nbsp;&nbsp;&nbsp;&nbsp;&nbsp;&nbsp; &nbsp;\n2)<\/strong> + Wiolett\u0119 Cywi\u0144sk\u0105 \u2013 gregorianka 17<\/p>\n\n\n\n<p><strong>18.oo \u2013 <\/strong>w 25 rocz. urodzin Bernadetty Sztaby dzi\u0119kczynna za otrzymane \u0142aski z pro\u015bb\u0105 o zdrowie, dary \u00a0Ducha \u015awi\u0119tego, Bo\u017ce b\u0142ogos\u0142awie\u0144stwo, opiek\u0119 NMP i \u015bw. Patron\u00f3w na dalsze lata \u017cycia\u00a0 \u2013 modl\u0105 si\u0119 rodzice i siostra<strong> \u00a0<\/strong>\u00a0<\/p>\n\n\n\n<p><strong>20.11<em>. \u2013 PONIEDZIA\u0141EK<\/em><\/strong><\/p>\n\n\n\n<p><strong>&nbsp; &nbsp;&nbsp;7.oo \u2013 <\/strong>&nbsp;+\nWiktori\u0119 w 83 rocz. ziemskich urodzin<\/p>\n\n\n\n<p><strong>18.oo\n\u2013 1) <\/strong>&nbsp;+ Wiolett\u0119\nCywi\u0144sk\u0105 \u2013 gregorianka 18<\/p>\n\n\n\n<p><strong>&nbsp;&nbsp;&nbsp;&nbsp;&nbsp;&nbsp;&nbsp;&nbsp;&nbsp;&nbsp;&nbsp; &nbsp;\n2)<\/strong> ++\nJanin\u0119 Kasprowsk\u0105 w 6 rocz. \u015bm., syna Piotra, rodzic\u00f3w: \u0141ucj\u0119 i W\u0142adys\u0142awa,\nbrata  Ryszarda \u2013 modli si\u0119 rodzina<\/p>\n\n\n\n<p><strong>21.11<em>. &#8211; WTOREK<\/em><\/strong><em><\/em><\/p>\n\n\n\n<p><strong>7.oo\n\u2013 <\/strong>+ Adama Kulaka w 2 rocz. \u015bm. <\/p>\n\n\n\n<p><strong>18.oo\n\u2013 <\/strong>+\nWiolett\u0119 Cywi\u0144sk\u0105 \u2013 gregorianka 19<\/p>\n\n\n\n<p><strong>22.11<em>. \u2013 \u015aRODA <\/em><\/strong><\/p>\n\n\n\n<p><strong>&nbsp; 7.oo \u2013 <\/strong>+ Wiolett\u0119\nCywi\u0144sk\u0105 \u2013 gregorianka 20<\/p>\n\n\n\n<p><strong>18.oo\n\u2013&nbsp; intencja zbiorowa nowennowa:<\/strong><\/p>\n\n\n\n<p><strong>&nbsp;1)<\/strong> w intencji ch\u00f3rzyst\u00f3w\nz racji patronalnego \u015bwi\u0119ta dzi\u0119kczynna z pro\u015bb\u0105 o zdrowie, \u0142aski,  Bo\u017ce b\u0142ogos\u0142awie\u0144stwo, opiek\u0119 NMP i \u015bw. Cecylii, a dla ++ ch\u00f3rzyst\u00f3w o dar \u017cycia wiecznego<\/p>\n\n\n\n<p><strong>&nbsp;2)<\/strong> + Regin\u0119 Matu\u0142\u0119 &#8211; 30\ndzie\u0144 od pogrzebu &#8211; intencja od uczestnik\u00f3w Mszy pogrzebowej<\/p>\n\n\n\n<p><strong>&nbsp;3)<\/strong> w intencji dzi\u0119kczynno- b\u0142agalnej&nbsp;\nPanu Bogu wiadomej<\/p>\n\n\n\n<p><strong>&nbsp;4)<\/strong><\/p>\n\n\n\n<p><strong>23.11<em>. \u2013 CZWARTEK <\/em><\/strong><em>&nbsp;<\/em><\/p>\n\n\n\n<p><strong>&nbsp; 7.oo \u2013<\/strong> &nbsp;+ Wiolett\u0119 Cywi\u0144sk\u0105 \u2013 gregorianka 21<\/p>\n\n\n\n<p><strong>18.oo\n\u2013 1) <\/strong>zaj. P. Bentkowski\n<\/p>\n\n\n\n<p><strong>&nbsp;&nbsp;&nbsp;&nbsp;&nbsp;&nbsp;&nbsp;&nbsp;&nbsp;&nbsp;&nbsp; &nbsp;\n2) <\/strong>+ Zbigniewa Benia \u2013 modli si\u0119\nLucyna z Krapkowic<\/p>\n\n\n\n<p><strong>24.11<em>. \u2013 PI\u0104TEK<\/em><\/strong><\/p>\n\n\n\n<p><strong>&nbsp; &nbsp;&nbsp;7.oo\n\u2013<\/strong>\n&nbsp;+ Jana Kaweckiego w 4 rocz. \u015bm. oraz ++\nrodzic\u00f3w: Jakuba i Olg\u0119 \u2013 modli si\u0119 siostra Zofia  z rodzin\u0105 <\/p>\n\n\n\n<p><strong>18.oo\n\u2013 1)<\/strong>\n+ Wiolett\u0119 Cywi\u0144sk\u0105 \u2013 gregorianka 22&nbsp;<\/p>\n\n\n\n<p><strong>&nbsp;&nbsp;&nbsp;&nbsp;&nbsp;&nbsp;&nbsp;&nbsp;&nbsp;&nbsp;&nbsp; &nbsp;\n2)<\/strong> ++ rodzic\u00f3w: Jana w 10 rocz. \u015bm. i Antonin\u0119 w 12\nrocz. \u015bm. \u2013 modl\u0105 si\u0119 c\u00f3rki z rodzin\u0105<\/p>\n\n\n\n<p><strong><em>25.11. \u2013 SOBOTA<\/em><\/strong><\/p>\n\n\n\n<p><strong>&nbsp; &nbsp;&nbsp;7.oo\n\u2013<\/strong>\n+ Wiolett\u0119 Cywi\u0144sk\u0105 \u2013 gregorianka 23<\/p>\n\n\n\n<p><strong>18.oo\n\u2013 1) <\/strong>zaj. P. Leszczy\u0144ska\n<\/p>\n\n\n\n<p><strong>&nbsp;&nbsp;&nbsp;&nbsp;&nbsp;&nbsp;&nbsp;&nbsp;&nbsp;&nbsp;&nbsp; &nbsp;\n2)<\/strong> + Jana Kop\u0119 w 12 rocz. \u015bm. \u2013 modli si\u0119 rodzina <\/p>\n\n\n\n<p><strong><em>26.11. \u2013 NIEDZIELA&nbsp; <\/em><\/strong><\/p>\n\n\n\n<p><strong>&nbsp; 8.oo \u2013 1) <\/strong>+ J\u00f3zefa w 3\nrocz. \u015bm., Zofi\u0119 i Mariana z rodziny J\u0119dryk\u00f3w \u2013 modli si\u0119 rodzina<\/p>\n\n\n\n<p><strong>&nbsp;&nbsp;&nbsp;&nbsp;&nbsp;&nbsp;&nbsp;&nbsp;&nbsp;&nbsp;&nbsp; &nbsp;\n2)<\/strong> + Wiolett\u0119 Cywi\u0144sk\u0105 \u2013 gregorianka 24<\/p>\n\n\n\n<p><strong>&nbsp; 9.3o \u2013 <\/strong>&nbsp;+ J\u00f3zefa Lisa \u2013 modli si\u0119 \u017cona z rodzin\u0105 &nbsp;<\/p>\n\n\n\n<p><strong>11.oo\n\u20131)<\/strong>\n++ rodzic\u00f3w: Joann\u0119 w 26 rocz. \u015bm. i Piotra w 22 rocz. \u015bm. z rodziny Jastrz\u0119bskich,\nMari\u0119 w 29 rocz. \u015bm. i J\u00f3zefa w 8 rocz. \u015bm. z rodziny Mizier\u00f3w, siostr\u0119 Mari\u0119 Szpularz w 8 rocz. \u015bm., brata\u00a0Jana Jastrz\u0119bskiego w 4 rocz. \u015bm., kuzynk\u0119 Krystyn\u0119 Brzezi\u0144sk\u0105 w 3 rocz. \u015bm. oraz siostr\u0119 J\u00f3zi\u0119<\/p>\n\n\n\n<p><strong>&nbsp;&nbsp;&nbsp;&nbsp;&nbsp;&nbsp;&nbsp;&nbsp;&nbsp; 2) <\/strong>w intencji Moniki i Piotra, Juliana i \u0141ucji dzi\u0119kczynna za otrzymane \u0142aski z pro\u015bb\u0105 o zdrowie,\ndary  Ducha \u015awi\u0119tego, Bo\u017ce b\u0142ogos\u0142awie\u0144stwo, opiek\u0119 NMP i \u015bw. Patron\u00f3w na dalsze lata \u017cycia<\/p>\n\n\n\n<p><strong>12.3o\n\u2013 1) <\/strong>+\nKazimierza w 5 rocz. \u015bm. oraz ++ Ann\u0119, Franciszka, Olg\u0119, J\u00f3zefa, Iwon\u0119 i Zenona\n\u2013 modli  si\u0119 rodzina<\/p>\n\n\n\n<p><strong>&nbsp;&nbsp;&nbsp;&nbsp;&nbsp;&nbsp;&nbsp;&nbsp;&nbsp;&nbsp;&nbsp; &nbsp;\n2)<\/strong> + Eugeniusza Matu\u0142\u0119 oraz wszystkich ++ z rodziny\nMatu\u0142\u00f3w i Stembalskich \u2013 modli si\u0119 rodzina<\/p>\n\n\n\n<p><strong>18.oo\n\u2013 <\/strong>++ Zdzis\u0142awa z racji ziemskich imienin i Mari\u0119 &nbsp;z rodziny Bieni\u00f3w \u2013 modl\u0105 si\u0119 dzieci<\/p>\n","protected":false},"excerpt":{"rendered":"<p>Sk\u0142adaj\u0105c Ofiar\u0119, kt\u00f3ra nam przypomina niezmierzon\u0105 mi\u0142o\u015b\u0107 Twojego Syna, pokornie prosimy Ci\u0119, Bo\u017ce, przyjmij intencje Twoich wiernych i spraw przez dzia\u0142anie Eucharystii, aby w naszych rodzinach wzrasta\u0142a prawdziwa wiara, \u015bwi\u0119to\u015b\u0107 \u017cycia, braterska mi\u0142o\u015b\u0107 i duch modlitwy. Niech Matka Naj\u015bwi\u0119tsza wyprosi \u0142aski, o kt\u00f3re modlili\u015bmy si\u0119 w tej Mszy \u015bw. dla&#8230; <a class=\"continue-reading-link\" href=\"http:\/\/parafia.scinawa.info\/index.php\/2023\/11\/18\/intencje-mszalne-19-11-26-11-2023\/\">Czytaj dalej <span class=\"meta-nav\">&rarr; <\/span><\/a><\/p>\n","protected":false},"author":2,"featured_media":0,"comment_status":"closed","ping_status":"closed","sticky":false,"template":"","format":"standard","meta":{"footnotes":""},"categories":[39],"tags":[],"class_list":["post-2491","post","type-post","status-publish","format-standard","hentry","category-intencje"],"_links":{"self":[{"href":"http:\/\/parafia.scinawa.info\/index.php\/wp-json\/wp\/v2\/posts\/2491","targetHints":{"allow":["GET"]}}],"collection":[{"href":"http:\/\/parafia.scinawa.info\/index.php\/wp-json\/wp\/v2\/posts"}],"about":[{"href":"http:\/\/parafia.scinawa.info\/index.php\/wp-json\/wp\/v2\/types\/post"}],"author":[{"embeddable":true,"href":"http:\/\/parafia.scinawa.info\/index.php\/wp-json\/wp\/v2\/users\/2"}],"replies":[{"embeddable":true,"href":"http:\/\/parafia.scinawa.info\/index.php\/wp-json\/wp\/v2\/comments?post=2491"}],"version-history":[{"count":1,"href":"http:\/\/parafia.scinawa.info\/index.php\/wp-json\/wp\/v2\/posts\/2491\/revisions"}],"predecessor-version":[{"id":2492,"href":"http:\/\/parafia.scinawa.info\/index.php\/wp-json\/wp\/v2\/posts\/2491\/revisions\/2492"}],"wp:attachment":[{"href":"http:\/\/parafia.scinawa.info\/index.php\/wp-json\/wp\/v2\/media?parent=2491"}],"wp:term":[{"taxonomy":"category","embeddable":true,"href":"http:\/\/parafia.scinawa.info\/index.php\/wp-json\/wp\/v2\/categories?post=2491"},{"taxonomy":"post_tag","embeddable":true,"href":"http:\/\/parafia.scinawa.info\/index.php\/wp-json\/wp\/v2\/tags?post=2491"}],"curies":[{"name":"wp","href":"https:\/\/api.w.org\/{rel}","templated":true}]}}