{"id":2497,"date":"2023-11-25T22:40:04","date_gmt":"2023-11-25T21:40:04","guid":{"rendered":"http:\/\/parafia.scinawa.info\/?p=2497"},"modified":"2023-11-25T22:50:39","modified_gmt":"2023-11-25T21:50:39","slug":"intencje-mszalne-26-11-03-12-2023","status":"publish","type":"post","link":"http:\/\/parafia.scinawa.info\/index.php\/2023\/11\/25\/intencje-mszalne-26-11-03-12-2023\/","title":{"rendered":"INTENCJE MSZALNE 26.11. \u2013 03.12. 2023"},"content":{"rendered":"\n<p><strong><em>Sk\u0142adaj\u0105c Ofiar\u0119, kt\u00f3ra nam przypomina niezmierzon\u0105 mi\u0142o\u015b\u0107 Twojego Syna, pokornie prosimy Ci\u0119, Bo\u017ce, przyjmij intencje Twoich wiernych i spraw przez dzia\u0142anie Eucharystii, aby w naszych rodzinach wzrasta\u0142a prawdziwa wiara, \u015bwi\u0119to\u015b\u0107 \u017cycia, braterska mi\u0142o\u015b\u0107 i duch modlitwy. <\/em><\/strong><strong>Niech Matka Naj\u015bwi\u0119tsza wyprosi \u0142aski, o kt\u00f3re modlili\u015bmy si\u0119 w tej Mszy \u015bw. dla \u2026 Za\u015b zmar\u0142ym \u2026 za kt\u00f3rych odprawiali\u015bmy Msz\u0119 \u015bw.: <u>wieczny odpoczynek racz im da\u0107 Panie<\/u> (\u2026); niech odpoczywaj\u0105 w pokoju wiecznym. Amen<\/strong><\/p>\n\n\n\n<p><strong><u>26.11<em>. &#8211; NIEDZIELA&nbsp; <\/em><\/u><\/strong><em><\/em><\/p>\n\n\n\n<p><strong>8.oo \u2013 1) <\/strong>+ J\u00f3zefa w 3 rocz. \u015bm., Zofi\u0119 i Mariana z rodziny J\u0119dryk\u00f3w \u2013 modli si\u0119 rodzina<\/p>\n\n\n\n<p><strong>&nbsp;&nbsp;&nbsp;&nbsp;&nbsp;&nbsp;&nbsp;&nbsp;&nbsp;&nbsp;&nbsp; &nbsp; 2)<\/strong> + Wiolett\u0119 Cywi\u0144sk\u0105 \u2013 gregorianka 24<\/p>\n\n\n\n<p><strong>&nbsp; 9.3o \u2013 <\/strong>&nbsp;+ J\u00f3zefa Lisa \u2013 modli si\u0119 \u017cona z rodzin\u0105 &nbsp;<\/p>\n\n\n\n<p><strong>11.oo \u20131)<\/strong> ++ rodzic\u00f3w: Joann\u0119 w 26 rocz. \u015bm. i Piotra w 22 rocz. \u015bm. z rodziny Jastrz\u0119bskich, Mari\u0119 w 29 rocz. \u015bm. i J\u00f3zefa w 8 rocz. \u015bm. z rodziny Mizier\u00f3w, siostr\u0119 Mari\u0119 Szpularz w 8 rocz. \u015bm., brata Jana Jastrz\u0119bskiego w 4 rocz. \u015bm., kuzynk\u0119 Krystyn\u0119 Brzezi\u0144sk\u0105 w 3 rocz. \u015bm. oraz siostr\u0119 J\u00f3zi\u0119<\/p>\n\n\n\n<p><strong>\u00a0\u00a0\u00a0\u00a0\u00a0\u00a0\u00a0\u00a0\u00a0 2) <\/strong>w intencji Moniki i Piotra, Juliana i \u0141ucji dzi\u0119kczynna za otrzymane \u0142aski z pro\u015bb\u0105 o zdrowie, dary Ducha \u015awi\u0119tego, Bo\u017ce b\u0142ogos\u0142awie\u0144stwo, opiek\u0119 NMP i \u015bw. Patron\u00f3w na dalsze lata \u017cycia<\/p>\n\n\n\n<p><strong>12.3o \u2013 1) <\/strong>+ Kazimierza w 5 rocz. \u015bm. oraz ++ Ann\u0119, Franciszka, Olg\u0119, J\u00f3zefa, Iwon\u0119 i Zenona \u2013 modli si\u0119 rodzina<\/p>\n\n\n\n<p><strong>&nbsp;&nbsp;&nbsp;&nbsp;&nbsp;&nbsp;&nbsp;&nbsp;&nbsp;&nbsp;&nbsp; &nbsp; 2)<\/strong> + Eugeniusza Matu\u0142\u0119 oraz wszystkich ++ z rodziny Matu\u0142\u00f3w i Stembalskich \u2013 modli si\u0119 rodzina<\/p>\n\n\n\n<p><strong>18.oo \u2013 <\/strong>++ Zdzis\u0142awa z racji ziemskich imienin i Mari\u0119 &nbsp;z rodziny Bieni\u00f3w \u2013 modl\u0105 si\u0119 dzieci<strong> &nbsp;&nbsp;<\/strong>&nbsp;<\/p>\n\n\n\n<p><strong><u>27.11<em>. \u2013 PONIEDZIA\u0141EK<\/em><\/u><\/strong><\/p>\n\n\n\n<p><strong>&nbsp; &nbsp;&nbsp;7.oo \u2013 <\/strong>&nbsp;+ Wiolett\u0119 Cywi\u0144sk\u0105 \u2013 gregorianka 25<\/p>\n\n\n\n<p><strong>18.oo \u2013 1) <\/strong>+ siostr\u0119 Helen\u0119 Kowalsk\u0105 w 3 rocz. \u015bm. \u2013 modl\u0105 si\u0119 brat i siostra z rodzinami<\/p>\n\n\n\n<p><strong>\u00a0\u00a0\u00a0\u00a0\u00a0\u00a0\u00a0\u00a0\u00a0\u00a0\u00a0 \u00a0 2)<\/strong> w 32 rocz. urodzin Krzysztofa Skoczylasa dzi\u0119kczynna za otrzymane \u0142aski z pro\u015bb\u0105 o zdrowie, dary Ducha \u015awi\u0119tego, Bo\u017ce b\u0142ogos\u0142awie\u0144stwo, opiek\u0119 NMP i \u015bw. Patron\u00f3w \u2013 modli si\u0119 rodzina<\/p>\n\n\n\n<p><strong><u>28.11<em>. &#8211; WTOREK<\/em><\/u><\/strong><em><\/em><\/p>\n\n\n\n<p><strong>7.oo \u2013 <\/strong>+ Wiolett\u0119 Cywi\u0144sk\u0105 \u2013 gregorianka 26<\/p>\n\n\n\n<p><strong>18.oo \u2013 <\/strong>+ Helen\u0119 Lewandowsk\u0105 w 3 miesi\u0105ce po \u015bmierci oraz ++ z rodziny Lewandowskich \u00a0i Sobolewskich<\/p>\n\n\n\n<p><strong><u>29.11<em>. \u2013 \u015aRODA<\/em><\/u><\/strong><\/p>\n\n\n\n<p><strong>&nbsp; 7.oo \u2013 <\/strong>+ Wiolett\u0119 Cywi\u0144sk\u0105 \u2013 gregorianka 27<\/p>\n\n\n\n<p><strong>18.oo \u2013&nbsp; intencja zbiorowa nowennowa:<\/strong><\/p>\n\n\n\n<p><strong>1)<\/strong> w intencji dzi\u0119kczynno- b\u0142agalnej&nbsp; Panu Bogu wiadomej<\/p>\n\n\n\n<p><strong>2)<\/strong> o zdrowie, \u0142aski, Bo\u017ce b\u0142ogos\u0142awie\u0144stwo i opiek\u0119 NMP<\/p>\n\n\n\n<p><strong>3)<\/strong><\/p>\n\n\n\n<p><strong>4)<\/strong><\/p>\n\n\n\n<p><strong>5)<\/strong><\/p>\n\n\n\n<p><strong><u>30.11<em>. \u2013 CZWARTEK <\/em><\/u><\/strong><em>&nbsp;<\/em><\/p>\n\n\n\n<p><strong>&nbsp; 7.oo \u2013<\/strong> &nbsp;+ Wiolett\u0119 Cywi\u0144sk\u0105 \u2013 gregorianka 28<\/p>\n\n\n\n<p><strong>18.oo \u2013 1) <\/strong>++ Stanis\u0142awa w 12 rocz. \u015bm. i Krystyn\u0119 oraz ++ rodzic\u00f3w z obu stron \u2013 modli si\u0119 syn z rodzin\u0105<\/p>\n\n\n\n<p><strong>\u00a0\u00a0\u00a0\u00a0\u00a0\u00a0\u00a0\u00a0\u00a0\u00a0\u00a0 \u00a0 2) <\/strong>w intencji ks. Proboszcza Andrzeja z racji imienin dzi\u0119kczynna z pro\u015bb\u0105 o zdrowie, dary Ducha\u00a0\u015awi\u0119tego, Bo\u017ce b\u0142ogos\u0142awie\u0144stwo i opiek\u0119 NMP \u2013 modli si\u0119 \u017bywy R\u00f3\u017caniec<\/p>\n\n\n\n<p><strong><u>01.12<em>. \u2013 PI\u0104TEK<\/em><\/u><\/strong><\/p>\n\n\n\n<p><strong>&nbsp; &nbsp;&nbsp;7.oo \u2013<\/strong> + Grzegorza i dusze w czy\u015b\u0107cu cierpi\u0105ce<\/p>\n\n\n\n<p><strong>18.oo \u2013 1) <\/strong>&nbsp;+ Wiolett\u0119 Cywi\u0144sk\u0105 \u2013 gregorianka 29<\/p>\n\n\n\n<p><strong>\u00a0\u00a0\u00a0\u00a0\u00a0\u00a0\u00a0\u00a0\u00a0\u00a0\u00a0 \u00a0 2)<\/strong> ++ Stanis\u0142aw\u0119 i Jana Pytlarz\u00f3w, Krystyn\u0119 i Klausa Niering\u00f3w oraz dusze w czy\u015b\u0107cu cierpi\u0105ce\u00a0\u2013 modli si\u0119 rodzina<\/p>\n\n\n\n<p><strong><em><u>02.12. \u2013 SOBOTA<\/u><\/em><\/strong><\/p>\n\n\n\n<p><strong>&nbsp; &nbsp;&nbsp;7.oo \u2013<\/strong> + Wiolett\u0119 Cywi\u0144sk\u0105 \u2013 gregorianka 30<\/p>\n\n\n\n<p><strong>18.oo \u2013 1) <\/strong>&nbsp;intencja wynagradzaj\u0105ca Niepokalanemu sercu NMP<\/p>\n\n\n\n<p><strong>&nbsp;&nbsp;&nbsp;&nbsp;&nbsp;&nbsp;&nbsp;&nbsp;&nbsp;&nbsp;&nbsp; &nbsp; 2)<\/strong> + Edwarda w 1 rocz. \u015bm., ++ rodzic\u00f3w: Antonin\u0119 i J\u00f3zefa oraz Grzegorza \u2013 modli si\u0119 rodzina<\/p>\n\n\n\n<p><strong><em><u>03.12. \u2013 NIEDZIELA&nbsp;<\/u><\/em><\/strong><\/p>\n\n\n\n<p><strong>&nbsp; 8.oo \u2013 1) <\/strong>zaj. P. \u017bydek<\/p>\n\n\n\n<p><strong>&nbsp;&nbsp;&nbsp;&nbsp;&nbsp;&nbsp;&nbsp;&nbsp;&nbsp;&nbsp;&nbsp; &nbsp; 2)<\/strong> + m\u0119\u017ca Ryszarda Marka w 5 rocz. \u015bm. \u2013 modli si\u0119 \u017cona z dzie\u0107mi i wnukami<\/p>\n\n\n\n<p><strong>&nbsp; 9.3o \u2013 <\/strong>&nbsp;++ Barbar\u0119, Ma\u0142gorzat\u0119, siostr\u0119 Agnieszk\u0119 Jadwi\u017cank\u0119 oraz ++ te\u015bci\u00f3w<\/p>\n\n\n\n<p><strong>11.oo \u2013 1) <\/strong>w intencji g\u00f3rnik\u00f3w oraz \u017bywego R\u00f3\u017ca\u0144ca i ich rodzin dzi\u0119kczynna za otrzymane \u0142aski z pro\u015bb\u0105 o zdrowie, dary Ducha \u015awi\u0119tego, Bo\u017ce b\u0142ogos\u0142awie\u0144stwo, opiek\u0119 NMP i \u015bw. Patron\u00f3w \u2013 modli si\u0119 \u017bywy R\u00f3\u017caniec<\/p>\n\n\n\n<p><strong>\u00a0\u00a0\u00a0\u00a0\u00a0\u00a0\u00a0\u00a0\u00a0\u00a0\u00a0 \u00a0 2) <\/strong>\u00a0w intencji syna Mariusza z okazji Dnia G\u00f3rnika, synowej Barbary z racji imienin i wnuczka Micha\u0142ka z racji jego narodzin dzi\u0119kczynna za otrzymane \u0142aski z pro\u015bb\u0105 o zdrowie, dary Ducha\u00a0\u015awi\u0119tego, Bo\u017ce b\u0142ogos\u0142awie\u0144stwo, opiek\u0119 NMP i \u015bw. Patron\u00f3w \u2013 modl\u0105 si\u0119 rodzice i dziadkowie<\/p>\n\n\n\n<p><strong>12.3o \u2013 1) <\/strong>+ Czes\u0142awa Bednarza w 2 rocz. \u015bm. \u2013 modli si\u0119 rodzina<\/p>\n\n\n\n<p><strong>\u00a0\u00a0\u00a0\u00a0\u00a0\u00a0\u00a0\u00a0\u00a0\u00a0\u00a0 \u00a0 2)<\/strong> w 8 rocz. urodzin Kazia i w intencji Zbysia dzi\u0119kczynna za otrzymane \u0142aski z pro\u015bb\u0105 o zdrowie, dary Ducha \u015awi\u0119tego, Bo\u017ce b\u0142ogos\u0142awie\u0144stwo, opiek\u0119 NMP i \u015bw. Patron\u00f3w \u2013 modl\u0105 si\u0119 dziadkowie<\/p>\n\n\n\n<p><strong>18.oo \u2013 <\/strong>w intencji dzi\u0119kczynnej Panu Bogu wiadomej<\/p>\n","protected":false},"excerpt":{"rendered":"<p>Sk\u0142adaj\u0105c Ofiar\u0119, kt\u00f3ra nam przypomina niezmierzon\u0105 mi\u0142o\u015b\u0107 Twojego Syna, pokornie prosimy Ci\u0119, Bo\u017ce, przyjmij intencje Twoich wiernych i spraw przez dzia\u0142anie Eucharystii, aby w naszych rodzinach wzrasta\u0142a prawdziwa wiara, \u015bwi\u0119to\u015b\u0107 \u017cycia, braterska mi\u0142o\u015b\u0107 i duch modlitwy. Niech Matka Naj\u015bwi\u0119tsza wyprosi \u0142aski, o kt\u00f3re modlili\u015bmy si\u0119 w tej Mszy \u015bw. dla&#8230; <a class=\"continue-reading-link\" href=\"http:\/\/parafia.scinawa.info\/index.php\/2023\/11\/25\/intencje-mszalne-26-11-03-12-2023\/\">Czytaj dalej <span class=\"meta-nav\">&rarr; <\/span><\/a><\/p>\n","protected":false},"author":2,"featured_media":0,"comment_status":"closed","ping_status":"closed","sticky":false,"template":"","format":"standard","meta":{"footnotes":""},"categories":[39],"tags":[],"class_list":["post-2497","post","type-post","status-publish","format-standard","hentry","category-intencje"],"_links":{"self":[{"href":"http:\/\/parafia.scinawa.info\/index.php\/wp-json\/wp\/v2\/posts\/2497","targetHints":{"allow":["GET"]}}],"collection":[{"href":"http:\/\/parafia.scinawa.info\/index.php\/wp-json\/wp\/v2\/posts"}],"about":[{"href":"http:\/\/parafia.scinawa.info\/index.php\/wp-json\/wp\/v2\/types\/post"}],"author":[{"embeddable":true,"href":"http:\/\/parafia.scinawa.info\/index.php\/wp-json\/wp\/v2\/users\/2"}],"replies":[{"embeddable":true,"href":"http:\/\/parafia.scinawa.info\/index.php\/wp-json\/wp\/v2\/comments?post=2497"}],"version-history":[{"count":4,"href":"http:\/\/parafia.scinawa.info\/index.php\/wp-json\/wp\/v2\/posts\/2497\/revisions"}],"predecessor-version":[{"id":2503,"href":"http:\/\/parafia.scinawa.info\/index.php\/wp-json\/wp\/v2\/posts\/2497\/revisions\/2503"}],"wp:attachment":[{"href":"http:\/\/parafia.scinawa.info\/index.php\/wp-json\/wp\/v2\/media?parent=2497"}],"wp:term":[{"taxonomy":"category","embeddable":true,"href":"http:\/\/parafia.scinawa.info\/index.php\/wp-json\/wp\/v2\/categories?post=2497"},{"taxonomy":"post_tag","embeddable":true,"href":"http:\/\/parafia.scinawa.info\/index.php\/wp-json\/wp\/v2\/tags?post=2497"}],"curies":[{"name":"wp","href":"https:\/\/api.w.org\/{rel}","templated":true}]}}