{"id":2499,"date":"2023-11-25T22:45:07","date_gmt":"2023-11-25T21:45:07","guid":{"rendered":"http:\/\/parafia.scinawa.info\/?p=2499"},"modified":"2023-11-25T22:45:07","modified_gmt":"2023-11-25T21:45:07","slug":"ogloszenia-duszpasterskie-34-niedziela-zwykla-26-11-2023","status":"publish","type":"post","link":"http:\/\/parafia.scinawa.info\/index.php\/2023\/11\/25\/ogloszenia-duszpasterskie-34-niedziela-zwykla-26-11-2023\/","title":{"rendered":"Og\u0142oszenia duszpasterskie                                    34 Niedziela zwyk\u0142a \u2013 26.11. 2023"},"content":{"rendered":"\n<p><strong><u>1.<\/u><\/strong> Dzi\u015b prze\u017cywamy <strong><em>34 Niedziel\u0119 zwyk\u0142\u0105 <\/em><\/strong>i zarazem Uroczysto\u015b\u0107 Chrystusa Kr\u00f3la Wszech\u015bwiata. Msze \u015bw. wg porz\u0105dku niedzielnego.<\/p>\n\n\n\n<p><strong><em>Za publiczne odm\u00f3wienie \u201eAktu po\u015bwi\u0119cenia\u201d w uroczysto\u015b\u0107 Jezusa Chrystusa Kr\u00f3la Wszech\u015bwiata mo\u017cna uzyska\u0107 odpust zupe\u0142ny.<\/em><\/strong><\/p>\n\n\n\n<p><strong><u>2<\/u><\/strong><strong>.<\/strong> Msze \u015bw. w tygodniu&nbsp; o <strong>7<sup>00<\/sup><\/strong> i <strong>18<sup>00<\/sup><\/strong>.&nbsp;<\/p>\n\n\n\n<p><strong><u>3.<\/u><\/strong> Codziennie spowied\u017a i adoracja Naj\u015bwi\u0119tszego Sakramentu o godz. <strong>17<sup>00<\/sup>.<\/strong><\/p>\n\n\n\n<p><strong><u>4. <\/u><\/strong><strong>W tym tygodniu nabo\u017ce\u0144stwa:<\/strong><\/p>\n\n\n\n<p><strong>&#8211; <u>w poniedzia\u0142ek<\/u> &nbsp;&nbsp; &#8211; <\/strong>nabo\u017ce\u0144stwo<strong> <em>do Bo\u017cego Mi\u0142osierdzia<\/em> <\/strong>o godz. <strong>17<sup>30<\/sup><\/strong><\/p>\n\n\n\n<p><strong>&#8211; <u>we wtorek<\/u><\/strong> <strong>&nbsp;&nbsp;&nbsp;&nbsp;&nbsp;&nbsp;&nbsp;&nbsp;&nbsp;&nbsp; &nbsp;&nbsp;&nbsp;&nbsp;&nbsp;&nbsp;&nbsp;&nbsp;&nbsp;&nbsp; <\/strong>&#8211; nabo\u017ce\u0144stwo do <strong>\u015bw. Ojca Szarbela<\/strong>o godz.<strong>17<sup>30<\/sup><\/strong><\/p>\n\n\n\n<p><strong>&#8211;<\/strong> <strong><u>w \u015brod\u0119<\/u><\/strong> <strong>&#8211; <\/strong>Nowenna do <strong><em>NMP Nieustaj\u0105cej Pomocy i<\/em><\/strong> <strong>\u015bw. Micha\u0142a Archanio\u0142a<\/strong>o godz. <strong>17<sup>30<\/sup><\/strong><\/p>\n\n\n\n<p><strong><u>5<\/u><\/strong><strong>. W<\/strong> <strong><em>czwartek<\/em><\/strong> &nbsp;\u2013 &nbsp;\u015bwi\u0119to \u015bw. Andrzeja Aposto\u0142a<\/p>\n\n\n\n<p><strong><u>6<\/u><\/strong><strong>.<\/strong> W tym tygodniu obchodzimy I pi\u0105tek i I sobot\u0119 miesi\u0105ca.<\/p>\n\n\n\n<p><strong><u>7<\/u><\/strong><strong>.<\/strong> <strong><em>Odwiedziny chorych w I pi\u0105tek miesi\u0105ca od godz. 8.30.<\/em><\/strong><\/p>\n\n\n\n<p><strong><u>8. W sobot\u0119<\/u><\/strong> &nbsp;&nbsp;&nbsp;&nbsp;&nbsp;&nbsp;&nbsp;&nbsp;&nbsp; &#8211;&nbsp; nabo\u017ce\u0144stwo <strong>I soboty miesi\u0105ca<\/strong> <em>o godz.<\/em><strong>17<sup>00<\/sup><\/strong><strong><u><\/u><\/strong><\/p>\n\n\n\n<p><strong><u>9<\/u><\/strong><strong>. <\/strong>W przysz\u0142\u0105 niedziel\u0119 b\u0119dziemy prze\u017cywa\u0107 <strong><em><u>1 Niedziel\u0119 Adwentu<\/u><\/em><\/strong>. Pocz\u0105tek nowego roku liturgicznego.&nbsp; W 1 niedziel\u0119 Adwentu &#8211; po\u015bwi\u0119cenie op\u0142atk\u00f3w wigilijnych.<strong><em> <\/em><\/strong><strong><em>Zmiana tajemnic \u017bywego R\u00f3\u017ca\u0144ca dzisiaj o 10<sup>30<\/sup>.<\/em><\/strong><\/p>\n\n\n\n<p><strong><u>10<\/u><\/strong><strong>.<\/strong> Kancelaria czynna codziennie po Mszy \u015bw. wieczornej z wyj\u0105tkiem niedziel, uroczysto\u015bci i \u015bwi\u0105t.<\/p>\n\n\n\n<p><strong><u>11<\/u><\/strong><strong>.<\/strong> Do nabycia jest prasa katolicka: Niedziela, Go\u015b\u0107 Niedzielny, Ma\u0142y Go\u015b\u0107 Niedzielny i R\u00f3\u017caniec.<\/p>\n\n\n\n<p><strong><u>12<\/u><\/strong><strong>.<\/strong> Dzi\u0119kuj\u0119 wszystkim, kt\u00f3rzy w tym tygodniu sprz\u0105tali \u015bwi\u0105tyni\u0119 i przygotowali j\u0105 na nasze spotkanie eucharystyczne.<\/p>\n\n\n\n<p><strong><u>13<\/u><\/strong><strong>.<\/strong> Serdeczne B\u00f3g zap\u0142a\u0107 za ofiary sk\u0142adane na remonty w naszej parafii.<\/p>\n\n\n\n<p><strong><u>14<\/u><\/strong><strong>.<\/strong> Intencje mszalne, obrazki \u2013 pami\u0105tki odprawionej Mszy \u015bw.<\/p>\n\n\n\n<p><em>\u017byczymy mi\u0142ego tygodnia i obfitych \u0142ask Bo\u017cych.<\/em><\/p>\n","protected":false},"excerpt":{"rendered":"<p>1. Dzi\u015b prze\u017cywamy 34 Niedziel\u0119 zwyk\u0142\u0105 i zarazem Uroczysto\u015b\u0107 Chrystusa Kr\u00f3la Wszech\u015bwiata. Msze \u015bw. wg porz\u0105dku niedzielnego. Za publiczne odm\u00f3wienie \u201eAktu po\u015bwi\u0119cenia\u201d w uroczysto\u015b\u0107 Jezusa Chrystusa Kr\u00f3la Wszech\u015bwiata mo\u017cna uzyska\u0107 odpust zupe\u0142ny. 2. Msze \u015bw. w tygodniu&nbsp; o 700 i 1800.&nbsp; 3. Codziennie spowied\u017a i adoracja Naj\u015bwi\u0119tszego Sakramentu o godz&#8230;. <a class=\"continue-reading-link\" href=\"http:\/\/parafia.scinawa.info\/index.php\/2023\/11\/25\/ogloszenia-duszpasterskie-34-niedziela-zwykla-26-11-2023\/\">Czytaj dalej <span class=\"meta-nav\">&rarr; <\/span><\/a><\/p>\n","protected":false},"author":2,"featured_media":0,"comment_status":"closed","ping_status":"closed","sticky":false,"template":"","format":"standard","meta":{"footnotes":""},"categories":[40],"tags":[],"class_list":["post-2499","post","type-post","status-publish","format-standard","hentry","category-ogloszenia-duszpasterskie"],"_links":{"self":[{"href":"http:\/\/parafia.scinawa.info\/index.php\/wp-json\/wp\/v2\/posts\/2499","targetHints":{"allow":["GET"]}}],"collection":[{"href":"http:\/\/parafia.scinawa.info\/index.php\/wp-json\/wp\/v2\/posts"}],"about":[{"href":"http:\/\/parafia.scinawa.info\/index.php\/wp-json\/wp\/v2\/types\/post"}],"author":[{"embeddable":true,"href":"http:\/\/parafia.scinawa.info\/index.php\/wp-json\/wp\/v2\/users\/2"}],"replies":[{"embeddable":true,"href":"http:\/\/parafia.scinawa.info\/index.php\/wp-json\/wp\/v2\/comments?post=2499"}],"version-history":[{"count":1,"href":"http:\/\/parafia.scinawa.info\/index.php\/wp-json\/wp\/v2\/posts\/2499\/revisions"}],"predecessor-version":[{"id":2500,"href":"http:\/\/parafia.scinawa.info\/index.php\/wp-json\/wp\/v2\/posts\/2499\/revisions\/2500"}],"wp:attachment":[{"href":"http:\/\/parafia.scinawa.info\/index.php\/wp-json\/wp\/v2\/media?parent=2499"}],"wp:term":[{"taxonomy":"category","embeddable":true,"href":"http:\/\/parafia.scinawa.info\/index.php\/wp-json\/wp\/v2\/categories?post=2499"},{"taxonomy":"post_tag","embeddable":true,"href":"http:\/\/parafia.scinawa.info\/index.php\/wp-json\/wp\/v2\/tags?post=2499"}],"curies":[{"name":"wp","href":"https:\/\/api.w.org\/{rel}","templated":true}]}}