{"id":2511,"date":"2023-12-09T13:38:02","date_gmt":"2023-12-09T12:38:02","guid":{"rendered":"http:\/\/parafia.scinawa.info\/?p=2511"},"modified":"2023-12-09T13:38:02","modified_gmt":"2023-12-09T12:38:02","slug":"ogloszenia-duszpasterskie-2-niedziela-adwentu-10-12-2023","status":"publish","type":"post","link":"http:\/\/parafia.scinawa.info\/index.php\/2023\/12\/09\/ogloszenia-duszpasterskie-2-niedziela-adwentu-10-12-2023\/","title":{"rendered":"Og\u0142oszenia duszpasterskie  2 Niedziela Adwentu \u2013 10.12. 2023"},"content":{"rendered":"\n<p><strong>1.<\/strong> Dzi\u015b prze\u017cywamy <strong><em><u>2 Niedziel\u0119 Adwentu<\/u><\/em><\/strong>. Msze \u015bw. wed\u0142ug porz\u0105dku niedzielnego. W drug\u0105 niedziel\u0119 Adwentu, tradycyjnie obchodzimy w Ko\u015bciele w Polsce Dzie\u0144 Modlitwy i Pomocy Materialnej Ko\u015bcio\u0142owi na Wschodzie. Wesprze\u0107 Ko\u015bci\u00f3\u0142 katolicki na Wschodzie mo\u017cna przez modlitw\u0119 i zbi\u00f3rk\u0119 ofiar do puszek w dniu dzisiejszym. O godz. <strong>12<sup>30<\/sup><\/strong> spotkanie dla rodzic\u00f3w i dzieci Pierwszokomunijnych o godz. <strong>12<sup>30<\/sup> <\/strong>po\u0142\u0105czone z po\u015bwi\u0119ceniem i przekazaniem dzieciom medalik\u00f3w.<strong><em><\/em><\/strong><\/p>\n\n\n\n<p><strong>2.<\/strong> Msze \u015bw. w tygodniu&nbsp; o <strong>7<sup>00<\/sup><\/strong> i <strong>18<sup>00<\/sup><\/strong>, a od czwartku rekolekcje adwentowe wg planu.<\/p>\n\n\n\n<p><strong>3. <\/strong>Codziennie spowied\u017a i adoracja Naj\u015bwi\u0119tszego Sakramentu o godz. <strong>17<sup>00<\/sup>.<\/strong><\/p>\n\n\n\n<p><strong><u>4. <\/u><\/strong><strong>W tym tygodniu nabo\u017ce\u0144stwa:<\/strong><\/p>\n\n\n\n<p><strong>&#8211; <u>w poniedzia\u0142ek<\/u> &nbsp;&nbsp;&nbsp;&nbsp;&nbsp;&nbsp;&nbsp;&nbsp;&nbsp; &#8211; <\/strong>nabo\u017ce\u0144stwo<strong> <em>do Bo\u017cego Mi\u0142osierdzia<\/em> <\/strong>o godz. <strong>17<sup>30<\/sup><\/strong><\/p>\n\n\n\n<p><strong>&#8211;<\/strong> <strong><u>w \u015brod\u0119<\/u><\/strong> &nbsp;&nbsp; &nbsp;&nbsp;&nbsp;&nbsp;&nbsp;&nbsp;&nbsp;&nbsp; &nbsp;&nbsp;&nbsp;&nbsp;&nbsp;&nbsp;&nbsp;&nbsp;&nbsp; <strong>&#8211; <\/strong>Nowenna do <strong><em>NMP Nieustaj\u0105cej Pomocy<\/em><\/strong> o godz. <strong>17<sup>30<\/sup><\/strong><\/p>\n\n\n\n<p><strong>&#8211; <u>w sobot\u0119<\/u> &nbsp;&nbsp;&nbsp;&nbsp;&nbsp;&nbsp;&nbsp;&nbsp;&nbsp; &nbsp;&nbsp;&nbsp;&nbsp;&nbsp;&nbsp;&nbsp;&nbsp;&nbsp; &#8211; <\/strong>nabo\u017ce\u0144stwo<strong> <em>do \u015bw. Jana Paw\u0142a II<\/em> <\/strong>o godz. <strong>17<sup>30<\/sup><\/strong><\/p>\n\n\n\n<p><strong><u>5<\/u><\/strong><strong>. <\/strong>W tym tygodniu obchodzimy:<\/p>\n\n\n\n<p>&#8211; <strong>w \u015brod\u0119<\/strong> \u2013 wspomnienie &nbsp;\u015bw. \u0141ucji, dziewicy i m\u0119czennicy<\/p>\n\n\n\n<p>&#8211; <strong><em>w czwartek<\/em><\/strong> \u2013 wspomnienie \u015bw. Jana od Krzy\u017ca, prezbitera i doktora Ko\u015bcio\u0142a&nbsp;<\/p>\n\n\n\n<p><strong><u>6<\/u><\/strong><strong>. <\/strong>W przysz\u0142\u0105 niedziel\u0119 b\u0119dziemy prze\u017cywa\u0107 <strong><em><u>3 Niedziel\u0119 Adwentu<\/u><\/em><\/strong> Msze \u015bw. wed\u0142ug porz\u0105dku niedzielnego. <strong><em><\/em><\/strong><\/p>\n\n\n\n<p><strong><u>7<\/u><\/strong><strong>.<\/strong> Kancelaria czynna codziennie po Mszy \u015bw. wieczornej z wyj\u0105tkiem niedziel, uroczysto\u015bci i \u015bwi\u0105t.<\/p>\n\n\n\n<p><strong><u>8<\/u><\/strong><strong>.<\/strong> Do nabycia jest prasa katolicka: Niedziela, Go\u015b\u0107 Niedzielny i R\u00f3\u017caniec.<\/p>\n\n\n\n<p><strong><u>9<\/u><\/strong><strong>.<\/strong> Dzi\u0119kuj\u0119 wszystkim, kt\u00f3rzy w tym tygodniu sprz\u0105tali \u015bwi\u0105tyni\u0119 i przygotowali j\u0105 na nasze spotkanie eucharystyczne.<\/p>\n\n\n\n<p><strong><u>10<\/u><\/strong><strong>.<\/strong> Serdeczne B\u00f3g zap\u0142a\u0107 za ofiary sk\u0142adane na remonty w naszej parafii.<\/p>\n\n\n\n<p><strong><u>11<\/u><\/strong><strong>.<\/strong> Intencje mszalne, obrazki \u2013 pami\u0105tki odprawionej Mszy \u015bw.<\/p>\n\n\n\n<p><strong><u>12<\/u><\/strong>. W tygodniu roraty o godz. <strong>18<sup>00<\/sup><\/strong>. Dzieci zapraszam na roraty z sercami, na kt\u00f3rych wypisz\u0105 dobry uczynek z bie\u017c\u0105cego dnia. Serca bior\u0105 udzia\u0142 codziennie w losowaniu nagr\u00f3d.<\/p>\n\n\n\n<p><strong><u>13<\/u><\/strong><strong>.<\/strong> \u015awiece wigilijne jako \u201eWigilijne Dzie\u0142o Pomocy Dzieciom\u201d. <strong>Ma\u0142a \u015bwieca 10 z\u0142, a du\u017ca 20 z\u0142<\/strong>, &nbsp;tak\u017ce kartki \u015bwi\u0105teczne, kalendarze parafialne, po\u015bwi\u0119cone op\u0142atki.<\/p>\n\n\n\n<p><em>\u017byczymy mi\u0142ego tygodnia i obfitych \u0142ask Bo\u017cych.<\/em><\/p>\n","protected":false},"excerpt":{"rendered":"<p>1. Dzi\u015b prze\u017cywamy 2 Niedziel\u0119 Adwentu. Msze \u015bw. wed\u0142ug porz\u0105dku niedzielnego. W drug\u0105 niedziel\u0119 Adwentu, tradycyjnie obchodzimy w Ko\u015bciele w Polsce Dzie\u0144 Modlitwy i Pomocy Materialnej Ko\u015bcio\u0142owi na Wschodzie. Wesprze\u0107 Ko\u015bci\u00f3\u0142 katolicki na Wschodzie mo\u017cna przez modlitw\u0119 i zbi\u00f3rk\u0119 ofiar do puszek w dniu dzisiejszym. O godz. 1230 spotkanie dla&#8230; <a class=\"continue-reading-link\" href=\"http:\/\/parafia.scinawa.info\/index.php\/2023\/12\/09\/ogloszenia-duszpasterskie-2-niedziela-adwentu-10-12-2023\/\">Czytaj dalej <span class=\"meta-nav\">&rarr; <\/span><\/a><\/p>\n","protected":false},"author":2,"featured_media":0,"comment_status":"closed","ping_status":"closed","sticky":false,"template":"","format":"standard","meta":{"footnotes":""},"categories":[40],"tags":[],"class_list":["post-2511","post","type-post","status-publish","format-standard","hentry","category-ogloszenia-duszpasterskie"],"_links":{"self":[{"href":"http:\/\/parafia.scinawa.info\/index.php\/wp-json\/wp\/v2\/posts\/2511","targetHints":{"allow":["GET"]}}],"collection":[{"href":"http:\/\/parafia.scinawa.info\/index.php\/wp-json\/wp\/v2\/posts"}],"about":[{"href":"http:\/\/parafia.scinawa.info\/index.php\/wp-json\/wp\/v2\/types\/post"}],"author":[{"embeddable":true,"href":"http:\/\/parafia.scinawa.info\/index.php\/wp-json\/wp\/v2\/users\/2"}],"replies":[{"embeddable":true,"href":"http:\/\/parafia.scinawa.info\/index.php\/wp-json\/wp\/v2\/comments?post=2511"}],"version-history":[{"count":1,"href":"http:\/\/parafia.scinawa.info\/index.php\/wp-json\/wp\/v2\/posts\/2511\/revisions"}],"predecessor-version":[{"id":2512,"href":"http:\/\/parafia.scinawa.info\/index.php\/wp-json\/wp\/v2\/posts\/2511\/revisions\/2512"}],"wp:attachment":[{"href":"http:\/\/parafia.scinawa.info\/index.php\/wp-json\/wp\/v2\/media?parent=2511"}],"wp:term":[{"taxonomy":"category","embeddable":true,"href":"http:\/\/parafia.scinawa.info\/index.php\/wp-json\/wp\/v2\/categories?post=2511"},{"taxonomy":"post_tag","embeddable":true,"href":"http:\/\/parafia.scinawa.info\/index.php\/wp-json\/wp\/v2\/tags?post=2511"}],"curies":[{"name":"wp","href":"https:\/\/api.w.org\/{rel}","templated":true}]}}