{"id":2522,"date":"2023-12-23T14:53:22","date_gmt":"2023-12-23T13:53:22","guid":{"rendered":"http:\/\/parafia.scinawa.info\/?p=2522"},"modified":"2023-12-23T14:53:22","modified_gmt":"2023-12-23T13:53:22","slug":"ogloszenia-duszpasterskie-4-niedziela-adwentu-24-12-2023","status":"publish","type":"post","link":"http:\/\/parafia.scinawa.info\/index.php\/2023\/12\/23\/ogloszenia-duszpasterskie-4-niedziela-adwentu-24-12-2023\/","title":{"rendered":"Og\u0142oszenia duszpasterskie 4 Niedziela Adwentu \u2013 24.12. 2023"},"content":{"rendered":"\n<p><strong><u>1.<\/u><\/strong> Dzi\u015b prze\u017cywamy <strong><em><u>4 Niedziel\u0119 Adwentu<\/u><\/em><\/strong> Msze \u015bw. <strong>8<sup>00<\/sup><\/strong><strong><em>,<\/em> 9<sup>30<\/sup><em>,<\/em> 11<sup>00<\/sup><em>, <\/em>w R\u0119szowie 9<sup>30<\/sup><em>, a wieczorem zasiadamy do wieczerzy wigilijnej, a po niej <u>Msze Pasterki w naszej Parafii<\/u><\/em><\/strong>:<strong> o 22<sup>00<\/sup> i 24<sup>00<\/sup> w \u015acinawie, a w R\u0119szowie o 20<sup>30<\/sup>. &nbsp;<\/strong>Ofiary z tacy z pasterek przeznaczone s\u0105 na \u201eFundusz Ochrony \u017bycia\u201d. <strong><em><\/em><\/strong><\/p>\n\n\n\n<p><strong><u>2<\/u><\/strong><strong>.<\/strong> <strong><em><u>W poniedzia\u0142ek, czyli w Bo\u017ce Narodzenie<\/u><\/em><\/strong>&nbsp; porz\u0105dek Mszy \u015bw. jest nast\u0119puj\u0105cy: <strong>9<sup>30<\/sup><\/strong>, <strong>11<sup>00<\/sup><\/strong>; <strong>12<sup>30 <\/sup><\/strong>i <strong>18<sup>00<\/sup><\/strong> w \u015acinawie,<strong> w R\u0119szowie o 9<sup>30<\/sup>.<\/strong><\/p>\n\n\n\n<p><strong><u>3<\/u><\/strong><strong>.<\/strong> <strong><em><u>We wtorek, drugi dzie\u0144 \u015awi\u0105t, \u015bw. Szczepana m\u0119czennika,<\/u><\/em><\/strong> porz\u0105dek Mszy \u015bw. niedzielny: <strong>8<sup>00; <\/sup>9<sup>30<\/sup>, 11<sup>00<\/sup><\/strong>; <strong>12<sup>30 <\/sup><\/strong>i <strong>18<sup>00<\/sup><\/strong> w \u015acinawie, <strong>9<sup>30<\/sup><\/strong> \u2013 w R\u0119szowie. W drugi dzie\u0144 \u015bwiat ofiary tradycyjnie zbierane s\u0105 na Uczelnie katolickie. Po\u015bwi\u0119cenie owsa.<\/p>\n\n\n\n<p><strong><u>4.<\/u><\/strong> Msze \u015bw. od \u015brody&nbsp; o <strong>7<sup>00<\/sup><\/strong> i <strong>18<sup>00<\/sup><\/strong>.<\/p>\n\n\n\n<p><strong><u>5.<\/u><\/strong><strong> <\/strong>Codziennie spowied\u017a i adoracja Naj\u015bwi\u0119tszego Sakramentu o godz. <strong>17<sup>00<\/sup>.<\/strong><\/p>\n\n\n\n<p><strong><u>6. <\/u><\/strong><strong>W tym tygodniu nabo\u017ce\u0144stwa:<\/strong><\/p>\n\n\n\n<p><strong>&#8211;<\/strong> <strong><u>w \u015brod\u0119<\/u><\/strong> &nbsp;&nbsp;&nbsp; &nbsp;&nbsp;&nbsp;&nbsp;&nbsp;&nbsp;&nbsp;&nbsp;&nbsp; &nbsp;&nbsp;&nbsp;&nbsp;&nbsp;&nbsp;&nbsp;&nbsp;&nbsp;&nbsp; <strong>&#8211; <\/strong>Nowenna do <strong><em>NMP Nieustaj\u0105cej Pomocy<\/em><\/strong> o godz. <strong>17<sup>30<\/sup><\/strong><\/p>\n\n\n\n<p><strong>&#8211; <u>w czwartek<\/u> &nbsp;&nbsp;&nbsp;&nbsp;&nbsp;&nbsp;&nbsp;&nbsp; &nbsp;&nbsp;&nbsp;&nbsp;&nbsp;&nbsp;&nbsp;&nbsp;&nbsp;&nbsp; &#8211; <\/strong>nabo\u017ce\u0144stwo<strong> <em>do \u015bw. Ojca Szarbela<\/em> <\/strong>o godz. <strong>17<sup>30<\/sup><\/strong><\/p>\n\n\n\n<p><strong>&#8211; <u>w pi\u0105tek<\/u> &nbsp;&nbsp; &nbsp;&nbsp;&nbsp;&nbsp;&nbsp;&nbsp;&nbsp;&nbsp;&nbsp; &nbsp;&nbsp;&nbsp;&nbsp;&nbsp;&nbsp;&nbsp;&nbsp;&nbsp;&nbsp; &#8211; <\/strong>nabo\u017ce\u0144stwo<strong> <em>do \u015bw. Micha\u0142a Archanio\u0142a<\/em> <\/strong>o godz. <strong>17<sup>30<\/sup><\/strong><\/p>\n\n\n\n<p><strong><u>7<\/u><\/strong><strong>. <\/strong>W tym tygodniu obchodzimy:<strong><\/strong><\/p>\n\n\n\n<p><strong><em>&#8211; w \u015brod\u0119 <\/em><\/strong>\u2013 \u015bwi\u0119to \u015bw. Jana Aposto\u0142a i Ewangelisty, po\u015bwi\u0119cenie wina<\/p>\n\n\n\n<p><strong><em>&#8211; w czwartek \u2013<\/em><\/strong> \u015bwi\u0119to \u015bw. M\u0142odziank\u00f3w, m\u0119czennik\u00f3w<\/p>\n\n\n\n<p><strong><u>8<\/u><\/strong><strong>. <\/strong>W przysz\u0142\u0105 niedziel\u0119 b\u0119dziemy prze\u017cywa\u0107 <strong><em>Niedziel\u0119 \u015awi\u0119tej Rodziny: Jezusa, Maryi i J\u00f3zefa.<\/em><\/strong> Msze \u015bw. wed\u0142ug porz\u0105dku niedzielnego. W tym dniu chcemy pami\u0119ta\u0107 w modlitwach o wszystkich rodzinach naszej parafii.<\/p>\n\n\n\n<p><strong><em>W niedziel\u0119<\/em><\/strong> \u2013 <strong><em><u>o godz. 17<sup>30<\/sup> nabo\u017ce\u0144stwo przeb\u0142agalno &#8211; dzi\u0119kczynne za miniony rok<\/u><\/em><\/strong>, a o <strong>18<sup>00<\/sup><\/strong> Msza.<\/p>\n\n\n\n<p><strong><u>9<\/u><\/strong><strong>.<\/strong> Kancelaria czynna codziennie po Mszy \u015bw. wieczornej z wyj\u0105tkiem niedziel, uroczysto\u015bci i \u015bwi\u0105t.<\/p>\n\n\n\n<p><strong><u>10<\/u><\/strong><strong>.<\/strong> Do nabycia jest prasa katolicka: Niedziela, Go\u015b\u0107 Niedzielny i R\u00f3\u017caniec.<\/p>\n\n\n\n<p><strong><u>11<\/u><\/strong><strong>.<\/strong> Dzi\u0119kuj\u0119 wszystkim, kt\u00f3rzy w tym tygodniu sprz\u0105tali \u015bwi\u0105tyni\u0119 i przygotowali j\u0105 na nasze spotkanie eucharystyczne.<\/p>\n\n\n\n<p><strong><u>12<\/u><\/strong><strong>.<\/strong> Serdeczne B\u00f3g zap\u0142a\u0107 za ofiary sk\u0142adane na remonty w naszej parafii.<\/p>\n\n\n\n<p><strong><u>13<\/u><\/strong><strong>.<\/strong> Intencje mszalne, obrazki \u2013 pami\u0105tki odprawionej Mszy \u015bw.<\/p>\n\n\n\n<p><em>\u017byczymy mi\u0142ego tygodnia i obfitych \u0142ask Bo\u017cych.<\/em><\/p>\n","protected":false},"excerpt":{"rendered":"<p>1. Dzi\u015b prze\u017cywamy 4 Niedziel\u0119 Adwentu Msze \u015bw. 800, 930, 1100, w R\u0119szowie 930, a wieczorem zasiadamy do wieczerzy wigilijnej, a po niej Msze Pasterki w naszej Parafii: o 2200 i 2400 w \u015acinawie, a w R\u0119szowie o 2030. &nbsp;Ofiary z tacy z pasterek przeznaczone s\u0105 na \u201eFundusz Ochrony \u017bycia\u201d&#8230;. <a class=\"continue-reading-link\" href=\"http:\/\/parafia.scinawa.info\/index.php\/2023\/12\/23\/ogloszenia-duszpasterskie-4-niedziela-adwentu-24-12-2023\/\">Czytaj dalej <span class=\"meta-nav\">&rarr; <\/span><\/a><\/p>\n","protected":false},"author":2,"featured_media":0,"comment_status":"closed","ping_status":"closed","sticky":false,"template":"","format":"standard","meta":{"footnotes":""},"categories":[40],"tags":[],"class_list":["post-2522","post","type-post","status-publish","format-standard","hentry","category-ogloszenia-duszpasterskie"],"_links":{"self":[{"href":"http:\/\/parafia.scinawa.info\/index.php\/wp-json\/wp\/v2\/posts\/2522","targetHints":{"allow":["GET"]}}],"collection":[{"href":"http:\/\/parafia.scinawa.info\/index.php\/wp-json\/wp\/v2\/posts"}],"about":[{"href":"http:\/\/parafia.scinawa.info\/index.php\/wp-json\/wp\/v2\/types\/post"}],"author":[{"embeddable":true,"href":"http:\/\/parafia.scinawa.info\/index.php\/wp-json\/wp\/v2\/users\/2"}],"replies":[{"embeddable":true,"href":"http:\/\/parafia.scinawa.info\/index.php\/wp-json\/wp\/v2\/comments?post=2522"}],"version-history":[{"count":1,"href":"http:\/\/parafia.scinawa.info\/index.php\/wp-json\/wp\/v2\/posts\/2522\/revisions"}],"predecessor-version":[{"id":2523,"href":"http:\/\/parafia.scinawa.info\/index.php\/wp-json\/wp\/v2\/posts\/2522\/revisions\/2523"}],"wp:attachment":[{"href":"http:\/\/parafia.scinawa.info\/index.php\/wp-json\/wp\/v2\/media?parent=2522"}],"wp:term":[{"taxonomy":"category","embeddable":true,"href":"http:\/\/parafia.scinawa.info\/index.php\/wp-json\/wp\/v2\/categories?post=2522"},{"taxonomy":"post_tag","embeddable":true,"href":"http:\/\/parafia.scinawa.info\/index.php\/wp-json\/wp\/v2\/tags?post=2522"}],"curies":[{"name":"wp","href":"https:\/\/api.w.org\/{rel}","templated":true}]}}