{"id":2525,"date":"2023-12-30T11:57:41","date_gmt":"2023-12-30T10:57:41","guid":{"rendered":"http:\/\/parafia.scinawa.info\/?p=2525"},"modified":"2023-12-30T12:13:53","modified_gmt":"2023-12-30T11:13:53","slug":"ogloszenia-duszpasterskie-niedziela-swietej-rodziny-31-12-2023","status":"publish","type":"post","link":"http:\/\/parafia.scinawa.info\/index.php\/2023\/12\/30\/ogloszenia-duszpasterskie-niedziela-swietej-rodziny-31-12-2023\/","title":{"rendered":"Og\u0142oszenia duszpasterskie Niedziela \u015awi\u0119tej Rodziny \u2013 31.12. 2023"},"content":{"rendered":"\n<p><strong><u>1<\/u><\/strong><strong>. <\/strong>Dzisiaj prze\u017cywamy <strong><em>Niedziel\u0119 \u015awi\u0119tej Rodziny: Jezusa, Maryi i J\u00f3zefa.<\/em><\/strong> Msze \u015bw. wed\u0142ug porz\u0105dku niedzielnego. Dzi\u015b chcemy pami\u0119ta\u0107 w modlitwach o wszystkich rodzinach naszej parafii.<strong><em> <u>O godz. 17<sup>30<\/sup> nabo\u017ce\u0144stwo przeb\u0142agalno &#8211; dzi\u0119kczynne za miniony rok<\/u><\/em><\/strong>, a o <strong>18<sup>00<\/sup><\/strong> Msza.<\/p>\n\n\n\n<p><strong><u>2<\/u><\/strong><strong>.<\/strong> Jutro 1 stycznia, w Nowy Rok obchodzimy uroczysto\u015b\u0107 \u015awi\u0119tej Bo\u017cej Rodzicielki Maryi. Porz\u0105dek Mszy \u015bw. jest nast\u0119puj\u0105cy:<strong> 9<sup>30<\/sup><\/strong>;<strong> 11<sup>00<\/sup><\/strong>; <strong>12<sup>30 <\/sup><\/strong>i <strong>18<sup>00<\/sup><\/strong> w \u015acinawie,<strong> 9<sup>30<\/sup><\/strong> \u2013 w R\u0119szowie.<\/p>\n\n\n\n<p><strong><u>3<\/u><\/strong><strong>.<\/strong> Msze \u015bw. od wtorku do czwartku o <strong>7<sup>00<\/sup><\/strong>, w pi\u0105tek i sobot\u0119 o <strong>7<sup>00<\/sup><\/strong> i <strong>18<sup>00<\/sup><\/strong>.&nbsp;<\/p>\n\n\n\n<p><strong><u>4<\/u><\/strong><strong>. <\/strong>W tym tygodniu obchodzimy:<\/p>\n\n\n\n<p>&#8211; <strong><em>we wtorek<\/em><\/strong> \u2013 wspomnienie \u015bw. Bazylego Wielkiego i Grzegorza z Nazjanzu, biskup\u00f3w i dK<\/p>\n\n\n\n<p>&#8211; <strong><em>w sobot\u0119<\/em><\/strong> \u2013 <strong><em><u>Uroczysto\u015b\u0107 Objawienia Pa\u0144skiego (Trzech Kr\u00f3li). <\/u><\/em><\/strong><strong><em><u>Msze \u015bw. wed\u0142ug porz\u0105dku niedzielnego.<\/u><\/em><\/strong> W tym dniu \u015bwi\u0119cimy wod\u0119, kred\u0119 i kadzid\u0142o, a nasze ofiary przeznaczone s\u0105 na cele misyjne Ko\u015bcio\u0142a.<\/p>\n\n\n\n<p><strong><u>5.<\/u><\/strong> W tym tygodniu obchodzimy I czwartek i I pi\u0105tek miesi\u0105ca i I sobot\u0119 miesi\u0105ca<\/p>\n\n\n\n<p><strong><u>6<\/u><\/strong><strong>.<\/strong> <strong><em>Odwiedziny chorych w pi\u0105tek od godz. 8.30.<\/em><\/strong><\/p>\n\n\n\n<p><strong><u>7<\/u><\/strong><strong>.<\/strong> W I sobot\u0119 miesi\u0105ca o godz. <strong>17<sup>00<\/sup><\/strong> <strong><em><u>nabo\u017ce\u0144stwo fatimskie<\/u><\/em><\/strong>.<\/p>\n\n\n\n<p><strong><u>8<\/u><\/strong><strong>. <\/strong>W przysz\u0142\u0105 niedziel\u0119 b\u0119dziemy prze\u017cywa\u0107 <strong><em><u>Niedziel\u0119 Chrztu Pa\u0144skiego<\/u><\/em><\/strong> Msze \u015bw. wed\u0142ug porz\u0105dku niedzielnego. Na ka\u017cdej Mszy \u015bw. odnowienie przyrzecze\u0144 chrzcielnych. Zmiana tajemnic \u017bywego R\u00f3\u017ca\u0144ca o <strong>10<sup>30<\/sup>.<\/strong><\/p>\n\n\n\n<p><strong><u>9<\/u><\/strong><strong>.<\/strong> <strong><em>Kancelaria parafialna czynna w sobot\u0119 po Mszy \u015bw. wieczornej.<\/em><\/strong><\/p>\n\n\n\n<p><strong><u>10<\/u><\/strong><strong>. <\/strong>Do nabycia jest prasa katolicka: \u201eNiedziela\u201d,&nbsp; \u201eGo\u015b\u0107 Niedzielny\u201d Ma\u0142y GN i R\u00f3\u017caniec.<\/p>\n\n\n\n<p><strong><u>11<\/u><\/strong><strong>.<\/strong> Dzi\u0119kuj\u0119 wszystkim, kt\u00f3rzy w tym tygodniu sprz\u0105tali \u015bwi\u0105tyni\u0119 i przygotowali j\u0105 na nasze spotkanie eucharystyczne.<\/p>\n\n\n\n<p><strong><u>12<\/u><\/strong><strong>.<\/strong> Serdeczne B\u00f3g zap\u0142a\u0107 za ofiary sk\u0142adane na remonty w naszej parafii.<\/p>\n\n\n\n<p><strong><u>13<\/u><\/strong><strong>.<\/strong> Intencje mszalne, kalendarze parafialne.<\/p>\n\n\n\n<p><strong><u>14<\/u><\/strong><strong>.<\/strong> Od wtorku rozpoczynamy kol\u0119d\u0119, czyli wizyt\u0119 duszpastersk\u0105, b\u0142ogos\u0142awie\u0144stwo naszych rodzin i dom\u00f3w na Nowy Rok. <strong><u>W tygodniu kol\u0119da od 16.00, a w sobot\u0119 od 10.00. &nbsp;<\/u><\/strong><\/p>\n\n\n\n<p>Plan kol\u0119dy:<\/p>\n\n\n\n<p><strong><u>wtorek<\/u><\/strong> <strong>\u2013 <\/strong>02.01.2024 <strong>\u2013 <\/strong>&nbsp;<strong>Rynek, Orla, Robotnicza, Ko\u015bcielna, &nbsp;Pl. Ko\u015bcielny, Szpitalna<\/strong><\/p>\n\n\n\n<p><strong><u>\u015broda<\/u><\/strong> <strong>\u2013 <\/strong>03.01. 2024 <strong>\u2013 Legnicka, Wita Stwosza, Witosa, Grunwaldzka, Batorego<u><\/u><\/strong><\/p>\n\n\n\n<p><strong><u>czwartek<\/u><\/strong> <strong>\u2013 <\/strong>04. 01.2024<strong> \u2013 Szeroka, G\u0142ogowska, Szkolna, Zgody, 1-go Maja<\/strong><\/p>\n\n\n\n<p><em>\u017byczymy mi\u0142ego tygodnia i obfitych \u0142ask Bo\u017cych.<\/em><\/p>\n","protected":false},"excerpt":{"rendered":"<p>1. Dzisiaj prze\u017cywamy Niedziel\u0119 \u015awi\u0119tej Rodziny: Jezusa, Maryi i J\u00f3zefa. Msze \u015bw. wed\u0142ug porz\u0105dku niedzielnego. Dzi\u015b chcemy pami\u0119ta\u0107 w modlitwach o wszystkich rodzinach naszej parafii. O godz. 1730 nabo\u017ce\u0144stwo przeb\u0142agalno &#8211; dzi\u0119kczynne za miniony rok, a o 1800 Msza. 2. Jutro 1 stycznia, w Nowy Rok obchodzimy uroczysto\u015b\u0107 \u015awi\u0119tej Bo\u017cej&#8230; <a class=\"continue-reading-link\" href=\"http:\/\/parafia.scinawa.info\/index.php\/2023\/12\/30\/ogloszenia-duszpasterskie-niedziela-swietej-rodziny-31-12-2023\/\">Czytaj dalej <span class=\"meta-nav\">&rarr; <\/span><\/a><\/p>\n","protected":false},"author":2,"featured_media":0,"comment_status":"closed","ping_status":"closed","sticky":false,"template":"","format":"standard","meta":{"footnotes":""},"categories":[1,40],"tags":[],"class_list":["post-2525","post","type-post","status-publish","format-standard","hentry","category-bez-kategorii","category-ogloszenia-duszpasterskie"],"_links":{"self":[{"href":"http:\/\/parafia.scinawa.info\/index.php\/wp-json\/wp\/v2\/posts\/2525","targetHints":{"allow":["GET"]}}],"collection":[{"href":"http:\/\/parafia.scinawa.info\/index.php\/wp-json\/wp\/v2\/posts"}],"about":[{"href":"http:\/\/parafia.scinawa.info\/index.php\/wp-json\/wp\/v2\/types\/post"}],"author":[{"embeddable":true,"href":"http:\/\/parafia.scinawa.info\/index.php\/wp-json\/wp\/v2\/users\/2"}],"replies":[{"embeddable":true,"href":"http:\/\/parafia.scinawa.info\/index.php\/wp-json\/wp\/v2\/comments?post=2525"}],"version-history":[{"count":1,"href":"http:\/\/parafia.scinawa.info\/index.php\/wp-json\/wp\/v2\/posts\/2525\/revisions"}],"predecessor-version":[{"id":2526,"href":"http:\/\/parafia.scinawa.info\/index.php\/wp-json\/wp\/v2\/posts\/2525\/revisions\/2526"}],"wp:attachment":[{"href":"http:\/\/parafia.scinawa.info\/index.php\/wp-json\/wp\/v2\/media?parent=2525"}],"wp:term":[{"taxonomy":"category","embeddable":true,"href":"http:\/\/parafia.scinawa.info\/index.php\/wp-json\/wp\/v2\/categories?post=2525"},{"taxonomy":"post_tag","embeddable":true,"href":"http:\/\/parafia.scinawa.info\/index.php\/wp-json\/wp\/v2\/tags?post=2525"}],"curies":[{"name":"wp","href":"https:\/\/api.w.org\/{rel}","templated":true}]}}