{"id":2568,"date":"2024-01-27T16:35:22","date_gmt":"2024-01-27T15:35:22","guid":{"rendered":"http:\/\/parafia.scinawa.info\/?p=2568"},"modified":"2024-01-27T16:35:22","modified_gmt":"2024-01-27T15:35:22","slug":"intencje-mszalne-28-01-04-02-2024","status":"publish","type":"post","link":"http:\/\/parafia.scinawa.info\/index.php\/2024\/01\/27\/intencje-mszalne-28-01-04-02-2024\/","title":{"rendered":"INTENCJE MSZALNE 28.01. \u00a0\u2013 04.02. 2024"},"content":{"rendered":"\n<p><strong><em>Sk\u0142adaj\u0105c Ofiar\u0119, kt\u00f3ra nam przypomina niezmierzon\u0105 mi\u0142o\u015b\u0107 Twojego Syna, pokornie prosimy Ci\u0119, Bo\u017ce, przyjmij intencje Twoich wiernych i spraw przez dzia\u0142anie Eucharystii, aby w naszych rodzinach wzrasta\u0142a prawdziwa wiara, \u015bwi\u0119to\u015b\u0107 \u017cycia, braterska mi\u0142o\u015b\u0107 i duch modlitwy. <\/em><\/strong><strong>Niech Matka Naj\u015bwi\u0119tsza wyprosi \u0142aski, o kt\u00f3re modlili\u015bmy si\u0119 w tej Mszy \u015bw. dla \u2026 Za\u015b zmar\u0142ym \u2026 za kt\u00f3rych odprawiali\u015bmy Msz\u0119 \u015bw.: <u>wieczny odpoczynek racz im da\u0107 Panie<\/u> (\u2026); niech odpoczywaj\u0105 w pokoju wiecznym. Amen<\/strong><\/p>\n\n\n\n<p><strong><u>28.01<em>. &#8211; NIEDZIELA&nbsp; <\/em><\/u><\/strong><em><\/em><\/p>\n\n\n\n<p><strong>8.oo \u2013 1) <\/strong>w 2 rocz. urodzin \u0141ucji dzi\u0119kczynna za otrzymane \u0142aski z pro\u015bb\u0105 o zdrowie, dary Ducha<\/p>\n\n\n\n<p>&nbsp;&nbsp;&nbsp;&nbsp;&nbsp;&nbsp;&nbsp;&nbsp;&nbsp;&nbsp;&nbsp;&nbsp;&nbsp;&nbsp;&nbsp;&nbsp; \u015awi\u0119tego, Bo\u017ce b\u0142ogos\u0142awie\u0144stwo, opiek\u0119 NMP i \u015bw. Patron\u00f3w \u2013 modl\u0105 si\u0119 babcia i dziadek<\/p>\n\n\n\n<p><strong>&nbsp;&nbsp;&nbsp;&nbsp;&nbsp;&nbsp;&nbsp;&nbsp;&nbsp;&nbsp;&nbsp; &nbsp; 2)<\/strong> + Tadeusza Burdaka w 5 rocz. \u015bm. \u2013 modli si\u0119 rodzina<\/p>\n\n\n\n<p><strong>&nbsp; 9.3o \u2013 <\/strong>&nbsp;w intencji Franciszka Szpularza w 78 rocz. urodzin &nbsp;oraz imienin dzi\u0119kczynna za otrzymane \u0142aski<\/p>\n\n\n\n<p>&nbsp;&nbsp;&nbsp;&nbsp;&nbsp;&nbsp;&nbsp;&nbsp;&nbsp;&nbsp;&nbsp;&nbsp;&nbsp;&nbsp; z pro\u015bb\u0105 o zdrowie, dary Ducha \u015awi\u0119tego, Bo\u017ce b\u0142ogos\u0142awie\u0144stwo, opiek\u0119 NMP i \u015bw. Patron\u00f3w<\/p>\n\n\n\n<p>&nbsp;&nbsp;&nbsp;&nbsp;&nbsp;&nbsp;&nbsp;&nbsp;&nbsp;&nbsp;&nbsp;&nbsp;&nbsp;&nbsp; &nbsp;\u2013 modli si\u0119 \u017cona z dzie\u0107mi<\/p>\n\n\n\n<p><strong>11.oo \u2013 1) <\/strong>w intencji Ks. Tomasza z racji imienin dzi\u0119kczynna z pro\u015bb\u0105 o zdrowie, dary Ducha \u015awi\u0119tego,<\/p>\n\n\n\n<p>&nbsp;&nbsp;&nbsp;&nbsp;&nbsp;&nbsp;&nbsp;&nbsp;&nbsp;&nbsp;&nbsp;&nbsp;&nbsp;&nbsp;&nbsp;&nbsp; Bo\u017ce b\u0142ogos\u0142awie\u0144stwo i opiek\u0119 NMP i \u015bw. Patron\u00f3w &nbsp;&#8211; modli si\u0119 \u017bywy R\u00f3\u017caniec<\/p>\n\n\n\n<p><strong>&nbsp;&nbsp;&nbsp;&nbsp;&nbsp;&nbsp;&nbsp;&nbsp;&nbsp;&nbsp;&nbsp; &nbsp; 2) <\/strong>+ Feliksa Wolnika w 11 rocz. \u015bm. \u2013 modli si\u0119 syn Roman z rodzin\u0105<\/p>\n\n\n\n<p><strong>12.3o \u2013 1) <\/strong>+ Stanis\u0142awa \u0141uckiego w 1 rocz. \u015bm. \u2013 modli si\u0119 \u017cona z rodzin\u0105<\/p>\n\n\n\n<p><strong>&nbsp;&nbsp;&nbsp;&nbsp;&nbsp;&nbsp;&nbsp;&nbsp;&nbsp;&nbsp;&nbsp; &nbsp; 2)<\/strong> ++ rodzic\u00f3w: Jana i Pelagi\u0119 oraz m\u0119\u017ca J\u00f3zefa \u2013 modli si\u0119 rodzina<\/p>\n\n\n\n<p><strong>18.oo \u2013 1) <\/strong>+ Helen\u0119 Lewandowsk\u0105 w 5 miesi\u0119cy po \u015bmierci oraz ++ z rodziny Lewandowskich<\/p>\n\n\n\n<p>&nbsp;&nbsp;&nbsp;&nbsp;&nbsp;&nbsp;&nbsp;&nbsp; &nbsp;&nbsp;&nbsp;&nbsp;&nbsp;&nbsp;&nbsp;&nbsp;&nbsp;&nbsp;i Sobolewskich<\/p>\n\n\n\n<p><strong>&nbsp;&nbsp;&nbsp;&nbsp;&nbsp;&nbsp;&nbsp;&nbsp;&nbsp;&nbsp;&nbsp; &nbsp; 2) <\/strong>+ Tadeusza Piks\u0119 &#8211; &nbsp;gregorianka 14 \u2013 od Mateusza i Anny Podobi\u0144skich<\/p>\n\n\n\n<p><strong><u>29.01<em>. \u2013 PONIEDZIA\u0141EK<\/em><\/u><\/strong><\/p>\n\n\n\n<p><strong>&nbsp; &nbsp;&nbsp;7.oo \u2013 <\/strong>&nbsp;<strong>1) <\/strong>&nbsp;+ Tadeusza Piks\u0119 &#8211; &nbsp;gregorianka 15 \u2013od Mariusza i Doroty Podobi\u0144skich<\/p>\n\n\n\n<p><strong>&nbsp;&nbsp;&nbsp;&nbsp;&nbsp;&nbsp;&nbsp;&nbsp;&nbsp;&nbsp;&nbsp; &nbsp; 2)<\/strong> ++ Iren\u0119 i Franciszka Szczepaniak\u00f3w, ++ ich rodzic\u00f3w oraz rodze\u0144stwo \u2013 modl\u0105 si\u0119 najbli\u017csi<\/p>\n\n\n\n<p><strong><u>30.01<em>. &#8211; WTOREK<\/em><\/u><\/strong><em><\/em><\/p>\n\n\n\n<p><strong>&nbsp;&nbsp; 7.oo \u20131) <\/strong>+ Tadeusza Piks\u0119 &#8211; &nbsp;gregorianka 16 \u2013 od R\u00f3\u017cy Ojc\u00f3w<\/p>\n\n\n\n<p><strong>&nbsp;&nbsp;&nbsp;&nbsp;&nbsp;&nbsp;&nbsp;&nbsp;&nbsp;&nbsp;&nbsp; &nbsp; 2)<\/strong> ++ m\u0119\u017ca Mariana w 2 rocz. \u015bm. oraz c\u00f3rk\u0119 Ann\u0119 \u2013 modli si\u0119 \u017cona i mama<\/p>\n\n\n\n<p>&nbsp;&nbsp;&nbsp;&nbsp;&nbsp;&nbsp;&nbsp;&nbsp;&nbsp;&nbsp;&nbsp; &nbsp;&nbsp;<strong>3)<\/strong> + Danut\u0119 Tober\u0119 w 71 rocz. ziemskich urodzin \u2013 modli si\u0119 rodzina<\/p>\n\n\n\n<p><strong><u>31.01<em>. \u2013 \u015aRODA<\/em><\/u><\/strong><\/p>\n\n\n\n<p><strong>&nbsp; 7.oo \u20131) <\/strong>&nbsp;+ Tadeusza Piks\u0119 &#8211; &nbsp;gregorianka 17 \u2013 od R\u00f3\u017cy Ojc\u00f3w<\/p>\n\n\n\n<p><strong>&nbsp;&nbsp;&nbsp;&nbsp;&nbsp;&nbsp;&nbsp;&nbsp;&nbsp;&nbsp;&nbsp; &nbsp;&nbsp;2)<\/strong><\/p>\n\n\n\n<p><strong><u>01.02<em>. \u2013 CZWARTEK <\/em><\/u><\/strong><em>&nbsp;<\/em><\/p>\n\n\n\n<p><strong>&nbsp; 7.oo \u2013<\/strong> &nbsp;<strong>1) <\/strong>+ Tadeusza Piks\u0119 &#8211; &nbsp;gregorianka 18 \u2013 od Jana i Marii Madziar<\/p>\n\n\n\n<p><strong>&nbsp;&nbsp;&nbsp;&nbsp;&nbsp;&nbsp;&nbsp;&nbsp;&nbsp;&nbsp;&nbsp; &nbsp; 2)<\/strong><\/p>\n\n\n\n<p><strong><u>02.02<em>. \u2013 PI\u0104TEK<\/em><\/u><\/strong><\/p>\n\n\n\n<p><strong>&nbsp; 8.oo \u2013<\/strong> <strong>1)<\/strong> + Grzegorza i dusze w czy\u015b\u0107cu cierpi\u0105ce<\/p>\n\n\n\n<p><strong>&nbsp;&nbsp; 2) <\/strong>+ Tadeusza Piks\u0119 &#8211; &nbsp;gregorianka 19 \u2013&nbsp; od Mieczys\u0142awa i Haliny Podobi\u0144skich<\/p>\n\n\n\n<p><strong>16.oo \u2013<\/strong><\/p>\n\n\n\n<p><strong>18.oo \u2013 1) <\/strong>zaj. P. Bentkowski<\/p>\n\n\n\n<p><strong>&nbsp;&nbsp;&nbsp;&nbsp;&nbsp;&nbsp;&nbsp;&nbsp; 2)<\/strong> + m\u0119\u017ca Tadeusza, ++ jego braci: Jana i Mariana oraz ++ rodzic\u00f3w z obu stron \u2013 modli si\u0119 rodzina<\/p>\n\n\n\n<p><strong><em><u>03.02. \u2013 SOBOTA<\/u><\/em><\/strong><\/p>\n\n\n\n<p><strong>&nbsp; &nbsp;&nbsp;7.oo \u2013<\/strong> <strong>&nbsp;<\/strong>+ Tadeusza Piks\u0119 &#8211; &nbsp;gregorianka 20 \u2013 od Zygmunta i Teresy Oleksy<\/p>\n\n\n\n<p><strong>18.oo \u2013 1) <\/strong>&nbsp;intencja wynagradzaj\u0105ca Niepokalanemu Sercu NMP<\/p>\n\n\n\n<p><strong>&nbsp;&nbsp;&nbsp;&nbsp;&nbsp;&nbsp;&nbsp;&nbsp;&nbsp;&nbsp;&nbsp; &nbsp; 2)<\/strong> + J\u00f3zefa Grzesiaka w 36 rocz. \u015bm., ++ jego rodzic\u00f3w oraz siostry: Helen\u0119 i Mariann\u0119<\/p>\n\n\n\n<p>&nbsp;&nbsp;&nbsp;&nbsp;&nbsp;&nbsp;&nbsp;&nbsp;&nbsp;&nbsp;&nbsp;&nbsp;&nbsp;&nbsp;&nbsp;&nbsp; \u2013 modli si\u0119 \u017cona Maria z rodzin\u0105<\/p>\n\n\n\n<p><strong><em><u>04.02. \u2013 NIEDZIELA&nbsp;<\/u><\/em><\/strong><\/p>\n\n\n\n<p><strong>&nbsp; 8.oo \u2013 1) <\/strong>w intencji Edwarda w dniu urodzin dzi\u0119kczynna za otrzymane \u0142aski z pro\u015bb\u0105 o zdrowie, dary<\/p>\n\n\n\n<p>&nbsp;&nbsp;&nbsp;&nbsp;&nbsp;&nbsp;&nbsp;&nbsp;&nbsp;&nbsp;&nbsp;&nbsp;&nbsp; Ducha \u015awi\u0119tego, Bo\u017ce b\u0142ogos\u0142awie\u0144stwo, opiek\u0119 NMP i \u015bw. Patron\u00f3w \u2013 modli si\u0119 \u017cona z rodzin\u0105<\/p>\n\n\n\n<p><strong>&nbsp;&nbsp;&nbsp;&nbsp;&nbsp;&nbsp;&nbsp;&nbsp;&nbsp;&nbsp;&nbsp; &nbsp; 2)<\/strong> + Tadeusza Zielonego oraz ++ z rodziny Zielonych i Barabach\u00f3w<\/p>\n\n\n\n<p><strong>&nbsp; 9.3o \u2013 <\/strong>&nbsp;zaj. P. Pietrzak<\/p>\n\n\n\n<p><strong>11.oo \u2013 1) <\/strong>+ W\u0142adys\u0142awa Sulim\u0119 w 4 rocz. \u015bm. \u2013 modli si\u0119 \u017cona z rodzin\u0105<\/p>\n\n\n\n<p><strong>&nbsp;&nbsp;&nbsp;&nbsp;&nbsp;&nbsp;&nbsp;&nbsp;&nbsp;&nbsp;&nbsp; &nbsp; 2) <\/strong>+ siostr\u0119 Mari\u0119 Szpularz w 9 rocz. \u015bm., ++ rodzic\u00f3w Joann\u0119 i Piotra Jastrz\u0119bskich, brata Jana<\/p>\n\n\n\n<p>&nbsp;&nbsp;&nbsp;&nbsp;&nbsp;&nbsp;&nbsp;&nbsp;&nbsp;&nbsp;&nbsp;&nbsp;&nbsp;&nbsp;&nbsp; &nbsp;Jastrz\u0119bskiego, siostr\u0119 J\u00f3zi\u0119 oraz kuzynk\u0119 Krystyn\u0119 Brzezi\u0144sk\u0105<\/p>\n\n\n\n<p><strong>12.3o \u2013 1) <\/strong>+ m\u0119\u017ca Krzysztofa Michn\u0119 w 3 rocz. \u015bm. \u2013 modli si\u0119 \u017cona z dzie\u0107mi<\/p>\n\n\n\n<p><strong>&nbsp;&nbsp;&nbsp;&nbsp;&nbsp;&nbsp;&nbsp;&nbsp;&nbsp;&nbsp;&nbsp; &nbsp; 2)<\/strong> + Jana w 4 rocz. \u015bm. oraz ++ Stanis\u0142aw\u0119, Romana, Tadeusza i Mariana \u2013 modli si\u0119 rodzina<\/p>\n\n\n\n<p><strong>18.oo \u2013 1) <\/strong>+ Henryka Kaweckiego<\/p>\n\n\n\n<p><strong>&nbsp;&nbsp;&nbsp;&nbsp;&nbsp;&nbsp;&nbsp;&nbsp;&nbsp;&nbsp;&nbsp; &nbsp; 2) <\/strong>&nbsp;+ Tadeusza Piks\u0119 &#8211; &nbsp;gregorianka 21 \u2013 od Bartosza i Ma\u0142gorzaty Haza<\/p>\n","protected":false},"excerpt":{"rendered":"<p>Sk\u0142adaj\u0105c Ofiar\u0119, kt\u00f3ra nam przypomina niezmierzon\u0105 mi\u0142o\u015b\u0107 Twojego Syna, pokornie prosimy Ci\u0119, Bo\u017ce, przyjmij intencje Twoich wiernych i spraw przez dzia\u0142anie Eucharystii, aby w naszych rodzinach wzrasta\u0142a prawdziwa wiara, \u015bwi\u0119to\u015b\u0107 \u017cycia, braterska mi\u0142o\u015b\u0107 i duch modlitwy. Niech Matka Naj\u015bwi\u0119tsza wyprosi \u0142aski, o kt\u00f3re modlili\u015bmy si\u0119 w tej Mszy \u015bw. dla&#8230; <a class=\"continue-reading-link\" href=\"http:\/\/parafia.scinawa.info\/index.php\/2024\/01\/27\/intencje-mszalne-28-01-04-02-2024\/\">Czytaj dalej <span class=\"meta-nav\">&rarr; <\/span><\/a><\/p>\n","protected":false},"author":2,"featured_media":0,"comment_status":"closed","ping_status":"closed","sticky":false,"template":"","format":"standard","meta":{"footnotes":""},"categories":[39],"tags":[],"class_list":["post-2568","post","type-post","status-publish","format-standard","hentry","category-intencje"],"_links":{"self":[{"href":"http:\/\/parafia.scinawa.info\/index.php\/wp-json\/wp\/v2\/posts\/2568","targetHints":{"allow":["GET"]}}],"collection":[{"href":"http:\/\/parafia.scinawa.info\/index.php\/wp-json\/wp\/v2\/posts"}],"about":[{"href":"http:\/\/parafia.scinawa.info\/index.php\/wp-json\/wp\/v2\/types\/post"}],"author":[{"embeddable":true,"href":"http:\/\/parafia.scinawa.info\/index.php\/wp-json\/wp\/v2\/users\/2"}],"replies":[{"embeddable":true,"href":"http:\/\/parafia.scinawa.info\/index.php\/wp-json\/wp\/v2\/comments?post=2568"}],"version-history":[{"count":1,"href":"http:\/\/parafia.scinawa.info\/index.php\/wp-json\/wp\/v2\/posts\/2568\/revisions"}],"predecessor-version":[{"id":2569,"href":"http:\/\/parafia.scinawa.info\/index.php\/wp-json\/wp\/v2\/posts\/2568\/revisions\/2569"}],"wp:attachment":[{"href":"http:\/\/parafia.scinawa.info\/index.php\/wp-json\/wp\/v2\/media?parent=2568"}],"wp:term":[{"taxonomy":"category","embeddable":true,"href":"http:\/\/parafia.scinawa.info\/index.php\/wp-json\/wp\/v2\/categories?post=2568"},{"taxonomy":"post_tag","embeddable":true,"href":"http:\/\/parafia.scinawa.info\/index.php\/wp-json\/wp\/v2\/tags?post=2568"}],"curies":[{"name":"wp","href":"https:\/\/api.w.org\/{rel}","templated":true}]}}