{"id":2570,"date":"2024-01-27T16:40:22","date_gmt":"2024-01-27T15:40:22","guid":{"rendered":"http:\/\/parafia.scinawa.info\/?p=2570"},"modified":"2024-01-27T16:40:22","modified_gmt":"2024-01-27T15:40:22","slug":"ogloszenia-duszpasterskie-4-niedziela-zwykla-28-01-2024","status":"publish","type":"post","link":"http:\/\/parafia.scinawa.info\/index.php\/2024\/01\/27\/ogloszenia-duszpasterskie-4-niedziela-zwykla-28-01-2024\/","title":{"rendered":"Og\u0142oszenia duszpasterskie 4 Niedziela zwyk\u0142a \u2013 28. 01. 2024"},"content":{"rendered":"\n<p><strong><u>1<\/u><\/strong><strong>.<\/strong> Dzi\u015b prze\u017cywamy <strong><em>4 Niedziel\u0119 zwyk\u0142\u0105. <\/em><\/strong><strong><em>&nbsp;<\/em><\/strong>Msze \u015bw. wed\u0142ug porz\u0105dku niedzielnego.<\/p>\n\n\n\n<p><strong><u>2<\/u><\/strong><strong>.<\/strong> Msze \u015bw. od poniedzia\u0142ku do czwartku&nbsp; o <strong>7<sup>00<\/sup><\/strong>, od pi\u0105tku o <strong>7<sup>00<\/sup><\/strong> i <strong>18<sup>00<\/sup><\/strong>. &nbsp;<\/p>\n\n\n\n<p><strong><u>3.<\/u><\/strong><strong> <\/strong>W tym tygodniu obchodzimy:<\/p>\n\n\n\n<p><strong>&#8211; <u>w \u015brod\u0119 <\/u><\/strong>\u2013 wspomnienie \u015bw. Jana Bosko, prezbitera<\/p>\n\n\n\n<p>&#8211; <strong><u>w pi\u0105tek <\/u><\/strong>\u2013<strong><em>obchodzimy \u015bwi\u0119to Ofiarowania Pa\u0144skiego &#8211; Matki Bo\u017cej Gromnicznej.<\/em><\/strong> Jest to r\u00f3wnie\u017c \u015awiatowy dzie\u0144 \u017bycia Konsekrowanego. Taca z tego dnia przeznaczona jest na potrzeby zakon\u00f3w kontemplacyjnych. Msze \u015bw. w naszej parafii: o <strong>8<sup>00<\/sup><\/strong>,<strong> 16<sup>00<\/sup><\/strong> i<strong> 18<sup>00<\/sup><\/strong>, w R\u0119szowie o <strong>17<sup>00<\/sup>.<\/strong> W czasie ka\u017cdej Mszy \u015bw. po\u015bwi\u0119cenie gromnic.<strong><u><\/u><\/strong><\/p>\n\n\n\n<p><strong><u>4.<\/u><\/strong> W tym tygodniu obchodzimy I czwartek, I pi\u0105tek i I sobot\u0119 miesi\u0105ca<\/p>\n\n\n\n<p><strong><u>5<\/u><\/strong><strong>.<\/strong> <strong><em>Odwiedziny chorych w I pi\u0105tek miesi\u0105ca od godz. 9.00 po\u0142\u0105czone z udzieleniem sakramentu Namaszczenia chorych z racji zbli\u017caj\u0105cego si\u0119 \u015awiatowego Dnia Chorego (11 luty)<\/em><\/strong><strong><u><\/u><\/strong><\/p>\n\n\n\n<p><strong>6.<\/strong> W I sobot\u0119 miesi\u0105ca o godz. <strong>17<sup>00<\/sup><\/strong> <strong><em><u>nabo\u017ce\u0144stwo fatimskie<\/u><\/em><\/strong>.<strong><u><\/u><\/strong><\/p>\n\n\n\n<p><strong><u>7<\/u><\/strong><strong>. <\/strong>W przysz\u0142\u0105 niedziel\u0119 b\u0119dziemy prze\u017cywa\u0107 <strong><em>5<\/em><\/strong><em> <strong>Niedziel\u0119 zwyk\u0142\u0105<\/strong><\/em><strong><em>.<\/em><\/strong> Msze \u015bw. wed\u0142ug porz\u0105dku niedzielnego. Zmiana tajemnic \u017bywego R\u00f3\u017ca\u0144ca o <strong>10<sup>30<\/sup>. Dzieci przygotowuj\u0105ce si\u0119 do I Komunii \u015bw. Otrzymaj\u0105 dzisiaj po\u015bwi\u0119cone \u015bwiece na Mszy o godz. 12<sup>30<\/sup><\/strong><strong><u><\/u><\/strong><\/p>\n\n\n\n<p><strong><u>8<\/u><\/strong><strong>.<\/strong> <strong><em>Kancelaria parafialna czynna od pi\u0105tku po Mszy \u015bw. wieczornej.<\/em><\/strong><\/p>\n\n\n\n<p><strong><u>9.<\/u><\/strong> Do nabycia jest prasa katolicka: \u201eNiedziela\u201d,&nbsp; \u201eGo\u015b\u0107 Niedzielny\u201d Ma\u0142y GN i R\u00f3\u017caniec.<\/p>\n\n\n\n<p><strong><u>10<\/u><\/strong><strong>.<\/strong> Dzi\u0119kuj\u0119 wszystkim, kt\u00f3rzy w tym tygodniu sprz\u0105tali \u015bwi\u0105tyni\u0119 i przygotowali j\u0105 na nasze spotkanie eucharystyczne.<\/p>\n\n\n\n<p><strong><u>11<\/u><\/strong><strong>.<\/strong> Serdeczne B\u00f3g zap\u0142a\u0107 za ofiary sk\u0142adane na remonty w naszej parafii.<\/p>\n\n\n\n<p><strong><u>12<\/u><\/strong><strong>.<\/strong> Intencje mszalne, kalendarze parafialne.<\/p>\n\n\n\n<p><strong><u>13.<\/u><\/strong> W zakrystii mo\u017cna nabywa\u0107 \u015bwiece \u2013 gromnice du\u017ce w cenie 10.00 z\u0142,&nbsp; mniejsze \u2013 6,50 z\u0142 oraz os\u0142ony na \u015bwiece ma\u0142e po 1.00 z\u0142<\/p>\n\n\n\n<p><strong><u>14<\/u><\/strong><strong>.<\/strong> Kol\u0119da <strong><u>w tygodniu kol\u0119da od 16.00.<\/u> &nbsp;<\/strong>Plan kol\u0119dy:<\/p>\n\n\n\n<p><strong><u>poniedzia\u0142ek<\/u><\/strong> \u2013 29. 01. 2024 <strong>\u2013 Reymonta, S\u0142owackiego, Sienkiewicza, Kili\u0144skiego, Spacerowa<\/strong><\/p>\n\n\n\n<p><strong><u>wtorek<\/u><\/strong> &nbsp;&nbsp;&nbsp;&nbsp;&nbsp;&nbsp;&nbsp;&nbsp;&nbsp; &nbsp;\u2013 30. 01. 2024 <strong>\u2013 Chopina, Rybna<\/strong><\/p>\n\n\n\n<p><strong><u>\u015broda<\/u><\/strong> &nbsp;&nbsp;&nbsp;&nbsp;&nbsp;&nbsp;&nbsp;&nbsp;&nbsp;&nbsp;&nbsp; &nbsp;\u2013 31. 01. 2024 <strong>\u2013 &nbsp;Jana Paw\u0142a II, Wroc\u0142awska<\/strong><strong><\/strong><\/p>\n\n\n\n<p><strong>Mo\u017cna r\u00f3wnie\u017c zg\u0142asza\u0107 &nbsp;w zakrystii miejsca, gdzie nie by\u0142o kol\u0119dy z r\u00f3\u017cnych przyczyn (np. nieobecno\u015b\u0107, praca itd.) do indywidualnego ustalenia terminu wizyty kol\u0119dowej<\/strong><\/p>\n\n\n\n<p><em>\u017byczymy mi\u0142ego tygodnia i obfitych \u0142ask Bo\u017cych.<\/em><\/p>\n","protected":false},"excerpt":{"rendered":"<p>1. Dzi\u015b prze\u017cywamy 4 Niedziel\u0119 zwyk\u0142\u0105. &nbsp;Msze \u015bw. wed\u0142ug porz\u0105dku niedzielnego. 2. Msze \u015bw. od poniedzia\u0142ku do czwartku&nbsp; o 700, od pi\u0105tku o 700 i 1800. &nbsp; 3. W tym tygodniu obchodzimy: &#8211; w \u015brod\u0119 \u2013 wspomnienie \u015bw. Jana Bosko, prezbitera &#8211; w pi\u0105tek \u2013obchodzimy \u015bwi\u0119to Ofiarowania Pa\u0144skiego &#8211; Matki&#8230; <a class=\"continue-reading-link\" href=\"http:\/\/parafia.scinawa.info\/index.php\/2024\/01\/27\/ogloszenia-duszpasterskie-4-niedziela-zwykla-28-01-2024\/\">Czytaj dalej <span class=\"meta-nav\">&rarr; <\/span><\/a><\/p>\n","protected":false},"author":2,"featured_media":0,"comment_status":"closed","ping_status":"closed","sticky":false,"template":"","format":"standard","meta":{"footnotes":""},"categories":[40],"tags":[],"class_list":["post-2570","post","type-post","status-publish","format-standard","hentry","category-ogloszenia-duszpasterskie"],"_links":{"self":[{"href":"http:\/\/parafia.scinawa.info\/index.php\/wp-json\/wp\/v2\/posts\/2570","targetHints":{"allow":["GET"]}}],"collection":[{"href":"http:\/\/parafia.scinawa.info\/index.php\/wp-json\/wp\/v2\/posts"}],"about":[{"href":"http:\/\/parafia.scinawa.info\/index.php\/wp-json\/wp\/v2\/types\/post"}],"author":[{"embeddable":true,"href":"http:\/\/parafia.scinawa.info\/index.php\/wp-json\/wp\/v2\/users\/2"}],"replies":[{"embeddable":true,"href":"http:\/\/parafia.scinawa.info\/index.php\/wp-json\/wp\/v2\/comments?post=2570"}],"version-history":[{"count":1,"href":"http:\/\/parafia.scinawa.info\/index.php\/wp-json\/wp\/v2\/posts\/2570\/revisions"}],"predecessor-version":[{"id":2571,"href":"http:\/\/parafia.scinawa.info\/index.php\/wp-json\/wp\/v2\/posts\/2570\/revisions\/2571"}],"wp:attachment":[{"href":"http:\/\/parafia.scinawa.info\/index.php\/wp-json\/wp\/v2\/media?parent=2570"}],"wp:term":[{"taxonomy":"category","embeddable":true,"href":"http:\/\/parafia.scinawa.info\/index.php\/wp-json\/wp\/v2\/categories?post=2570"},{"taxonomy":"post_tag","embeddable":true,"href":"http:\/\/parafia.scinawa.info\/index.php\/wp-json\/wp\/v2\/tags?post=2570"}],"curies":[{"name":"wp","href":"https:\/\/api.w.org\/{rel}","templated":true}]}}