{"id":2580,"date":"2024-02-10T15:53:39","date_gmt":"2024-02-10T14:53:39","guid":{"rendered":"http:\/\/parafia.scinawa.info\/?p=2580"},"modified":"2024-02-10T15:53:39","modified_gmt":"2024-02-10T14:53:39","slug":"ogloszenia-duszpasterskie-6-niedziela-zwykla-11-02-2024","status":"publish","type":"post","link":"http:\/\/parafia.scinawa.info\/index.php\/2024\/02\/10\/ogloszenia-duszpasterskie-6-niedziela-zwykla-11-02-2024\/","title":{"rendered":"Og\u0142oszenia duszpasterskie &#8211; 6 Niedziela zwyk\u0142a \u2013 11.02. 2024"},"content":{"rendered":"\n<p><strong><u>1<\/u><\/strong><strong>.<\/strong> Dzi\u015b prze\u017cywamy <strong>6 Niedziel\u0119 zwyk\u0142\u0105.<\/strong> Msze \u015bw. wed\u0142ug porz\u0105dku niedzielnego. &nbsp;&nbsp;<\/p>\n\n\n\n<p><strong><u>2<\/u><\/strong><strong>.<\/strong> Msze \u015bw. w tygodniu&nbsp; o <strong>7<sup>00<\/sup><\/strong> i <strong>18<sup>00<\/sup><\/strong>. &nbsp;(W Wielkim Po\u015bcie w pi\u0105tki o <strong>8<sup>00<\/sup>)<\/strong><\/p>\n\n\n\n<p><strong><u>3<\/u><\/strong><strong>. <\/strong>Codziennie spowied\u017a i adoracja Naj\u015bwi\u0119tszego Sakramentu o godz. <strong>17<sup>00<\/sup>.<\/strong><\/p>\n\n\n\n<p><strong><u>4<\/u><\/strong><strong>. <\/strong>W tym tygodniu nabo\u017ce\u0144stwa:<\/p>\n\n\n\n<p><strong>\u2013 w poniedzia\u0142ek &nbsp;&nbsp; \u2013&nbsp;<\/strong>nabo\u017ce\u0144stwo&nbsp;<em>do Bo\u017cego Mi\u0142osierdzia<\/em>&nbsp;o godz.&nbsp;17<sup>30<\/sup><strong><\/strong><\/p>\n\n\n\n<p><strong>\u2013<\/strong><strong>&nbsp;w \u015brod\u0119&nbsp;&nbsp;&nbsp;&nbsp; &nbsp;&nbsp;&nbsp;&nbsp;&nbsp;&nbsp;&nbsp;&nbsp;&nbsp;&nbsp;\u2013&nbsp;<\/strong>Nowenna do&nbsp;<em>NMP Nieustaj\u0105cej Pomocy<\/em>&nbsp;o godz.&nbsp;17<sup>30<\/sup><strong><\/strong><\/p>\n\n\n\n<p><strong><u>5<\/u><\/strong><strong>.<\/strong> <strong><em><u>14 lutego &#8211; \u015arod\u0105 Popielcow\u0105 rozpoczynamy Wielki Post<\/u>. Msze \u015bw. w naszej parafii:&nbsp; <\/em><\/strong>o <strong>8<sup>00<\/sup><\/strong>, <strong>16<sup>00 <\/sup><\/strong>i<strong> 18<sup>00<\/sup><\/strong>, w R\u0119szowie o <strong>17<sup>00<\/sup>.<\/strong><strong><em> &nbsp;Na ka\u017cdej Mszy \u015bw. posypanie g\u0142\u00f3w popio\u0142em na znak pokuty.<\/em><\/strong><\/p>\n\n\n\n<p><strong><u>6<\/u><\/strong><strong>.<\/strong> W \u015brod\u0119 obowi\u0105zuje post \u015bcis\u0142y. Przypominamy, \u017ce katolicy wszelkie zabawy ko\u0144cz\u0105 we wtorek do godz. 24.00. W \u015brod\u0119 rozpoczynamy dni modlitw o trze\u017awo\u015b\u0107 narodu i ducha pokuty.<\/p>\n\n\n\n<p><strong><u>7<\/u><\/strong><strong>.<\/strong> W Wielkim Po\u015bcie nabo\u017ce\u0144stwa Drogi Krzy\u017cowej w pi\u0105tki:o <strong>8<sup>30<\/sup> <\/strong>dla doros\u0142ych (Msza o <strong>8<sup>00<\/sup><\/strong>);<strong> 16<sup>00 <\/sup>&nbsp;<\/strong>dla dzieci<strong>, 17<sup>30<\/sup> <\/strong>dla doros\u0142ych i m\u0142odzie\u017cy, w R\u0119szowie o <strong>17<sup>00<\/sup><\/strong><\/p>\n\n\n\n<p><strong><u>8<\/u><\/strong><strong>.<\/strong> Gorzkie \u017bale w niedziel\u0119 o godz. <strong>17<sup>15<\/sup>.<\/strong>Za udzia\u0142 w nabo\u017ce\u0144stwie Gorzkich \u017bali w Wielkim Po\u015bcie oraz za odprawienie Drogi Krzy\u017cowej mo\u017cna uzyska\u0107 odpust zupe\u0142ny pod zwyk\u0142ymi warunkami.<\/p>\n\n\n\n<p><strong><u>9<\/u><\/strong><strong>. <\/strong>W przysz\u0142\u0105 niedziel\u0119 b\u0119dziemy prze\u017cywa\u0107 <strong>1 Niedziel\u0119 Wielkiego Postu.<\/strong> Msze \u015bw. wed\u0142ug porz\u0105dku niedzielnego.<\/p>\n\n\n\n<p><strong><u>10<\/u><\/strong><strong>.<\/strong> Kancelaria czynna codziennie po Mszy \u015bw. wieczornej z wyj\u0105tkiem niedziel, uroczysto\u015bci i \u015bwi\u0105t.<\/p>\n\n\n\n<p><strong><u>11<\/u><\/strong><strong>.<\/strong> Do nabycia jest prasa katolicka: Niedziela, Go\u015b\u0107 Niedzielny i R\u00f3\u017caniec.<\/p>\n\n\n\n<p><strong><u>12<\/u><\/strong><strong>.<\/strong> Dzi\u0119kuj\u0119 wszystkim, kt\u00f3rzy w tym tygodniu sprz\u0105tali \u015bwi\u0105tyni\u0119 i przygotowali j\u0105 na nasze spotkanie eucharystyczne.<\/p>\n\n\n\n<p><strong><u>13<\/u><\/strong><strong>.<\/strong> Serdeczne B\u00f3g zap\u0142a\u0107 za ofiary sk\u0142adane na remonty w naszej parafii.<\/p>\n\n\n\n<p><strong><u>14<\/u><\/strong><strong>.<\/strong> Intencje mszalne, obrazki \u2013 pami\u0105tki odprawionej Mszy \u015bw.<\/p>\n\n\n\n<p><em>\u017byczymy mi\u0142ego tygodnia i obfitych \u0142ask Bo\u017cych.<\/em><\/p>\n","protected":false},"excerpt":{"rendered":"<p>1. Dzi\u015b prze\u017cywamy 6 Niedziel\u0119 zwyk\u0142\u0105. Msze \u015bw. wed\u0142ug porz\u0105dku niedzielnego. &nbsp;&nbsp; 2. Msze \u015bw. w tygodniu&nbsp; o 700 i 1800. &nbsp;(W Wielkim Po\u015bcie w pi\u0105tki o 800) 3. Codziennie spowied\u017a i adoracja Naj\u015bwi\u0119tszego Sakramentu o godz. 1700. 4. W tym tygodniu nabo\u017ce\u0144stwa: \u2013 w poniedzia\u0142ek &nbsp;&nbsp; \u2013&nbsp;nabo\u017ce\u0144stwo&nbsp;do Bo\u017cego Mi\u0142osierdzia&nbsp;o&#8230; <a class=\"continue-reading-link\" href=\"http:\/\/parafia.scinawa.info\/index.php\/2024\/02\/10\/ogloszenia-duszpasterskie-6-niedziela-zwykla-11-02-2024\/\">Czytaj dalej <span class=\"meta-nav\">&rarr; <\/span><\/a><\/p>\n","protected":false},"author":2,"featured_media":0,"comment_status":"closed","ping_status":"closed","sticky":false,"template":"","format":"standard","meta":{"footnotes":""},"categories":[40],"tags":[],"class_list":["post-2580","post","type-post","status-publish","format-standard","hentry","category-ogloszenia-duszpasterskie"],"_links":{"self":[{"href":"http:\/\/parafia.scinawa.info\/index.php\/wp-json\/wp\/v2\/posts\/2580","targetHints":{"allow":["GET"]}}],"collection":[{"href":"http:\/\/parafia.scinawa.info\/index.php\/wp-json\/wp\/v2\/posts"}],"about":[{"href":"http:\/\/parafia.scinawa.info\/index.php\/wp-json\/wp\/v2\/types\/post"}],"author":[{"embeddable":true,"href":"http:\/\/parafia.scinawa.info\/index.php\/wp-json\/wp\/v2\/users\/2"}],"replies":[{"embeddable":true,"href":"http:\/\/parafia.scinawa.info\/index.php\/wp-json\/wp\/v2\/comments?post=2580"}],"version-history":[{"count":1,"href":"http:\/\/parafia.scinawa.info\/index.php\/wp-json\/wp\/v2\/posts\/2580\/revisions"}],"predecessor-version":[{"id":2581,"href":"http:\/\/parafia.scinawa.info\/index.php\/wp-json\/wp\/v2\/posts\/2580\/revisions\/2581"}],"wp:attachment":[{"href":"http:\/\/parafia.scinawa.info\/index.php\/wp-json\/wp\/v2\/media?parent=2580"}],"wp:term":[{"taxonomy":"category","embeddable":true,"href":"http:\/\/parafia.scinawa.info\/index.php\/wp-json\/wp\/v2\/categories?post=2580"},{"taxonomy":"post_tag","embeddable":true,"href":"http:\/\/parafia.scinawa.info\/index.php\/wp-json\/wp\/v2\/tags?post=2580"}],"curies":[{"name":"wp","href":"https:\/\/api.w.org\/{rel}","templated":true}]}}