{"id":2612,"date":"2024-03-23T12:55:42","date_gmt":"2024-03-23T11:55:42","guid":{"rendered":"http:\/\/parafia.scinawa.info\/?p=2612"},"modified":"2024-03-23T12:55:42","modified_gmt":"2024-03-23T11:55:42","slug":"ogloszenia-duszpasterskie-6-niedziela-wielkiego-postu-24-03-2024","status":"publish","type":"post","link":"http:\/\/parafia.scinawa.info\/index.php\/2024\/03\/23\/ogloszenia-duszpasterskie-6-niedziela-wielkiego-postu-24-03-2024\/","title":{"rendered":"Og\u0142oszenia duszpasterskie &#8211; 6 Niedziela Wielkiego Postu \u2013 24.03.2024"},"content":{"rendered":"\n<p><strong><u>1<\/u><\/strong><strong>.<\/strong> Dzi\u015b prze\u017cywamy <strong>6 Niedziel\u0119 Wielkiego Postu <\/strong>czyli Niedziel\u0119 Palmow\u0105. Msze \u015bw. wed\u0142ug porz\u0105dku niedzielnego.&nbsp; W czasie ka\u017cdej Mszy \u015bw. po\u015bwi\u0119cenie palm.<\/p>\n\n\n\n<p><strong><u>2<\/u><\/strong><strong>.<\/strong> Msze \u015bw. w tygodniu&nbsp; o <strong>7<sup>00<\/sup><\/strong> i <strong>18<sup>00<\/sup><\/strong>.&nbsp;<\/p>\n\n\n\n<p><strong><u>3<\/u><\/strong><strong>. <\/strong>Codziennie adoracja Naj\u015bwi\u0119tszego Sakramentu o godz. <strong>17<sup>00<\/sup>.<\/strong><\/p>\n\n\n\n<p><strong><u>4<\/u><\/strong><strong>. W poniedzia\u0142ek o&nbsp; 17<sup>30<\/sup> nabo\u017ce\u0144stwo do Bo\u017cego Mi\u0142osierdzia. <\/strong>(Na stoliku pod ch\u00f3rem znajduj\u0105 si\u0119 kartki, na kt\u00f3rych mo\u017cna wypisywa\u0107 pro\u015bby i podzi\u0119kowania, kt\u00f3re b\u0119dziemy poleca\u0107 Bo\u017cemu Mi\u0142osierdziu).<\/p>\n\n\n\n<p><strong><u>5.<\/u><\/strong><strong> <\/strong>W \u015brod\u0119 Nowenna do NMP Nieustaj\u0105cej Pomocy o godz. <strong>17<sup>30<\/sup><\/strong>.<\/p>\n\n\n\n<p><strong><u>6<\/u><\/strong><strong>.<\/strong> Kancelaria czynna od poniedzia\u0142ku do \u015brody po Mszy \u015bw. wieczornej w sprawach wa\u017cnych<\/p>\n\n\n\n<p><strong><u>7<\/u><\/strong><strong>.<\/strong> Do nabycia jest prasa katolicka: Niedziela, Go\u015b\u0107 Niedzielny, Ma\u0142y Go\u015b\u0107 Niedzielny i R\u00f3\u017caniec.<\/p>\n\n\n\n<p><strong><u>8<\/u><\/strong><strong>.<\/strong> Dzi\u0119kuj\u0119 wszystkim, kt\u00f3rzy w tym tygodniu sprz\u0105tali \u015bwi\u0105tyni\u0119 i przygotowali j\u0105 na nasze spotkanie eucharystyczne.<\/p>\n\n\n\n<p><strong><u>9<\/u><\/strong><strong>.<\/strong> Serdeczne B\u00f3g zap\u0142a\u0107 za ofiary sk\u0142adane na remonty w naszej parafii.<\/p>\n\n\n\n<p><strong><u>10<\/u><\/strong><strong>. <\/strong>Tradycj\u0105 lat minionych od I Niedzieli Wielkiego Postu sk\u0142adamy ofiary na kwiaty do Bo\u017cego Grobu do skarbony pod ambon\u0105<\/p>\n\n\n\n<p><strong><u>11<\/u><\/strong><strong>.<\/strong> Intencje mszalne, kalendarze parafialne, kartki \u015bwi\u0105teczne,<\/p>\n\n\n\n<p><strong><u>12<\/u><\/strong><strong>.<em> Odwiedziny chorych z racji \u015bwi\u0105t &nbsp;i I pi\u0105tku w Wielki Pi\u0105tek od godz. 8.30. Odwiedzamy chorych, do kt\u00f3rych chodzimy w I pi\u0105tki miesi\u0105ca oraz zg\u0142oszonych z racji \u015bwi\u0105t. Prosz\u0119 zg\u0142asza\u0107 chorych do \u015brody w\u0142\u0105cznie.<\/em><\/strong><\/p>\n\n\n\n<p><strong><u>13.<\/u><\/strong> W poniedzia\u0142ek po <strong>Mszy wieczornej <\/strong>zapraszam do pomocy przy sprz\u0105taniu ko\u015bcio\u0142a<\/p>\n\n\n\n<p>&nbsp;i przenoszeniu zakrystii (Zapraszam m\u0119\u017cczyzn i kobiety z w\u0142asnym sprz\u0119tem do sprz\u0105tania).<strong><em><\/em><\/strong><\/p>\n\n\n\n<p><strong>Triduum Paschalne<\/strong><\/p>\n\n\n\n<p><strong><u>28.03 &#8211; Wielki Czwartek &#8211; \u015acinawa<\/u><\/strong><strong><u><\/u><\/strong><\/p>\n\n\n\n<p>&#8211; 18.00 &#8211; Msza \u015bw. Wieczerzy Pa\u0144skiej<\/p>\n\n\n\n<p>&#8211; adoracja w Ciemnicy (o\u0142tarz adoracji) do 24.00<\/p>\n\n\n\n<p><strong><u>29.03 &#8211; Wielki Pi\u0105tek &#8211; \u015acinawa<\/u><\/strong><\/p>\n\n\n\n<p>&#8211; Droga Krzy\u017cowa o 9.00<\/p>\n\n\n\n<p>&#8211; adoracja w Ciemnicy od 9.30 do 18.00<\/p>\n\n\n\n<p>&#8211; Koronka do Bo\u017cego Mi\u0142osierdzia&nbsp; i I dzie\u0144 Nowenny o <strong>17.30<\/strong><\/p>\n\n\n\n<p>&#8211; 18.00 &#8211; Liturgia M\u0119ki Pa\u0144skiej<\/p>\n\n\n\n<p>&nbsp;&nbsp;&nbsp;&nbsp;&nbsp;&nbsp;&nbsp;&nbsp;&nbsp; &#8211; adoracja Krzy\u017ca<\/p>\n\n\n\n<p><strong><em>&nbsp;&nbsp;&nbsp;&nbsp;&nbsp;&nbsp;&nbsp;&nbsp;&nbsp;&nbsp;&nbsp; Ofiary z tego dnia przeznaczone s\u0105 na utrzymanie zabytk\u00f3w w Ziemi \u015awi\u0119tej<\/em><\/strong><\/p>\n\n\n\n<p>&#8211; adoracja przy Bo\u017cym Grobie do 22.00<\/p>\n\n\n\n<p><strong><u>30.03 &#8211; Wielka Sobota &#8211; Wigilia Paschalna &#8211; \u015acinawa<\/u><\/strong><strong><\/strong><\/p>\n\n\n\n<p>&#8211;&nbsp; adoracja przy Bo\u017cym Grobie 9.00 do 20.00<\/p>\n\n\n\n<p>&#8211; Koronka do Bo\u017cego Mi\u0142osierdzia i II dzie\u0144 Nowenny o <strong>19.30<\/strong><\/p>\n\n\n\n<p>&#8211; 20.00 &#8211; Liturgia Wigilii Paschalnej<\/p>\n\n\n\n<p>&nbsp;&nbsp;&nbsp;&nbsp;&nbsp;&nbsp;&nbsp;&nbsp;&nbsp; &#8211; po\u015bwi\u0119cenie ognia i pascha\u0142u<\/p>\n\n\n\n<p>&nbsp;&nbsp;&nbsp;&nbsp;&nbsp;&nbsp;&nbsp;&nbsp;&nbsp; &#8211; odnowienie przyrzecze\u0144 chrzcielnych (przynosimy ze sob\u0105 \u015bwiece)<\/p>\n\n\n\n<p>&nbsp;&nbsp;&nbsp;&nbsp;&nbsp;&nbsp;&nbsp;&nbsp;&nbsp; &#8211; procesja rezurekcyjna<\/p>\n\n\n\n<p><strong>Po\u015bwi\u0119cenie pokarm\u00f3w &#8211; Wielka Sobota<\/strong><\/p>\n\n\n\n<p><strong><u>\u015acinawa<\/u><\/strong>: 9.00; 9.30; 10.00; 10.30; 11.00; 11,30; 12.00.<\/p>\n\n\n\n<p><strong><u>Wiosk<\/u><\/strong>i:<\/p>\n\n\n\n<p>&#8211;&nbsp;&nbsp; 9.00 \u2013 Lasowice<\/p>\n\n\n\n<p>&#8211;&nbsp;&nbsp; 9.15 \u2013 D\u0119biec<\/p>\n\n\n\n<p>&#8211;&nbsp;&nbsp; 9.30 \u2013 Tur\u00f3w<\/p>\n\n\n\n<p>&#8211;&nbsp;&nbsp; 9.45 \u2013 Krzy\u017cowa<\/p>\n\n\n\n<p>&#8211; 10.00 \u2013 Sitno<\/p>\n\n\n\n<p>&#8211; 10.15 \u2013 R\u0119sz\u00f3w<\/p>\n\n\n\n<p><strong><em>Ofiary z po\u015bwiecenia pokarm\u00f3w przeznaczone s\u0105 na ja\u0142mu\u017cn\u0119 wielkopostn\u0105 <\/em><\/strong><strong><em><\/em><\/strong><\/p>\n\n\n\n<p><strong><u>31.03 &#8211; Niedziela Zmartwychwstania<\/u><\/strong><\/p>\n\n\n\n<p>Porz\u0105dek Mszy \u015bw.: <strong>7<sup>00<\/sup>, 11<sup>00<\/sup><\/strong>; <strong>12<sup>30 <\/sup><\/strong>i <strong>18<sup>00<\/sup><\/strong> w \u015acinawie, <strong>9<sup>30<\/sup><\/strong> \u2013 w R\u0119szowie.<\/p>\n\n\n\n<p><strong><em>&#8211; adoracja Naj\u015bwi\u0119tszego Sakramentu o godz. 17.00<\/em><\/strong><strong><em><\/em><\/strong><\/p>\n\n\n\n<p><strong><em>&#8211; Koronka do Bo\u017cego Mi\u0142osierdzia&nbsp; i Nowenna o 17.30<\/em><\/strong><strong><em><\/em><\/strong><\/p>\n\n\n\n<p><strong><u>01.04 &#8211; Poniedzia\u0142ek Wielkanocny<\/u><\/strong><\/p>\n\n\n\n<p>&nbsp; Porz\u0105dek Mszy \u015bw. niedzielny: <strong>8<sup>00; <\/sup>9<sup>30<\/sup>, 11<sup>00<\/sup><\/strong>; <strong>12<sup>30 <\/sup><\/strong>i <strong>18<sup>00<\/sup><\/strong> w \u015acinawie, <strong>9<sup>30<\/sup><\/strong> \u2013 w R\u0119szowie.<\/p>\n\n\n\n<p>Taca w drugi dzie\u0144 \u015bwi\u0105t przeznaczona jest na uczelnie katolickie<\/p>\n\n\n\n<p><strong><em>&#8211; adoracja Naj\u015bwi\u0119tszego Sakramentu o godz. 17.00<\/em><\/strong><strong><em><\/em><\/strong><\/p>\n\n\n\n<p><strong><em>&#8211; Koronka do Bo\u017cego Mi\u0142osierdzia&nbsp; i Nowenna o 17.30<\/em><\/strong><strong><em><\/em><\/strong><\/p>\n\n\n\n<p><em>\u017byczymy mi\u0142ego tygodnia i obfitych \u0142ask Bo\u017cych.<\/em><\/p>\n","protected":false},"excerpt":{"rendered":"<p>1. Dzi\u015b prze\u017cywamy 6 Niedziel\u0119 Wielkiego Postu czyli Niedziel\u0119 Palmow\u0105. Msze \u015bw. wed\u0142ug porz\u0105dku niedzielnego.&nbsp; W czasie ka\u017cdej Mszy \u015bw. po\u015bwi\u0119cenie palm. 2. Msze \u015bw. w tygodniu&nbsp; o 700 i 1800.&nbsp; 3. Codziennie adoracja Naj\u015bwi\u0119tszego Sakramentu o godz. 1700. 4. W poniedzia\u0142ek o&nbsp; 1730 nabo\u017ce\u0144stwo do Bo\u017cego Mi\u0142osierdzia. (Na stoliku&#8230; <a class=\"continue-reading-link\" href=\"http:\/\/parafia.scinawa.info\/index.php\/2024\/03\/23\/ogloszenia-duszpasterskie-6-niedziela-wielkiego-postu-24-03-2024\/\">Czytaj dalej <span class=\"meta-nav\">&rarr; <\/span><\/a><\/p>\n","protected":false},"author":2,"featured_media":0,"comment_status":"closed","ping_status":"closed","sticky":false,"template":"","format":"standard","meta":{"footnotes":""},"categories":[40],"tags":[],"class_list":["post-2612","post","type-post","status-publish","format-standard","hentry","category-ogloszenia-duszpasterskie"],"_links":{"self":[{"href":"http:\/\/parafia.scinawa.info\/index.php\/wp-json\/wp\/v2\/posts\/2612","targetHints":{"allow":["GET"]}}],"collection":[{"href":"http:\/\/parafia.scinawa.info\/index.php\/wp-json\/wp\/v2\/posts"}],"about":[{"href":"http:\/\/parafia.scinawa.info\/index.php\/wp-json\/wp\/v2\/types\/post"}],"author":[{"embeddable":true,"href":"http:\/\/parafia.scinawa.info\/index.php\/wp-json\/wp\/v2\/users\/2"}],"replies":[{"embeddable":true,"href":"http:\/\/parafia.scinawa.info\/index.php\/wp-json\/wp\/v2\/comments?post=2612"}],"version-history":[{"count":1,"href":"http:\/\/parafia.scinawa.info\/index.php\/wp-json\/wp\/v2\/posts\/2612\/revisions"}],"predecessor-version":[{"id":2613,"href":"http:\/\/parafia.scinawa.info\/index.php\/wp-json\/wp\/v2\/posts\/2612\/revisions\/2613"}],"wp:attachment":[{"href":"http:\/\/parafia.scinawa.info\/index.php\/wp-json\/wp\/v2\/media?parent=2612"}],"wp:term":[{"taxonomy":"category","embeddable":true,"href":"http:\/\/parafia.scinawa.info\/index.php\/wp-json\/wp\/v2\/categories?post=2612"},{"taxonomy":"post_tag","embeddable":true,"href":"http:\/\/parafia.scinawa.info\/index.php\/wp-json\/wp\/v2\/tags?post=2612"}],"curies":[{"name":"wp","href":"https:\/\/api.w.org\/{rel}","templated":true}]}}