{"id":2618,"date":"2024-03-30T15:18:28","date_gmt":"2024-03-30T14:18:28","guid":{"rendered":"http:\/\/parafia.scinawa.info\/?p=2618"},"modified":"2024-03-30T15:18:28","modified_gmt":"2024-03-30T14:18:28","slug":"ogloszenia-duszpasterskie-1-niedziela-wielkanocna-31-03-2024","status":"publish","type":"post","link":"http:\/\/parafia.scinawa.info\/index.php\/2024\/03\/30\/ogloszenia-duszpasterskie-1-niedziela-wielkanocna-31-03-2024\/","title":{"rendered":"Og\u0142oszenia duszpasterskie &#8211; 1 Niedziela Wielkanocna \u2013 31.03. 2024"},"content":{"rendered":"\n<p><strong><u>1<\/u><\/strong><strong>. <\/strong>Dzi\u015b prze\u017cywamy Niedziel\u0119 Zmartwychwstania Pa\u0144skiego. Msze \u015bw. wg nast\u0119puj\u0105cego porz\u0105dku:<strong><em> \u015acinawa: 7.00, 11.00, 12.30, 18.00, R\u0119sz\u00f3w: 9.30<\/em><\/strong><\/p>\n\n\n\n<p><strong><u>2.<\/u><\/strong><strong> <\/strong>Jutro &#8211; Poniedzia\u0142ek Wielkanocny &#8211; drugi dzie\u0144 \u015bwi\u0105t. Msze \u015bw. wed\u0142ug porz\u0105dku niedzielnego, czyli:<strong> <em>\u015acinawa:<\/em><\/strong>&nbsp; <strong><em>8.00, 9.30, 11.00, 12.30, 18.00, R\u0119sz\u00f3w: 9.30. <\/em><\/strong>Taca w drugi dzie\u0144 \u015bwi\u0105t przeznaczona jest na uczelnie katolickie<strong><\/strong><\/p>\n\n\n\n<p><strong><u>3<\/u><\/strong><strong>.<\/strong> Msze \u015bw. od wtorku&nbsp; o <strong>7<sup>00<\/sup><\/strong> i <strong>18<sup>00<\/sup><\/strong>.&nbsp;<\/p>\n\n\n\n<p><strong><u>4<\/u><\/strong><strong>. <\/strong>Codziennie adoracja Naj\u015bwi\u0119tszego Sakramentu o godz. <strong>17<sup>00<\/sup>, a Nowenna z <\/strong><strong><em>Koronk\u0105 do Bo\u017cego Mi\u0142osierdzia o <\/em><\/strong><strong>17<sup>30<\/sup><\/strong><\/p>\n\n\n\n<p><strong><u>5<\/u><\/strong><strong>.<\/strong> Przez ca\u0142y tydzie\u0144 do przysz\u0142ej niedzieli prze\u017cywamy Oktaw\u0119 Zmartwychwstania Pa\u0144skiego.<\/p>\n\n\n\n<p><strong><u>6.<\/u><\/strong> W tym tygodniu obchodzimy I czwartek, I pi\u0105tek i I sobot\u0119 miesi\u0105ca.<\/p>\n\n\n\n<p><strong><u>7<\/u><\/strong><strong>.<\/strong> W I sobot\u0119 miesi\u0105ca o godz. <strong>17<sup>00<\/sup><\/strong> <strong><em><u>nabo\u017ce\u0144stwo fatimskie I soboty<\/u><\/em><\/strong><strong><u><\/u><\/strong><\/p>\n\n\n\n<p><strong><u>8<\/u><\/strong><strong>. <\/strong>W przysz\u0142\u0105 niedziel\u0119 obchodzimy uroczysto\u015b\u0107<strong> Bo\u017cego Mi\u0142osierdzia. <\/strong>Msze \u015bw. wed\u0142ug porz\u0105dku niedzielnego. Uroczyste Nabo\u017ce\u0144stwo do Bo\u017cego Mi\u0142osierdzia w niedziel\u0119 o godz. <strong>15.00.<\/strong> (Na stoliku pod ch\u00f3rem znajduj\u0105 si\u0119 kartki, na kt\u00f3rych mo\u017cna wypisywa\u0107 pro\u015bby i podzi\u0119kowania, kt\u00f3re b\u0119dziemy poleca\u0107 Bo\u017cemu Mi\u0142osierdziu)<strong>.<\/strong><strong> <\/strong>Niedziel\u0105 Mi\u0142osierdzia rozpoczynamy&nbsp; Tydzie\u0144 Mi\u0142osierdzia. <strong><u><\/u><\/strong><\/p>\n\n\n\n<p><strong><u>9<\/u><\/strong><strong>.<\/strong> Kancelaria czynna codziennie po Mszy \u015bw. wieczornej z wyj\u0105tkiem niedziel i \u015bwi\u0105t.<\/p>\n\n\n\n<p><strong><u>10<\/u><\/strong><strong>.<\/strong> Do nabycia jest prasa katolicka: Niedziela, Go\u015b\u0107 Niedzielny Ma\u0142y Go\u015b\u0107 Niedzielny i R\u00f3\u017caniec.<\/p>\n\n\n\n<p><strong><u>11<\/u><\/strong><strong>.<\/strong> Dzi\u0119kuj\u0119 wszystkim, kt\u00f3rzy w tym tygodniu sprz\u0105tali \u015bwi\u0105tyni\u0119 i przygotowali j\u0105 na nasze spotkanie eucharystyczne.<\/p>\n\n\n\n<p><strong><u>12<\/u><\/strong><strong>.<\/strong> Serdeczne B\u00f3g zap\u0142a\u0107 za ofiary sk\u0142adane na remonty w naszej parafii.<\/p>\n\n\n\n<p><strong><u>13<\/u><\/strong><strong>.<\/strong> Intencje mszalne, kalendarze parafialne.<\/p>\n\n\n\n<p><em>\u017byczymy mi\u0142ego tygodnia i obfitych \u0142ask Bo\u017cych.<\/em><\/p>\n","protected":false},"excerpt":{"rendered":"<p>1. Dzi\u015b prze\u017cywamy Niedziel\u0119 Zmartwychwstania Pa\u0144skiego. Msze \u015bw. wg nast\u0119puj\u0105cego porz\u0105dku: \u015acinawa: 7.00, 11.00, 12.30, 18.00, R\u0119sz\u00f3w: 9.30 2. Jutro &#8211; Poniedzia\u0142ek Wielkanocny &#8211; drugi dzie\u0144 \u015bwi\u0105t. Msze \u015bw. wed\u0142ug porz\u0105dku niedzielnego, czyli: \u015acinawa:&nbsp; 8.00, 9.30, 11.00, 12.30, 18.00, R\u0119sz\u00f3w: 9.30. Taca w drugi dzie\u0144 \u015bwi\u0105t przeznaczona jest na uczelnie&#8230; <a class=\"continue-reading-link\" href=\"http:\/\/parafia.scinawa.info\/index.php\/2024\/03\/30\/ogloszenia-duszpasterskie-1-niedziela-wielkanocna-31-03-2024\/\">Czytaj dalej <span class=\"meta-nav\">&rarr; <\/span><\/a><\/p>\n","protected":false},"author":2,"featured_media":0,"comment_status":"closed","ping_status":"closed","sticky":false,"template":"","format":"standard","meta":{"footnotes":""},"categories":[40],"tags":[],"class_list":["post-2618","post","type-post","status-publish","format-standard","hentry","category-ogloszenia-duszpasterskie"],"_links":{"self":[{"href":"http:\/\/parafia.scinawa.info\/index.php\/wp-json\/wp\/v2\/posts\/2618","targetHints":{"allow":["GET"]}}],"collection":[{"href":"http:\/\/parafia.scinawa.info\/index.php\/wp-json\/wp\/v2\/posts"}],"about":[{"href":"http:\/\/parafia.scinawa.info\/index.php\/wp-json\/wp\/v2\/types\/post"}],"author":[{"embeddable":true,"href":"http:\/\/parafia.scinawa.info\/index.php\/wp-json\/wp\/v2\/users\/2"}],"replies":[{"embeddable":true,"href":"http:\/\/parafia.scinawa.info\/index.php\/wp-json\/wp\/v2\/comments?post=2618"}],"version-history":[{"count":1,"href":"http:\/\/parafia.scinawa.info\/index.php\/wp-json\/wp\/v2\/posts\/2618\/revisions"}],"predecessor-version":[{"id":2619,"href":"http:\/\/parafia.scinawa.info\/index.php\/wp-json\/wp\/v2\/posts\/2618\/revisions\/2619"}],"wp:attachment":[{"href":"http:\/\/parafia.scinawa.info\/index.php\/wp-json\/wp\/v2\/media?parent=2618"}],"wp:term":[{"taxonomy":"category","embeddable":true,"href":"http:\/\/parafia.scinawa.info\/index.php\/wp-json\/wp\/v2\/categories?post=2618"},{"taxonomy":"post_tag","embeddable":true,"href":"http:\/\/parafia.scinawa.info\/index.php\/wp-json\/wp\/v2\/tags?post=2618"}],"curies":[{"name":"wp","href":"https:\/\/api.w.org\/{rel}","templated":true}]}}