{"id":2620,"date":"2024-04-06T16:24:48","date_gmt":"2024-04-06T14:24:48","guid":{"rendered":"http:\/\/parafia.scinawa.info\/?p=2620"},"modified":"2024-04-06T16:24:48","modified_gmt":"2024-04-06T14:24:48","slug":"ogloszenia-duszpasterskie-2-niedziela-wielkanocna-07-04-2024","status":"publish","type":"post","link":"http:\/\/parafia.scinawa.info\/index.php\/2024\/04\/06\/ogloszenia-duszpasterskie-2-niedziela-wielkanocna-07-04-2024\/","title":{"rendered":"Og\u0142oszenia duszpasterskie &#8211; 2 Niedziela Wielkanocna \u2013 07.04. 2024"},"content":{"rendered":"\n<p><strong>1.<\/strong> Dzi\u015b prze\u017cywamy 2 Niedziel\u0119 Wielkanocn\u0105, czyli Niedziel\u0119 Bo\u017cego Mi\u0142osierdzia. Msze \u015bw. wed\u0142ug porz\u0105dku niedzielnego. Zmiana tajemnic \u017bywego R\u00f3\u017ca\u0144ca o <strong>10<sup>30<\/sup>.<\/strong><\/p>\n\n\n\n<p><strong><u>2<\/u><\/strong><strong>.<\/strong>Uroczyste Nabo\u017ce\u0144stwo do Bo\u017cego Mi\u0142osierdzia o godz. <strong>15<sup>00<\/sup><\/strong>. <strong><em><u>Niedziel\u0105 Mi\u0142osierdzia<\/u><\/em><\/strong> rozpoczynamy Tydzie\u0144 Mi\u0142osierdzia.<\/p>\n\n\n\n<p><strong><em>Dar odpustu: <u>Odpust zupe\u0142ny<\/u><\/em><\/strong> na zwyk\u0142ych warunkach za udzia\u0142 w jakimkolwiek ko\u015bciele lub kaplicy w pobo\u017cnych praktykach ku czci Bo\u017cego Mi\u0142osierdzia albo przynajmniej odm\u00f3wienie przed N. Sakramentem (wystawionym lub w tabernakulum) \u201eOjcze nasz\u201d i &#8222;Wierz\u0119&#8221; z dodaniem pobo\u017cnego wezwania do Pana Jezusa Mi\u0142osiernego (np. \u201eJezu Mi\u0142osierny, ufam Tobie\u201d), zob. WO s. 89-94 (PA tab. n. 116\/01\/I z 2002 r.). Przypominamy, \u017ce na <strong><em><u>terytorium Polski jest codzienna mo\u017cliwo\u015b\u0107 uzyskania odpustu zupe\u0142nego<\/u><\/em><\/strong> za pobo\u017cne odm\u00f3wienie koronki do Bo\u017cego Mi\u0142osierdzia w ko\u015bciele lub kaplicy przed N. Sakramentem (wystawionym lub w tabernakulum), zob. WO nad. odp. zup. dla Polski, prot. n. 4\/02\/I, s. 100.<strong><em><\/em><\/strong><\/p>\n\n\n\n<p><strong><u>3<\/u><\/strong><strong>.<\/strong> Msze \u015bw. w tygodniu&nbsp; o <strong>7<sup>00<\/sup><\/strong> i <strong>18<sup>00<\/sup><\/strong>.&nbsp;<\/p>\n\n\n\n<p><strong><u>4<\/u><\/strong><strong>. <\/strong>Codziennie spowied\u017a i adoracja Naj\u015bwi\u0119tszego Sakramentu o godz. <strong>17<sup>00<\/sup>.<\/strong><\/p>\n\n\n\n<p><strong><u>5. <\/u><\/strong><strong>W tym tygodniu nabo\u017ce\u0144stwa:<\/strong><\/p>\n\n\n\n<p><strong>&#8211; <u>w poniedzia\u0142ek<\/u>&nbsp; &nbsp;&nbsp;&nbsp; &#8211; <\/strong>nabo\u017ce\u0144stwo<strong> <em>do Bo\u017cego Mi\u0142osierdzia<\/em> <\/strong>o godz. <strong>17<sup>30<\/sup><\/strong><\/p>\n\n\n\n<p><strong>&#8211;<\/strong> <strong><u>w \u015brod\u0119<\/u><\/strong> &nbsp;&nbsp;&nbsp;&nbsp;&nbsp;&nbsp;&nbsp;&nbsp;&nbsp;&nbsp;&nbsp;&nbsp;&nbsp;&nbsp;&nbsp;&nbsp;&nbsp; <strong>&#8211; <\/strong>Nowenna do <strong><em>NMP Nieustaj\u0105cej Pomocy<\/em><\/strong> o godz. <strong>17<sup>30<\/sup><\/strong><\/p>\n\n\n\n<p><strong><u>6<\/u><\/strong><strong>. <\/strong>W przysz\u0142\u0105 niedziel\u0119 obchodzimy 3 Niedziel\u0119 Wielkanocn\u0105 i zarazem rozpoczniemy Tydzie\u0144 Biblijny<strong>. <\/strong>Msze \u015bw. wed\u0142ug porz\u0105dku niedzielnego. <strong><u><\/u><\/strong><\/p>\n\n\n\n<p><strong><u>7.<\/u><\/strong> <strong><em><u>Pr\u00f3by dzieci<\/u><\/em><\/strong> przygotowuj\u0105cych si\u0119 do Pierwszej Komunii \u015bw.we wtorek i w \u015brod\u0119o godz. <strong>15<sup>30<\/sup><\/strong>.<\/p>\n\n\n\n<p><strong><u>8<\/u><\/strong><strong>.<\/strong> Kancelaria czynna codziennie po Mszy \u015bw. wieczornej z wyj\u0105tkiem niedziel i \u015bwi\u0105t.<\/p>\n\n\n\n<p><strong><u>9<\/u><\/strong><strong>.<\/strong> Do nabycia jest prasa katolicka: Niedziela, Go\u015b\u0107 Niedzielny, Ma\u0142y Go\u015b\u0107 Niedzielny i R\u00f3\u017caniec.<\/p>\n\n\n\n<p><strong><u>10<\/u><\/strong><strong>.<\/strong> Dzi\u0119kuj\u0119 wszystkim, kt\u00f3rzy w tym tygodniu sprz\u0105tali \u015bwi\u0105tyni\u0119 i przygotowali j\u0105 na nasze spotkanie eucharystyczne.<\/p>\n\n\n\n<p><strong><u>11<\/u><\/strong><strong>.<\/strong> Serdeczne B\u00f3g zap\u0142a\u0107 za ofiary sk\u0142adane na remonty w naszej parafii.<\/p>\n\n\n\n<p><strong><u>12<\/u><\/strong><strong>.<\/strong> Intencje mszalne \u2013 obrazki<\/p>\n\n\n\n<p><strong><u>13<\/u><\/strong><strong>.<\/strong> Spotkanie dla kandydat\u00f3w do bierzmowania z klas 7 i 8 odb\u0119dzie si\u0119 w czwartek (11.04.2024r.) o godzinie 19.00 w ko\u015bciele.<\/p>\n\n\n\n<p><strong><u>14<\/u><\/strong><strong>.<\/strong> S\u0105 jeszcze wolne miejsca na wyjazd do Legnicy na dzie\u0144 wsp\u00f3lnoty kandydat\u00f3w do bierzmowania. Zapraszamy do wzi\u0119cia udzia\u0142u uczni\u00f3w z klas 6-8. Zapisy u ksi\u0119dza Tomasza.<\/p>\n\n\n\n<p><strong><u>15<\/u><\/strong><strong>.<\/strong> Zach\u0119camy ch\u0142opc\u00f3w do wst\u0119powania w szeregi s\u0142u\u017cby liturgicznej.<\/p>\n\n\n\n<p><em>\u017byczymy mi\u0142ego tygodnia i obfitych \u0142ask Bo\u017cych.<\/em><\/p>\n","protected":false},"excerpt":{"rendered":"<p>1. Dzi\u015b prze\u017cywamy 2 Niedziel\u0119 Wielkanocn\u0105, czyli Niedziel\u0119 Bo\u017cego Mi\u0142osierdzia. Msze \u015bw. wed\u0142ug porz\u0105dku niedzielnego. Zmiana tajemnic \u017bywego R\u00f3\u017ca\u0144ca o 1030. 2.Uroczyste Nabo\u017ce\u0144stwo do Bo\u017cego Mi\u0142osierdzia o godz. 1500. Niedziel\u0105 Mi\u0142osierdzia rozpoczynamy Tydzie\u0144 Mi\u0142osierdzia. Dar odpustu: Odpust zupe\u0142ny na zwyk\u0142ych warunkach za udzia\u0142 w jakimkolwiek ko\u015bciele lub kaplicy w pobo\u017cnych&#8230; <a class=\"continue-reading-link\" href=\"http:\/\/parafia.scinawa.info\/index.php\/2024\/04\/06\/ogloszenia-duszpasterskie-2-niedziela-wielkanocna-07-04-2024\/\">Czytaj dalej <span class=\"meta-nav\">&rarr; <\/span><\/a><\/p>\n","protected":false},"author":2,"featured_media":0,"comment_status":"closed","ping_status":"closed","sticky":false,"template":"","format":"standard","meta":{"footnotes":""},"categories":[40],"tags":[],"class_list":["post-2620","post","type-post","status-publish","format-standard","hentry","category-ogloszenia-duszpasterskie"],"_links":{"self":[{"href":"http:\/\/parafia.scinawa.info\/index.php\/wp-json\/wp\/v2\/posts\/2620","targetHints":{"allow":["GET"]}}],"collection":[{"href":"http:\/\/parafia.scinawa.info\/index.php\/wp-json\/wp\/v2\/posts"}],"about":[{"href":"http:\/\/parafia.scinawa.info\/index.php\/wp-json\/wp\/v2\/types\/post"}],"author":[{"embeddable":true,"href":"http:\/\/parafia.scinawa.info\/index.php\/wp-json\/wp\/v2\/users\/2"}],"replies":[{"embeddable":true,"href":"http:\/\/parafia.scinawa.info\/index.php\/wp-json\/wp\/v2\/comments?post=2620"}],"version-history":[{"count":1,"href":"http:\/\/parafia.scinawa.info\/index.php\/wp-json\/wp\/v2\/posts\/2620\/revisions"}],"predecessor-version":[{"id":2621,"href":"http:\/\/parafia.scinawa.info\/index.php\/wp-json\/wp\/v2\/posts\/2620\/revisions\/2621"}],"wp:attachment":[{"href":"http:\/\/parafia.scinawa.info\/index.php\/wp-json\/wp\/v2\/media?parent=2620"}],"wp:term":[{"taxonomy":"category","embeddable":true,"href":"http:\/\/parafia.scinawa.info\/index.php\/wp-json\/wp\/v2\/categories?post=2620"},{"taxonomy":"post_tag","embeddable":true,"href":"http:\/\/parafia.scinawa.info\/index.php\/wp-json\/wp\/v2\/tags?post=2620"}],"curies":[{"name":"wp","href":"https:\/\/api.w.org\/{rel}","templated":true}]}}