{"id":2650,"date":"2024-05-18T13:06:54","date_gmt":"2024-05-18T11:06:54","guid":{"rendered":"http:\/\/parafia.scinawa.info\/?p=2650"},"modified":"2024-05-18T13:06:54","modified_gmt":"2024-05-18T11:06:54","slug":"ogloszenia-duszpasterskie-uroczystosc-zeslania-ducha-swietego-19-05-2024","status":"publish","type":"post","link":"http:\/\/parafia.scinawa.info\/index.php\/2024\/05\/18\/ogloszenia-duszpasterskie-uroczystosc-zeslania-ducha-swietego-19-05-2024\/","title":{"rendered":"Og\u0142oszenia duszpasterskie &#8211; Uroczysto\u015b\u0107 Zes\u0142ania Ducha \u015awi\u0119tego \u2013 19.05. 2024"},"content":{"rendered":"\n<p><strong>1.<\/strong> Dzi\u015b prze\u017cywamy Uroczysto\u015b\u0107 Zes\u0142ania Ducha \u015awi\u0119tego. <strong><u>Porz\u0105dek <\/u><\/strong><strong><u>Mszy \u015bw.&nbsp; z racji I Komunii \u015bw. jest nast\u0119puj\u0105cy<\/u><\/strong>:<\/p>\n\n\n\n<p><strong>&#8211; dla wszystkich &#8211; 8<sup>00<\/sup><\/strong>, <strong>9<sup>30<\/sup><\/strong> i <strong>18<sup>00<\/sup>, R\u0119sz\u00f3w &#8211; 9<sup>30<\/sup><\/strong><\/p>\n\n\n\n<p><strong>&#8211; dla rodzin i dzieci I komunijnych: 11<sup>00<\/sup><\/strong><\/p>\n\n\n\n<p><strong><u>2<\/u><\/strong><strong>.<\/strong> Msze \u015bw. w tygodniu&nbsp; o <strong>7<sup>00<\/sup><\/strong> i <strong>18<sup>00<\/sup><\/strong>.<\/p>\n\n\n\n<p><strong><u>3<\/u><\/strong><strong>. <\/strong>Codziennie spowied\u017a i adoracja Naj\u015bwi\u0119tszego Sakramentu o godz. <strong>17<sup>00<\/sup>, <\/strong>a nabo\u017ce\u0144stwa majowe o <strong>17<sup>30<\/sup>.<\/strong><\/p>\n\n\n\n<p><strong><u>4. <\/u><\/strong><strong>W tym tygodniu modlitwy z nabo\u017ce\u0144stw:<\/strong><\/p>\n\n\n\n<p><strong>&#8211;<\/strong> <strong><u>w niedziel\u0119<\/u><\/strong> &nbsp;&nbsp;&nbsp;&nbsp;&nbsp;&nbsp;&nbsp;&nbsp; <strong>&#8211; <\/strong>nabo\u017ce\u0144stwo<strong> <em>do \u015bw. J\u00f3zefa<\/em> <\/strong>o godz. <strong>17<sup>30<\/sup><\/strong><\/p>\n\n\n\n<p><strong>&#8211; <u>w poniedzia\u0142ek<\/u>&nbsp; &nbsp; &#8211; <\/strong>nabo\u017ce\u0144stwo<strong> <em>do Bo\u017cego Mi\u0142osierdzia<\/em> <\/strong>o godz. <strong>17<sup>30<\/sup><\/strong><\/p>\n\n\n\n<p><strong>&#8211;<\/strong> <strong><u>w \u015brod\u0119<\/u><\/strong> &nbsp;&nbsp;&nbsp;&nbsp;&nbsp;&nbsp;&nbsp;&nbsp;&nbsp;&nbsp;&nbsp;&nbsp;&nbsp; <strong>&#8211; <\/strong>Nowenna do <strong><em>NMP Nieustaj\u0105cej Pomocy<\/em><\/strong> &nbsp;i <strong><em>\u015bw. Rity<\/em><\/strong> o godz. <strong>17<sup>30<\/sup><\/strong><\/p>\n\n\n\n<p><strong>&#8211;<\/strong> <strong><u>w czwartek<\/u><\/strong> &nbsp;&nbsp;&nbsp;&nbsp;&nbsp;&nbsp;&nbsp;&nbsp; <strong>&#8211; <\/strong>nabo\u017ce\u0144stwo<strong> <em>do \u015bw. Ojca Pio<\/em> <\/strong>o godz. <strong>17<sup>30<\/sup><\/strong><\/p>\n\n\n\n<p><strong><u>5.<\/u><\/strong><strong> <\/strong>W tym tygodniu obchodzimy:<strong><\/strong><\/p>\n\n\n\n<p>&#8211; <strong><u>w poniedzia\u0142ek<\/u><\/strong> &#8211; drugi dzie\u0144 Zielonych \u015awi\u0105t \u2013 NMP Matki Ko\u015bcio\u0142a.<\/p>\n\n\n\n<p>&#8211; <strong><u>w&nbsp; czwartek<\/u><\/strong><strong> &nbsp;<\/strong>\u2013 \u015bwi\u0119to Jezusa Chrystusa, Najwy\u017cszego i Wiecznego Kap\u0142ana<\/p>\n\n\n\n<p><strong>&#8211; <\/strong><strong><u>w pi\u0105tek<\/u><\/strong><strong> \u2013 <\/strong>wspomnienie NMP Wspomo\u017cycielki Wiernych<\/p>\n\n\n\n<p><strong><u>6<\/u><\/strong><strong>. <\/strong>W przysz\u0142\u0105 niedziel\u0119 obchodzimy <strong>Uroczysto\u015b\u0107 Tr\u00f3jcy Przenaj\u015bwi\u0119tszej.<\/strong> Msze \u015bw. wed\u0142ug porz\u0105dku niedzielnego. Na Mszy o <strong>12<sup>30<\/sup> Rocznica I Komunii \u015bwi\u0119tej.<\/strong><\/p>\n\n\n\n<p><strong><u>7.<\/u><\/strong> <strong><em><u>Pr\u00f3by dzieci<\/u><\/em><\/strong> do Rocznicy I Komunii \u015bw.we wtorek i w czwarteko godz. <strong>15<sup>30<\/sup><\/strong>. &nbsp;<strong><u><\/u><\/strong><\/p>\n\n\n\n<p><strong><u>8<\/u><\/strong><strong>.<\/strong> W sobot\u0119 o godz. <strong>16<sup>30<\/sup><\/strong> spowied\u017a dzieci do <strong><em>Rocznicy I Komunii \u015bw. i ich rodzin<\/em><\/strong>.<\/p>\n\n\n\n<p><strong><u>9<\/u><\/strong><strong>.<\/strong> Kancelaria czynna codziennie po Mszy \u015bw. wieczornej z wyj\u0105tkiem niedziel i \u015bwi\u0105t.<\/p>\n\n\n\n<p><strong><u>10<\/u><\/strong><strong>.<\/strong> Do nabycia jest prasa katolicka: Niedziela, Go\u015b\u0107 Niedzielny, Ma\u0142y Go\u015b\u0107 Niedzielny i R\u00f3\u017caniec.<\/p>\n\n\n\n<p><strong><u>11<\/u><\/strong><strong>.<\/strong> Dzi\u0119kuj\u0119 wszystkim, kt\u00f3rzy w tym tygodniu sprz\u0105tali \u015bwi\u0105tyni\u0119 i przygotowali j\u0105 na nasze spotkanie eucharystyczne.<\/p>\n\n\n\n<p><strong><u>12<\/u><\/strong><strong>.<\/strong> Serdeczne B\u00f3g zap\u0142a\u0107 za ofiary sk\u0142adane na remonty w naszej parafii.<\/p>\n\n\n\n<p><strong><u>13<\/u><\/strong><strong>.<\/strong> Intencje mszalne \u2013 obrazki<\/p>\n\n\n\n<p><strong><u>14<\/u><\/strong><strong>.<\/strong> Ofiary na kwiaty do o\u0142tarzy na Bo\u017ce Cia\u0142o mo\u017cna sk\u0142ada\u0107 do skarbony pod ambon\u0105.<\/p>\n\n\n\n<p><strong>15.<\/strong> Prosimy tak\u017ce o zg\u0142aszanie si\u0119 stra\u017cak\u00f3w i g\u00f3rnik\u00f3w do niesienia Baldachimu na Bo\u017ce Cia\u0142o.<\/p>\n\n\n\n<p>                            <em>\u017byczymy mi\u0142ego tygodnia i obfitych \u0142ask Bo\u017cych.<\/em><\/p>\n","protected":false},"excerpt":{"rendered":"<p>1. Dzi\u015b prze\u017cywamy Uroczysto\u015b\u0107 Zes\u0142ania Ducha \u015awi\u0119tego. Porz\u0105dek Mszy \u015bw.&nbsp; z racji I Komunii \u015bw. jest nast\u0119puj\u0105cy: &#8211; dla wszystkich &#8211; 800, 930 i 1800, R\u0119sz\u00f3w &#8211; 930 &#8211; dla rodzin i dzieci I komunijnych: 1100 2. Msze \u015bw. w tygodniu&nbsp; o 700 i 1800. 3. Codziennie spowied\u017a i adoracja&#8230; <a class=\"continue-reading-link\" href=\"http:\/\/parafia.scinawa.info\/index.php\/2024\/05\/18\/ogloszenia-duszpasterskie-uroczystosc-zeslania-ducha-swietego-19-05-2024\/\">Czytaj dalej <span class=\"meta-nav\">&rarr; <\/span><\/a><\/p>\n","protected":false},"author":2,"featured_media":0,"comment_status":"closed","ping_status":"closed","sticky":false,"template":"","format":"standard","meta":{"footnotes":""},"categories":[40],"tags":[],"class_list":["post-2650","post","type-post","status-publish","format-standard","hentry","category-ogloszenia-duszpasterskie"],"_links":{"self":[{"href":"http:\/\/parafia.scinawa.info\/index.php\/wp-json\/wp\/v2\/posts\/2650","targetHints":{"allow":["GET"]}}],"collection":[{"href":"http:\/\/parafia.scinawa.info\/index.php\/wp-json\/wp\/v2\/posts"}],"about":[{"href":"http:\/\/parafia.scinawa.info\/index.php\/wp-json\/wp\/v2\/types\/post"}],"author":[{"embeddable":true,"href":"http:\/\/parafia.scinawa.info\/index.php\/wp-json\/wp\/v2\/users\/2"}],"replies":[{"embeddable":true,"href":"http:\/\/parafia.scinawa.info\/index.php\/wp-json\/wp\/v2\/comments?post=2650"}],"version-history":[{"count":1,"href":"http:\/\/parafia.scinawa.info\/index.php\/wp-json\/wp\/v2\/posts\/2650\/revisions"}],"predecessor-version":[{"id":2651,"href":"http:\/\/parafia.scinawa.info\/index.php\/wp-json\/wp\/v2\/posts\/2650\/revisions\/2651"}],"wp:attachment":[{"href":"http:\/\/parafia.scinawa.info\/index.php\/wp-json\/wp\/v2\/media?parent=2650"}],"wp:term":[{"taxonomy":"category","embeddable":true,"href":"http:\/\/parafia.scinawa.info\/index.php\/wp-json\/wp\/v2\/categories?post=2650"},{"taxonomy":"post_tag","embeddable":true,"href":"http:\/\/parafia.scinawa.info\/index.php\/wp-json\/wp\/v2\/tags?post=2650"}],"curies":[{"name":"wp","href":"https:\/\/api.w.org\/{rel}","templated":true}]}}