{"id":2663,"date":"2024-06-01T10:40:02","date_gmt":"2024-06-01T08:40:02","guid":{"rendered":"http:\/\/parafia.scinawa.info\/?p=2663"},"modified":"2024-06-01T10:40:02","modified_gmt":"2024-06-01T08:40:02","slug":"ogloszenia-duszpasterskie-9-niedziela-zwykla-02-06-2024","status":"publish","type":"post","link":"http:\/\/parafia.scinawa.info\/index.php\/2024\/06\/01\/ogloszenia-duszpasterskie-9-niedziela-zwykla-02-06-2024\/","title":{"rendered":"Og\u0142oszenia duszpasterskie &#8211; 9 Niedziela zwyk\u0142a \u2013 02.06. 2024"},"content":{"rendered":"\n<p><strong>1.<\/strong> Dzi\u015b prze\u017cywamy <a><strong>9 Niedziel\u0119 zwyk\u0142\u0105<\/strong><\/a><strong>.<\/strong> Msze \u015bw. wed\u0142ug porz\u0105dku niedzielnego. Zmiana tajemnic \u017bywego R\u00f3\u017ca\u0144ca o <strong>10<sup>30<\/sup>.<em><u> Oktawa Bo\u017cego Cia\u0142a do czwartku<\/u><\/em><\/strong>. Zapraszam dzieci do sypania kwiat\u00f3w, m\u0142odzie\u017c i starszych do uczestnictwa codziennie w procesji wok\u00f3\u0142 ko\u015bcio\u0142a po Mszy wieczornej. W czwartek na zako\u0144czenie Oktawy Bo\u017cego Cia\u0142a po\u015bwi\u0119cenie wiank\u00f3w i zi\u00f3\u0142.&nbsp;<\/p>\n\n\n\n<p><strong><u>2<\/u><\/strong><strong>.<\/strong> Msze \u015bw. w tygodniu&nbsp; o <strong>7<sup>00<\/sup><\/strong> i <strong>18<sup>00<\/sup><\/strong>.<\/p>\n\n\n\n<p><strong><u>3<\/u><\/strong><strong>. <\/strong>Codziennie spowied\u017a i adoracja Naj\u015bwi\u0119tszego Sakramentu o godz. <strong>17<sup>00<\/sup>, <\/strong>a nabo\u017ce\u0144stwa czerwcowe o <strong>17<sup>30<\/sup>.<\/strong><\/p>\n\n\n\n<p><strong><u>4. <\/u><\/strong><strong>W tym tygodniu modlitwy z nabo\u017ce\u0144stw:<\/strong><\/p>\n\n\n\n<p><strong>&#8211; <u>w poniedzia\u0142ek<\/u>&nbsp; &nbsp; &#8211; <\/strong>nabo\u017ce\u0144stwo<strong> <em>do Bo\u017cego Mi\u0142osierdzia<\/em> <\/strong>o godz. <strong>17<sup>30<\/sup><\/strong><\/p>\n\n\n\n<p><strong>&#8211;<\/strong> <strong><u>w \u015brod\u0119<\/u><\/strong> &nbsp;&nbsp;&nbsp;&nbsp;&nbsp;&nbsp;&nbsp;&nbsp;&nbsp;&nbsp;&nbsp;&nbsp;&nbsp; <strong>&#8211; <\/strong>Nowenna do <strong><em>NMP Nieustaj\u0105cej Pomocy<\/em><\/strong> &nbsp;o godz. <strong>17<sup>30<\/sup><\/strong><\/p>\n\n\n\n<p><strong><u>5.<\/u><\/strong><strong> <\/strong>W tym tygodniu obchodzimy:<strong><\/strong><\/p>\n\n\n\n<p>&#8211; <strong><u>w poniedzia\u0142ek<\/u> <\/strong>\u2013wspomnienie \u015bw. m\u0119czennik\u00f3w Karola Lwangi i Towarzyszy<\/p>\n\n\n\n<p>&#8211; <strong><u>w \u015brod\u0119<\/u> <\/strong>\u2013wspomnienie \u015bw. Bonifacego, biskupa i m\u0119czennika<\/p>\n\n\n\n<p>&#8211; <strong><u>w pi\u0105tek<\/u><\/strong>&nbsp;&nbsp;&nbsp;&nbsp; \u2013 uroczysto\u015b\u0107 NSP Jezusa.<\/p>\n\n\n\n<p>&#8211; <strong><u>w sobot\u0119<\/u><\/strong>&nbsp;&nbsp; \u2013 wspomnienie Niepokalanego Serca NMP<strong><u><\/u><\/strong><\/p>\n\n\n\n<p><strong><u>6.<\/u><\/strong> W tym tygodniu obchodzimy I czwartek i I pi\u0105tek miesi\u0105ca. <strong><em>Odwiedziny chorych w I pi\u0105tek miesi\u0105ca od godz. <\/em>8<sup>30<\/sup><\/strong><\/p>\n\n\n\n<p><strong><u>7<\/u><\/strong><strong>. <\/strong>W przysz\u0142\u0105 niedziel\u0119 obchodzimy <strong>10 Niedziel\u0119 zwyk\u0142\u0105.<\/strong> Msze \u015bw. wed\u0142ug porz\u0105dku niedzielnego.<strong><em> <\/em><\/strong>&nbsp;<strong><em>&nbsp;<\/em><\/strong><\/p>\n\n\n\n<p><strong><u>8<\/u><\/strong><strong>.<\/strong> Kancelaria czynna codziennie po Mszy \u015bw. wieczornej z wyj\u0105tkiem niedziel i uroczysto\u015bci.<\/p>\n\n\n\n<p><strong><u>9<\/u><\/strong><strong>.<\/strong> Do nabycia jest prasa katolicka: Niedziela, Go\u015b\u0107 Niedzielny i R\u00f3\u017caniec.<\/p>\n\n\n\n<p><strong><u>10<\/u><\/strong><strong>.<\/strong> Dzi\u0119kuj\u0119 wszystkim, kt\u00f3rzy w tym tygodniu sprz\u0105tali \u015bwi\u0105tyni\u0119 i przygotowali j\u0105 na nasze spotkanie eucharystyczne.<\/p>\n\n\n\n<p><strong><u>11<\/u><\/strong><strong>.<\/strong> Serdeczne B\u00f3g zap\u0142a\u0107 za ofiary sk\u0142adane na remonty w naszej parafii.<\/p>\n\n\n\n<p><strong><u>12<\/u><\/strong><strong>.<\/strong> Intencje mszalne<\/p>\n\n\n\n<p><strong><u>13<\/u><\/strong><strong>.<\/strong> <strong>7 czerwca 2024r. o godzinie 18<sup>00<\/sup><\/strong>, m\u0142odzie\u017c z naszej parafii i dekanatu przyjmie <strong><em><u>sakrament bierzmowania<\/u><\/em><\/strong>, kt\u00f3rego udzieli <strong>Ks. Bp Andrzej Siemieniewski<\/strong>.<\/p>\n\n\n\n<p><strong>14.<\/strong> Pr\u00f3by kandydat\u00f3w do bierzmowania odb\u0119d\u0105 si\u0119 w poniedzia\u0142ek i czwartek o godz. <strong>19<sup>00 <\/sup><\/strong>w ko\u015bciele.<\/p>\n\n\n\n<p><strong>15.<\/strong> W czwartek od godziny <strong>16<sup>30 <\/sup><\/strong>\u00a0spowied\u017a dla kandydat\u00f3w do bierzmowania i ich rodzin.<\/p>\n\n\n\n<p><em>\u017byczymy mi\u0142ego tygodnia i obfitych \u0142ask Bo\u017cych.<\/em><\/p>\n","protected":false},"excerpt":{"rendered":"<p>1. Dzi\u015b prze\u017cywamy 9 Niedziel\u0119 zwyk\u0142\u0105. Msze \u015bw. wed\u0142ug porz\u0105dku niedzielnego. Zmiana tajemnic \u017bywego R\u00f3\u017ca\u0144ca o 1030. Oktawa Bo\u017cego Cia\u0142a do czwartku. Zapraszam dzieci do sypania kwiat\u00f3w, m\u0142odzie\u017c i starszych do uczestnictwa codziennie w procesji wok\u00f3\u0142 ko\u015bcio\u0142a po Mszy wieczornej. W czwartek na zako\u0144czenie Oktawy Bo\u017cego Cia\u0142a po\u015bwi\u0119cenie wiank\u00f3w i&#8230; <a class=\"continue-reading-link\" href=\"http:\/\/parafia.scinawa.info\/index.php\/2024\/06\/01\/ogloszenia-duszpasterskie-9-niedziela-zwykla-02-06-2024\/\">Czytaj dalej <span class=\"meta-nav\">&rarr; <\/span><\/a><\/p>\n","protected":false},"author":2,"featured_media":0,"comment_status":"closed","ping_status":"closed","sticky":false,"template":"","format":"standard","meta":{"footnotes":""},"categories":[40],"tags":[],"class_list":["post-2663","post","type-post","status-publish","format-standard","hentry","category-ogloszenia-duszpasterskie"],"_links":{"self":[{"href":"http:\/\/parafia.scinawa.info\/index.php\/wp-json\/wp\/v2\/posts\/2663","targetHints":{"allow":["GET"]}}],"collection":[{"href":"http:\/\/parafia.scinawa.info\/index.php\/wp-json\/wp\/v2\/posts"}],"about":[{"href":"http:\/\/parafia.scinawa.info\/index.php\/wp-json\/wp\/v2\/types\/post"}],"author":[{"embeddable":true,"href":"http:\/\/parafia.scinawa.info\/index.php\/wp-json\/wp\/v2\/users\/2"}],"replies":[{"embeddable":true,"href":"http:\/\/parafia.scinawa.info\/index.php\/wp-json\/wp\/v2\/comments?post=2663"}],"version-history":[{"count":1,"href":"http:\/\/parafia.scinawa.info\/index.php\/wp-json\/wp\/v2\/posts\/2663\/revisions"}],"predecessor-version":[{"id":2664,"href":"http:\/\/parafia.scinawa.info\/index.php\/wp-json\/wp\/v2\/posts\/2663\/revisions\/2664"}],"wp:attachment":[{"href":"http:\/\/parafia.scinawa.info\/index.php\/wp-json\/wp\/v2\/media?parent=2663"}],"wp:term":[{"taxonomy":"category","embeddable":true,"href":"http:\/\/parafia.scinawa.info\/index.php\/wp-json\/wp\/v2\/categories?post=2663"},{"taxonomy":"post_tag","embeddable":true,"href":"http:\/\/parafia.scinawa.info\/index.php\/wp-json\/wp\/v2\/tags?post=2663"}],"curies":[{"name":"wp","href":"https:\/\/api.w.org\/{rel}","templated":true}]}}