{"id":2668,"date":"2024-06-08T13:00:10","date_gmt":"2024-06-08T11:00:10","guid":{"rendered":"http:\/\/parafia.scinawa.info\/?p=2668"},"modified":"2024-06-08T13:00:10","modified_gmt":"2024-06-08T11:00:10","slug":"ogloszenia-duszpasterskie-10-niedziela-zwykla-09-06-2024","status":"publish","type":"post","link":"http:\/\/parafia.scinawa.info\/index.php\/2024\/06\/08\/ogloszenia-duszpasterskie-10-niedziela-zwykla-09-06-2024\/","title":{"rendered":"Og\u0142oszenia duszpasterskie &#8211; 10 Niedziela zwyk\u0142a \u2013 09. 06. 2024"},"content":{"rendered":"\n<p><strong><u>1<\/u><\/strong><strong>.<\/strong> Dzi\u015b prze\u017cywamy <strong><em>10 Niedziel\u0119 zwyk\u0142\u0105. <\/em><\/strong><strong><em>&nbsp;<\/em><\/strong>Msze \u015bw. wed\u0142ug porz\u0105dku niedzielnego.<\/p>\n\n\n\n<p><strong><u>2<\/u><\/strong><strong>.<\/strong> Msze \u015bw. w tygodniu&nbsp; o <strong>7<sup>00<\/sup><\/strong> i <strong>18<sup>00<\/sup><\/strong>.<\/p>\n\n\n\n<p><strong><u>3<\/u><\/strong><strong>. <\/strong>Codziennie spowied\u017a i adoracja Naj\u015bwi\u0119tszego Sakramentu o godz. <strong>17<sup>00<\/sup>, <\/strong>a nabo\u017ce\u0144stwa czerwcowe o<strong> 17<sup>30<\/sup>.<\/strong><\/p>\n\n\n\n<p><strong><u>4. <\/u><\/strong><strong>W tym tygodniu nabo\u017ce\u0144stwa:<\/strong><\/p>\n\n\n\n<p><strong>&#8211; <u>w poniedzia\u0142ek<\/u>&nbsp; &nbsp;&nbsp;&nbsp;&nbsp;&nbsp;&nbsp;&nbsp;&nbsp; &#8211; <\/strong>nabo\u017ce\u0144stwo<strong> <em>do Bo\u017cego Mi\u0142osierdzia<\/em> <\/strong>o godz. <strong>17<sup>30<\/sup><\/strong><\/p>\n\n\n\n<p><strong>&#8211;<\/strong> <strong><u>w \u015brod\u0119<\/u><\/strong> &nbsp;&nbsp;&nbsp;&nbsp;&nbsp;&nbsp;&nbsp;&nbsp;&nbsp;&nbsp;&nbsp; &nbsp;&nbsp;&nbsp;&nbsp;&nbsp;&nbsp;&nbsp;&nbsp;&nbsp; <strong>&#8211; <\/strong>Nowenna do <strong><em>NMP Nieustaj\u0105cej Pomocy<\/em><\/strong> o godz. <strong>17<sup>30<\/sup><\/strong><\/p>\n\n\n\n<p><strong><u>5.<\/u><\/strong><strong> <\/strong>W tym tygodniu obchodzimy:<strong><\/strong><\/p>\n\n\n\n<p>&#8211; <strong><u>we wtorek<\/u> &nbsp;&nbsp;<\/strong>\u2013wspomnienie \u015bw. Barnaby, Aposto\u0142a<\/p>\n\n\n\n<p>&#8211; <strong><u>w czwartek<\/u> &nbsp;&nbsp;<\/strong>\u2013wspomnienie \u015bw. Antoniego z Padwy, prezbitera i doktora Ko\u015bcio\u0142a.<\/p>\n\n\n\n<p>13 czerwca &nbsp;<strong><em><u>po Mszy wieczornej&nbsp; kolejne nabo\u017ce\u0144stwo fatimskie<\/u><\/em><\/strong>.<\/p>\n\n\n\n<p>&#8211; <strong><u>w pi\u0105tek<\/u><\/strong> &nbsp;&nbsp;&nbsp;&nbsp;\u2013 wspomnienie b\u0142. Micha\u0142a Kozala, biskupa i m\u0119czennika<\/p>\n\n\n\n<p><strong><u>6<\/u><\/strong><strong>. <\/strong>W przysz\u0142\u0105 niedziel\u0119 b\u0119dziemy prze\u017cywa\u0107 <strong>11 Niedziel\u0119 zwyk\u0142\u0105<\/strong>. Msze \u015bw. wg porz\u0105dku niedzielnego.<\/p>\n\n\n\n<p><strong><u>7<\/u><\/strong><strong>.<\/strong> Kancelaria czynna codziennie po Mszy \u015bw. wieczornej z wyj\u0105tkiem niedziel, uroczysto\u015bci&nbsp; i \u015bwi\u0105t.<\/p>\n\n\n\n<p><strong><u>8<\/u><\/strong><strong>.<\/strong> Do nabycia jest prasa katolicka: Niedziela, Go\u015b\u0107 Niedzielny i R\u00f3\u017caniec.<\/p>\n\n\n\n<p><strong><u>9<\/u><\/strong><strong>.<\/strong> Dzi\u0119kuj\u0119 wszystkim, kt\u00f3rzy w tym tygodniu sprz\u0105tali \u015bwi\u0105tyni\u0119 i przygotowali j\u0105 na nasze spotkanie eucharystyczne.<\/p>\n\n\n\n<p><strong><u>10<\/u><\/strong><strong>.<\/strong> Serdeczne B\u00f3g zap\u0142a\u0107 za ofiary sk\u0142adane<\/p>\n\n\n\n<p><strong><u>11<\/u><\/strong><strong>.<\/strong> Intencje mszalne<\/p>\n\n\n\n<p><strong><u>12.<\/u><\/strong> Przekazali\u015bmy ks. Romanowi 2100 z\u0142 &nbsp;zebrane na pomoc przy organizacji pogrzebu ks. Pra\u0142ata. R\u00f3wnie\u017c dzi\u0119kujemy P. Andrzejowi Cirogowi za nieodp\u0142atne u\u017cyczenie autobusu z kierowc\u0105. Dzi\u0119kuj\u0119 wszystkim za udzia\u0142 w pogrzebie i modlitw\u0119, zamawiane intencje za ks. Pra\u0142ata.<\/p>\n\n\n\n<p><em>\u017byczymy mi\u0142ego i obfitych \u0142ask Bo\u017cych.<\/em><\/p>\n","protected":false},"excerpt":{"rendered":"<p>1. Dzi\u015b prze\u017cywamy 10 Niedziel\u0119 zwyk\u0142\u0105. &nbsp;Msze \u015bw. wed\u0142ug porz\u0105dku niedzielnego. 2. Msze \u015bw. w tygodniu&nbsp; o 700 i 1800. 3. Codziennie spowied\u017a i adoracja Naj\u015bwi\u0119tszego Sakramentu o godz. 1700, a nabo\u017ce\u0144stwa czerwcowe o 1730. 4. W tym tygodniu nabo\u017ce\u0144stwa: &#8211; w poniedzia\u0142ek&nbsp; &nbsp;&nbsp;&nbsp;&nbsp;&nbsp;&nbsp;&nbsp;&nbsp; &#8211; nabo\u017ce\u0144stwo do Bo\u017cego Mi\u0142osierdzia o&#8230; <a class=\"continue-reading-link\" href=\"http:\/\/parafia.scinawa.info\/index.php\/2024\/06\/08\/ogloszenia-duszpasterskie-10-niedziela-zwykla-09-06-2024\/\">Czytaj dalej <span class=\"meta-nav\">&rarr; <\/span><\/a><\/p>\n","protected":false},"author":2,"featured_media":0,"comment_status":"closed","ping_status":"closed","sticky":false,"template":"","format":"standard","meta":{"footnotes":""},"categories":[40],"tags":[],"class_list":["post-2668","post","type-post","status-publish","format-standard","hentry","category-ogloszenia-duszpasterskie"],"_links":{"self":[{"href":"http:\/\/parafia.scinawa.info\/index.php\/wp-json\/wp\/v2\/posts\/2668","targetHints":{"allow":["GET"]}}],"collection":[{"href":"http:\/\/parafia.scinawa.info\/index.php\/wp-json\/wp\/v2\/posts"}],"about":[{"href":"http:\/\/parafia.scinawa.info\/index.php\/wp-json\/wp\/v2\/types\/post"}],"author":[{"embeddable":true,"href":"http:\/\/parafia.scinawa.info\/index.php\/wp-json\/wp\/v2\/users\/2"}],"replies":[{"embeddable":true,"href":"http:\/\/parafia.scinawa.info\/index.php\/wp-json\/wp\/v2\/comments?post=2668"}],"version-history":[{"count":1,"href":"http:\/\/parafia.scinawa.info\/index.php\/wp-json\/wp\/v2\/posts\/2668\/revisions"}],"predecessor-version":[{"id":2669,"href":"http:\/\/parafia.scinawa.info\/index.php\/wp-json\/wp\/v2\/posts\/2668\/revisions\/2669"}],"wp:attachment":[{"href":"http:\/\/parafia.scinawa.info\/index.php\/wp-json\/wp\/v2\/media?parent=2668"}],"wp:term":[{"taxonomy":"category","embeddable":true,"href":"http:\/\/parafia.scinawa.info\/index.php\/wp-json\/wp\/v2\/categories?post=2668"},{"taxonomy":"post_tag","embeddable":true,"href":"http:\/\/parafia.scinawa.info\/index.php\/wp-json\/wp\/v2\/tags?post=2668"}],"curies":[{"name":"wp","href":"https:\/\/api.w.org\/{rel}","templated":true}]}}