{"id":2677,"date":"2024-06-22T10:22:33","date_gmt":"2024-06-22T08:22:33","guid":{"rendered":"http:\/\/parafia.scinawa.info\/?p=2677"},"modified":"2024-06-22T10:22:33","modified_gmt":"2024-06-22T08:22:33","slug":"intencje-mszalne-23-06-30-06-2024","status":"publish","type":"post","link":"http:\/\/parafia.scinawa.info\/index.php\/2024\/06\/22\/intencje-mszalne-23-06-30-06-2024\/","title":{"rendered":"INTENCJE MSZALNE 23.06. \u00a0\u2013 30.06. 2024"},"content":{"rendered":"\n<p><strong><em>Sk\u0142adaj\u0105c Ofiar\u0119, kt\u00f3ra nam przypomina niezmierzon\u0105 mi\u0142o\u015b\u0107 Twojego Syna, pokornie prosimy Ci\u0119, Bo\u017ce, przyjmij intencje Twoich wiernych i spraw przez dzia\u0142anie Eucharystii, aby w naszych rodzinach wzrasta\u0142a prawdziwa wiara, \u015bwi\u0119to\u015b\u0107 \u017cycia, braterska mi\u0142o\u015b\u0107 i duch modlitwy. <\/em><\/strong><strong>Niech Matka Naj\u015bwi\u0119tsza wyprosi \u0142aski, o kt\u00f3re modlili\u015bmy si\u0119 w tej Mszy \u015bw. dla \u2026 Za\u015b zmar\u0142ym \u2026 za kt\u00f3rych odprawiali\u015bmy Msz\u0119 \u015bw.: <u>wieczny odpoczynek racz im da\u0107 Panie<\/u> (\u2026); niech odpoczywaj\u0105 w pokoju wiecznym. Amen<\/strong><\/p>\n\n\n\n<p><strong><u>23.06<em>. &#8211; NIEDZIELA&nbsp; <\/em><\/u><\/strong><em><\/em><\/p>\n\n\n\n<p><strong>&nbsp; 8.oo \u2013 1) <\/strong>++ Stanis\u0142awa w 12 rocz. \u015bm., W\u0142adys\u0142aw\u0119, Kazimier\u0119, Mari\u0119 i J\u00f3zefa z rodziny Szymczak\u00f3w<\/p>\n\n\n\n<p>&nbsp;&nbsp;&nbsp;&nbsp;&nbsp;&nbsp;&nbsp;&nbsp;&nbsp;&nbsp;&nbsp;&nbsp;&nbsp;&nbsp;&nbsp;&nbsp;&nbsp;&nbsp; oraz + koleg\u0119 Jana Kaweckiego \u2013 modli si\u0119 rodzina<\/p>\n\n\n\n<p><strong>&nbsp;&nbsp;&nbsp;&nbsp;&nbsp;&nbsp;&nbsp;&nbsp;&nbsp;&nbsp;&nbsp; &nbsp; 2)<\/strong> ++ Dariusza w 12 rocz. \u015bm., \u017con\u0119 Alicj\u0119, ojca Ryszarda oraz dusze w czy\u015b\u0107cu cierpi\u0105ce<\/p>\n\n\n\n<p>&nbsp;&nbsp;&nbsp;&nbsp;&nbsp;&nbsp;&nbsp;&nbsp;&nbsp;&nbsp;&nbsp;&nbsp;&nbsp;&nbsp;&nbsp;&nbsp;&nbsp; \u2013 modli si\u0119 rodzina<\/p>\n\n\n\n<p><strong>&nbsp; 9.3o \u2013 <\/strong>&nbsp;+ Helen\u0119 w 15 rocz. \u015bm. oraz ++ z rodziny Cie\u015bli\u0144skich, \u0141oz\u00f3w, Wr\u00f3blewskich i Wojciechowskich<\/p>\n\n\n\n<p>&nbsp;&nbsp;&nbsp;&nbsp;&nbsp;&nbsp;&nbsp;&nbsp;&nbsp;&nbsp;&nbsp;&nbsp;&nbsp;&nbsp;&nbsp; \u2013 modli si\u0119 rodzina<\/p>\n\n\n\n<p><strong>11.oo \u2013 1) <\/strong>w 35 rocz. \u015blubu Renaty i Dariusza Golczyk\u00f3w dzi\u0119kczynna za otrzymane \u0142aski z pro\u015bb\u0105<\/p>\n\n\n\n<p>&nbsp;&nbsp;&nbsp;&nbsp;&nbsp;&nbsp;&nbsp;&nbsp;&nbsp;&nbsp;&nbsp;&nbsp;&nbsp;&nbsp;&nbsp;&nbsp; o zdrowie, &nbsp;dary Ducha \u015awi\u0119tego, Bo\u017ce b\u0142ogos\u0142awie\u0144stwo, opiek\u0119 NMP i \u015bw. Patron\u00f3w<\/p>\n\n\n\n<p>&nbsp;&nbsp;&nbsp;&nbsp;&nbsp;&nbsp;&nbsp;&nbsp;&nbsp;&nbsp;&nbsp;&nbsp;&nbsp;&nbsp;&nbsp;&nbsp;&nbsp; \u2013 modli si\u0119 mama<\/p>\n\n\n\n<p><strong>&nbsp;&nbsp;&nbsp;&nbsp;&nbsp;&nbsp;&nbsp;&nbsp;&nbsp;&nbsp;&nbsp; &nbsp; 2)<\/strong> ++ Stanis\u0142aw\u0119 Furtak w 14 rocz. \u015bm., Aniel\u0119 Jakubowicz w 19 rocz. \u015bm. oraz ++ J\u00f3zef\u0119,<\/p>\n\n\n\n<p>&nbsp;&nbsp;&nbsp;&nbsp;&nbsp;&nbsp;&nbsp;&nbsp;&nbsp;&nbsp;&nbsp;&nbsp;&nbsp;&nbsp;&nbsp;&nbsp;&nbsp; Miros\u0142aw\u0119, Karola, Tadeusza, Augustyna Furtak\u00f3w \u2013 modli si\u0119 rodzina<strong> <\/strong>&nbsp;<\/p>\n\n\n\n<p><strong>12.3o \u2013 1) <\/strong>+ Tadeusza Nowickiego z racji ziemskich urodzin i Dnia Ojca \u2013 modl\u0105 si\u0119 synowie z rodzinami<\/p>\n\n\n\n<p><strong>&nbsp;&nbsp;&nbsp;&nbsp;&nbsp;&nbsp;&nbsp;&nbsp;&nbsp;&nbsp;&nbsp; &nbsp; 2)<\/strong> + m\u0119\u017ca W\u0142adys\u0142awa Pa\u0144czyszyna oraz ++ te\u015bci\u00f3w \u2013 modli si\u0119 \u017cona z rodzin\u0105<\/p>\n\n\n\n<p>&nbsp;&nbsp;&nbsp;&nbsp;&nbsp;&nbsp;&nbsp;&nbsp;&nbsp;&nbsp;&nbsp;&nbsp;&nbsp;&nbsp;&nbsp;&nbsp;&nbsp;&nbsp;&nbsp;&nbsp;&nbsp;&nbsp;&nbsp; <strong><em>Chrzest w czasie Mszy \u015bw. \u2013 Jan J\u00f3zef J\u00f3zefiak<\/em><\/strong><\/p>\n\n\n\n<p><strong>18.oo \u2013&nbsp; <\/strong>w 1 rocz. \u015blubu Kamili i Bartka <strong>&nbsp;<\/strong>dzi\u0119kczynna za otrzymane \u0142aski z pro\u015bb\u0105 o zdrowie, dary Ducha<\/p>\n\n\n\n<p>&nbsp;&nbsp;&nbsp;&nbsp;&nbsp;&nbsp;&nbsp;&nbsp;&nbsp;&nbsp;&nbsp;&nbsp;&nbsp; \u015awi\u0119tego, Bo\u017ce b\u0142ogos\u0142awie\u0144stwo, opiek\u0119 NMP i \u015bw. Patron\u00f3w \u2013 modl\u0105 si\u0119 rodzice z siostr\u0105<strong> &nbsp;<\/strong>&nbsp;<\/p>\n\n\n\n<p><strong><u>24.06<em>. \u2013 PONIEDZIA\u0141EK<\/em><\/u><\/strong><\/p>\n\n\n\n<p><strong>&nbsp; 7.oo \u2013 <\/strong>&nbsp;<\/p>\n\n\n\n<p><strong>18.oo \u2013 <\/strong>++ Jerzego w 12 rocz. \u015bm., Krystyn\u0119, Rozali\u0119 i Stanis\u0142awa \u2013 modli si\u0119 rodzina<\/p>\n\n\n\n<p><strong><u>25.06<em>. &#8211; WTOREK<\/em><\/u><\/strong><em><\/em><\/p>\n\n\n\n<p><strong>&nbsp;7.oo \u2013<\/strong><\/p>\n\n\n\n<p><strong>18.oo \u2013 <\/strong>++ rodzic\u00f3w: Marcel\u0119 i W\u0142adys\u0142awa, Karola, Tadeusza i Juli\u0119 Siwak\u00f3w oraz W\u0142adys\u0142aw\u0119<\/p>\n\n\n\n<p>&nbsp;&nbsp;&nbsp;&nbsp;&nbsp;&nbsp;&nbsp;&nbsp;&nbsp;&nbsp;&nbsp;&nbsp; &nbsp;i Tadeusza Mazurkiewicz\u00f3w \u2013 modli si\u0119 c\u00f3rka z rodzin\u0105<\/p>\n\n\n\n<p><strong><u>26.06<em>. \u2013 \u015aRODA<\/em><\/u><\/strong><\/p>\n\n\n\n<p><strong>&nbsp; 7.oo \u2013 <\/strong>+ Ks. Pra\u0142ata Bogdana Kaczorowskiego \u2013 modl\u0105 si\u0119 mieszka\u0144cy Zaborowa<\/p>\n\n\n\n<p><strong>18.oo \u2013&nbsp; intencja zbiorowa nowennowa:<\/strong><\/p>\n\n\n\n<p><strong>1)<\/strong> + mam\u0119 Jadwig\u0119, ++ z rodziny Jankowskich, Terpi\u0142owskich i dusze w czy\u015b\u0107cu cierpi\u0105ce \u2013 modli si\u0119<\/p>\n\n\n\n<p>&nbsp;&nbsp;&nbsp;&nbsp;&nbsp;&nbsp; c\u00f3rka z rodzin\u0105<\/p>\n\n\n\n<p><strong>2)<\/strong> + Czes\u0142aw\u0119 Szajc\u0119 &#8211; 30 dzie\u0144 od pogrzebu &#8211; intencja od uczestnik\u00f3w Mszy pogrzebowej<\/p>\n\n\n\n<p><strong>3)<\/strong> ++ te\u015bci\u00f3w: W\u0142adys\u0142awa i Weronik\u0119 oraz ++ m\u0119\u017ca Zygmunta Piotrowskiego i Zbigniewa Banasiaka<\/p>\n\n\n\n<p>&nbsp;&nbsp;&nbsp;&nbsp;&nbsp; \u2013 modli si\u0119 Gra\u017cyna<\/p>\n\n\n\n<p><strong>4)<\/strong> ++ J\u00f3zef\u0119 i Stanis\u0142awa Droni\u00f3w oraz ++ Jana Herb\u0119 i Zbigniewa Kosmal\u0119 \u2013 modli si\u0119 rodzina<\/p>\n\n\n\n<p><strong>5)<\/strong><\/p>\n\n\n\n<p><strong><u>27.06<em>. \u2013 CZWARTEK <\/em><\/u><\/strong><em>&nbsp;<\/em><\/p>\n\n\n\n<p><strong>&nbsp; 7.oo \u2013<\/strong> w intencji W\u0142adys\u0142awy z racji imienin dzi\u0119kczynna za otrzymane \u0142aski z pro\u015bb\u0105 o zdrowie, dary<\/p>\n\n\n\n<p>&nbsp;&nbsp;&nbsp;&nbsp;&nbsp;&nbsp;&nbsp;&nbsp;&nbsp;&nbsp;&nbsp;&nbsp;&nbsp; Ducha \u015awi\u0119tego, Bo\u017ce b\u0142ogos\u0142awie\u0144stwo, opiek\u0119 NMP i \u015bw. Patron\u00f3w \u2013 modl\u0105 si\u0119 najbli\u017csi<\/p>\n\n\n\n<p><strong>18.oo \u2013 <\/strong>zaj. P. Genderka<\/p>\n\n\n\n<p><strong><u>28.06<em>. \u2013 PI\u0104TEK<\/em><\/u><\/strong><\/p>\n\n\n\n<p><strong>&nbsp;&nbsp;7.oo \u2013<\/strong> ++ rodzic\u00f3w: Stanis\u0142aw\u0119 i Miko\u0142aja Dudziak\u00f3w oraz Zofi\u0119 i Jana Kozak\u00f3w \u2013 modli si\u0119 syn<\/p>\n\n\n\n<p>&nbsp;&nbsp;&nbsp;&nbsp;&nbsp;&nbsp;&nbsp;&nbsp;&nbsp;&nbsp;&nbsp;&nbsp;&nbsp; z rodzin\u0105<\/p>\n\n\n\n<p><strong>18.oo \u2013 <\/strong>+ Helen\u0119 Lewandowsk\u0105 w 10 miesi\u0119cy po \u015bmierci i ++ z rodziny Lewandowskich i Sobolewskich<\/p>\n\n\n\n<p><strong><em><u>29.06. \u2013 SOBOTA<\/u><\/em><\/strong><\/p>\n\n\n\n<p><strong>&nbsp; 7.oo \u2013<\/strong><\/p>\n\n\n\n<p><strong>16.oo \u2013<\/strong> <strong><em>chrzest: Witold Tomaszek<\/em><\/strong><\/p>\n\n\n\n<p><strong>18.oo \u2013 1) <\/strong>++ z rodziny Rybskich i Dank\u00f3w<\/p>\n\n\n\n<p><strong>&nbsp;&nbsp;&nbsp;&nbsp;&nbsp;&nbsp;&nbsp;&nbsp;&nbsp;&nbsp;&nbsp; &nbsp; 2)<\/strong> ++ Katarzyn\u0119 i Piotra oraz W\u0142adys\u0142awa \u2013 modli si\u0119 rodzina<\/p>\n\n\n\n<p><strong><em><u>30.06. \u2013 NIEDZIELA&nbsp;<\/u><\/em><\/strong><\/p>\n\n\n\n<p><strong>&nbsp; 8.oo \u2013 1) <\/strong>++ rodzic\u00f3w: Piotra i Teodor\u0119 Je\u017cyn\u00f3w w dniu ich ziemskich imienin oraz ++ z rodziny<\/p>\n\n\n\n<p>&nbsp;&nbsp;&nbsp;&nbsp;&nbsp;&nbsp;&nbsp;&nbsp;&nbsp;&nbsp;&nbsp;&nbsp;&nbsp;&nbsp;&nbsp;&nbsp;&nbsp; Je\u017cyn\u00f3w i Szynkler\u00f3w<\/p>\n\n\n\n<p><strong>&nbsp;&nbsp;&nbsp;&nbsp;&nbsp;&nbsp;&nbsp;&nbsp;&nbsp;&nbsp;&nbsp; &nbsp; 2)<\/strong> + Aleksandra Radzika w 37 rocz. \u015bm. oraz ++ z rodziny Radzik\u00f3w, Pekar\u00f3w, Kasjan\u00f3w,<\/p>\n\n\n\n<p>&nbsp;&nbsp;&nbsp;&nbsp;&nbsp;&nbsp;&nbsp;&nbsp;&nbsp;&nbsp;&nbsp;&nbsp;&nbsp;&nbsp;&nbsp;&nbsp;&nbsp;&nbsp; Rogal\u00f3w i dusze w czy\u015b\u0107cu cierpi\u0105ce \u2013 modli si\u0119 rodzina<\/p>\n\n\n\n<p><strong>11.oo \u2013 1) <\/strong>+ brata Jana Kaweckiego oraz ++ rodzic\u00f3w: Jakuba i Olg\u0119 \u2013 modli si\u0119 Anna z rodzin\u0105<\/p>\n\n\n\n<p><strong>&nbsp;&nbsp;&nbsp;&nbsp;&nbsp;&nbsp;&nbsp;&nbsp;&nbsp;&nbsp;&nbsp; &nbsp; 2) <\/strong>zaj. P. Sta\u0144czyk<\/p>\n\n\n\n<p><strong>12.3o \u2013 1) <\/strong>+ Agnieszk\u0119 w 17 rocz. \u015bm. \u2013 modl\u0105 si\u0119 rodzice<\/p>\n\n\n\n<p><strong>&nbsp;&nbsp;&nbsp;&nbsp;&nbsp;&nbsp;&nbsp;&nbsp;&nbsp;&nbsp;&nbsp; &nbsp; 2)<\/strong><\/p>\n\n\n\n<p>&nbsp;&nbsp;&nbsp;&nbsp;&nbsp;&nbsp;&nbsp;&nbsp;&nbsp;&nbsp;&nbsp;&nbsp;&nbsp;&nbsp;&nbsp;&nbsp;&nbsp;&nbsp;&nbsp;&nbsp;&nbsp;&nbsp;&nbsp; <strong><em>Chrzest po Mszy: Nela Dominika Spychaj<\/em><\/strong><\/p>\n\n\n\n<p><strong>18.oo &#8211; <\/strong>w intencji Otylii Tomaszkiewicz z racji urodzin dzi\u0119kczynna za otrzymane \u0142aski z pro\u015bb\u0105 o zdrowie,<\/p>\n\n\n\n<p>&nbsp;&nbsp;&nbsp;&nbsp;&nbsp;&nbsp;&nbsp;&nbsp;&nbsp;&nbsp;&nbsp;&nbsp;&nbsp; dary Ducha \u015awi\u0119tego, Bo\u017ce b\u0142ogos\u0142awie\u0144stwo, opiek\u0119 NMP i \u015bw. Patron\u00f3w \u2013 modli si\u0119 rodzina<\/p>\n","protected":false},"excerpt":{"rendered":"<p>Sk\u0142adaj\u0105c Ofiar\u0119, kt\u00f3ra nam przypomina niezmierzon\u0105 mi\u0142o\u015b\u0107 Twojego Syna, pokornie prosimy Ci\u0119, Bo\u017ce, przyjmij intencje Twoich wiernych i spraw przez dzia\u0142anie Eucharystii, aby w naszych rodzinach wzrasta\u0142a prawdziwa wiara, \u015bwi\u0119to\u015b\u0107 \u017cycia, braterska mi\u0142o\u015b\u0107 i duch modlitwy. Niech Matka Naj\u015bwi\u0119tsza wyprosi \u0142aski, o kt\u00f3re modlili\u015bmy si\u0119 w tej Mszy \u015bw. dla&#8230; <a class=\"continue-reading-link\" href=\"http:\/\/parafia.scinawa.info\/index.php\/2024\/06\/22\/intencje-mszalne-23-06-30-06-2024\/\">Czytaj dalej <span class=\"meta-nav\">&rarr; <\/span><\/a><\/p>\n","protected":false},"author":2,"featured_media":0,"comment_status":"closed","ping_status":"closed","sticky":false,"template":"","format":"standard","meta":{"footnotes":""},"categories":[39],"tags":[],"class_list":["post-2677","post","type-post","status-publish","format-standard","hentry","category-intencje"],"_links":{"self":[{"href":"http:\/\/parafia.scinawa.info\/index.php\/wp-json\/wp\/v2\/posts\/2677","targetHints":{"allow":["GET"]}}],"collection":[{"href":"http:\/\/parafia.scinawa.info\/index.php\/wp-json\/wp\/v2\/posts"}],"about":[{"href":"http:\/\/parafia.scinawa.info\/index.php\/wp-json\/wp\/v2\/types\/post"}],"author":[{"embeddable":true,"href":"http:\/\/parafia.scinawa.info\/index.php\/wp-json\/wp\/v2\/users\/2"}],"replies":[{"embeddable":true,"href":"http:\/\/parafia.scinawa.info\/index.php\/wp-json\/wp\/v2\/comments?post=2677"}],"version-history":[{"count":1,"href":"http:\/\/parafia.scinawa.info\/index.php\/wp-json\/wp\/v2\/posts\/2677\/revisions"}],"predecessor-version":[{"id":2678,"href":"http:\/\/parafia.scinawa.info\/index.php\/wp-json\/wp\/v2\/posts\/2677\/revisions\/2678"}],"wp:attachment":[{"href":"http:\/\/parafia.scinawa.info\/index.php\/wp-json\/wp\/v2\/media?parent=2677"}],"wp:term":[{"taxonomy":"category","embeddable":true,"href":"http:\/\/parafia.scinawa.info\/index.php\/wp-json\/wp\/v2\/categories?post=2677"},{"taxonomy":"post_tag","embeddable":true,"href":"http:\/\/parafia.scinawa.info\/index.php\/wp-json\/wp\/v2\/tags?post=2677"}],"curies":[{"name":"wp","href":"https:\/\/api.w.org\/{rel}","templated":true}]}}