{"id":2679,"date":"2024-06-22T10:27:04","date_gmt":"2024-06-22T08:27:04","guid":{"rendered":"http:\/\/parafia.scinawa.info\/?p=2679"},"modified":"2024-06-22T10:27:04","modified_gmt":"2024-06-22T08:27:04","slug":"ogloszenia-duszpasterskie-12-niedziela-zwykla-23-06-2024","status":"publish","type":"post","link":"http:\/\/parafia.scinawa.info\/index.php\/2024\/06\/22\/ogloszenia-duszpasterskie-12-niedziela-zwykla-23-06-2024\/","title":{"rendered":"Og\u0142oszenia duszpasterskie &#8211; 12 Niedziela zwyk\u0142a \u2013 23.06. 2024"},"content":{"rendered":"\n<p><strong><u>1<\/u><\/strong><strong>.<\/strong> Dzi\u015b prze\u017cywamy <strong>12 Niedziel\u0119 zwyk\u0142\u0105<\/strong>. Msze \u015bw. wed\u0142ug porz\u0105dku niedzielnego.<\/p>\n\n\n\n<p><strong><u>2.<\/u><\/strong><strong> <\/strong>Porz\u0105dek wakacyjny Mszy \u015bw. od <strong>30 czerwca<\/strong>:<\/p>\n\n\n\n<p>\u2013 w tygodniu&nbsp; o <strong>7<sup>00<\/sup><\/strong> i <strong>18<sup>00<\/sup><\/strong><\/p>\n\n\n\n<p>\u2013 w niedziele: <strong>8<sup>00<\/sup>, 11<sup>00<\/sup>, 12<sup>30<\/sup> i 18<sup>00<\/sup>, R\u0119sz\u00f3w \u2013 9<sup>30<\/sup>.<\/strong>&nbsp;<\/p>\n\n\n\n<p><strong><u>3.<\/u><\/strong> Codziennie spowied\u017a i adoracja Naj\u015bwi\u0119tszego Sakramentu o godz. <strong>17<sup>00<\/sup>.<\/strong><\/p>\n\n\n\n<p><strong><u>4.<\/u><\/strong><strong> <\/strong>Nabo\u017ce\u0144stwa czerwcowe o <strong>17<sup>30<\/sup>.<\/strong><\/p>\n\n\n\n<p><strong><u>5<\/u><\/strong><strong>.<\/strong> <strong>&nbsp;<\/strong>W tym tygodniu obchodzimy:<strong><\/strong><\/p>\n\n\n\n<p>&#8211; <strong><u>w poniedzia\u0142ek<\/u><\/strong>&nbsp;&nbsp; \u2013 uroczysto\u015b\u0107 Narodzenia \u015bw. Jana Chrzciciela<strong><u><\/u><\/strong><\/p>\n\n\n\n<p>&#8211; <strong><u>w pi\u0105tek<\/u><\/strong> \u2013 wspomnienie \u015bw. Ireneusza, biskupa i m\u0119czennika<\/p>\n\n\n\n<p><a>&#8211; <\/a><a><strong>w<\/strong><\/a><strong><u> <\/u><\/strong><strong><u>sobot\u0119<\/u><\/strong> \u2013 uroczysto\u015b\u0107 \u015bw. Aposto\u0142\u00f3w Piotra i Paw\u0142a. Msza \u015bw. o <strong>7<sup>00<\/sup><\/strong> i <strong>18<sup>00<\/sup><\/strong>. Taca tzw. \u015awi\u0119topietrze przeznaczona jest z ca\u0142ego \u015bwiata na Stolic\u0119 Apostolsk\u0105.<\/p>\n\n\n\n<p><strong><u>6<\/u><\/strong><strong>. <\/strong>W przysz\u0142\u0105 niedziel\u0119 b\u0119dziemy prze\u017cywa\u0107 <strong>13 Niedziel\u0119 zwyk\u0142\u0105<\/strong>. Msze \u015bw. wg porz\u0105dku wakacyjnego.<\/p>\n\n\n\n<p><strong><u>7<\/u><\/strong><strong>.<\/strong> Kancelaria czynna codziennie po Mszy \u015bw. wieczornej z wyj\u0105tkiem niedziel, uroczysto\u015bci i \u015bwi\u0105t.<\/p>\n\n\n\n<p><strong><u>8<\/u><\/strong><strong>.<\/strong> Do nabycia jest prasa katolicka: Niedziela, Go\u015b\u0107 Niedzielny, Ma\u0142y GN i R\u00f3\u017caniec.<\/p>\n\n\n\n<p><strong><u>9<\/u><\/strong><strong>.<\/strong> Dzi\u0119kuj\u0119 wszystkim, kt\u00f3rzy w tym tygodniu sprz\u0105tali \u015bwi\u0105tyni\u0119 i przygotowali j\u0105 na nasze spotkanie eucharystyczne.<\/p>\n\n\n\n<p><strong><u>10<\/u><\/strong><strong>.<\/strong> Serdeczne B\u00f3g zap\u0142a\u0107 za ofiary sk\u0142adane na remonty w naszej parafii.<\/p>\n\n\n\n<p><a><strong><u>11<\/u><\/strong><\/a><strong>.<\/strong> Intencje mszalne.<\/p>\n\n\n\n<p><em>\u017byczymy mi\u0142ego tygodnia i obfitych \u0142ask Bo\u017cych.<\/em><\/p>\n","protected":false},"excerpt":{"rendered":"<p>1. Dzi\u015b prze\u017cywamy 12 Niedziel\u0119 zwyk\u0142\u0105. Msze \u015bw. wed\u0142ug porz\u0105dku niedzielnego. 2. Porz\u0105dek wakacyjny Mszy \u015bw. od 30 czerwca: \u2013 w tygodniu&nbsp; o 700 i 1800 \u2013 w niedziele: 800, 1100, 1230 i 1800, R\u0119sz\u00f3w \u2013 930.&nbsp; 3. Codziennie spowied\u017a i adoracja Naj\u015bwi\u0119tszego Sakramentu o godz. 1700. 4. Nabo\u017ce\u0144stwa czerwcowe&#8230; <a class=\"continue-reading-link\" href=\"http:\/\/parafia.scinawa.info\/index.php\/2024\/06\/22\/ogloszenia-duszpasterskie-12-niedziela-zwykla-23-06-2024\/\">Czytaj dalej <span class=\"meta-nav\">&rarr; <\/span><\/a><\/p>\n","protected":false},"author":2,"featured_media":0,"comment_status":"closed","ping_status":"closed","sticky":false,"template":"","format":"standard","meta":{"footnotes":""},"categories":[40],"tags":[],"class_list":["post-2679","post","type-post","status-publish","format-standard","hentry","category-ogloszenia-duszpasterskie"],"_links":{"self":[{"href":"http:\/\/parafia.scinawa.info\/index.php\/wp-json\/wp\/v2\/posts\/2679","targetHints":{"allow":["GET"]}}],"collection":[{"href":"http:\/\/parafia.scinawa.info\/index.php\/wp-json\/wp\/v2\/posts"}],"about":[{"href":"http:\/\/parafia.scinawa.info\/index.php\/wp-json\/wp\/v2\/types\/post"}],"author":[{"embeddable":true,"href":"http:\/\/parafia.scinawa.info\/index.php\/wp-json\/wp\/v2\/users\/2"}],"replies":[{"embeddable":true,"href":"http:\/\/parafia.scinawa.info\/index.php\/wp-json\/wp\/v2\/comments?post=2679"}],"version-history":[{"count":1,"href":"http:\/\/parafia.scinawa.info\/index.php\/wp-json\/wp\/v2\/posts\/2679\/revisions"}],"predecessor-version":[{"id":2680,"href":"http:\/\/parafia.scinawa.info\/index.php\/wp-json\/wp\/v2\/posts\/2679\/revisions\/2680"}],"wp:attachment":[{"href":"http:\/\/parafia.scinawa.info\/index.php\/wp-json\/wp\/v2\/media?parent=2679"}],"wp:term":[{"taxonomy":"category","embeddable":true,"href":"http:\/\/parafia.scinawa.info\/index.php\/wp-json\/wp\/v2\/categories?post=2679"},{"taxonomy":"post_tag","embeddable":true,"href":"http:\/\/parafia.scinawa.info\/index.php\/wp-json\/wp\/v2\/tags?post=2679"}],"curies":[{"name":"wp","href":"https:\/\/api.w.org\/{rel}","templated":true}]}}