{"id":2681,"date":"2024-06-29T10:57:49","date_gmt":"2024-06-29T08:57:49","guid":{"rendered":"http:\/\/parafia.scinawa.info\/?p=2681"},"modified":"2024-06-29T10:57:49","modified_gmt":"2024-06-29T08:57:49","slug":"intencje-mszalne-30-06-07-07-2024","status":"publish","type":"post","link":"http:\/\/parafia.scinawa.info\/index.php\/2024\/06\/29\/intencje-mszalne-30-06-07-07-2024\/","title":{"rendered":"INTENCJE MSZALNE 30.06. \u00a0\u2013 07.07. 2024"},"content":{"rendered":"\n<p><strong><em>Sk\u0142adaj\u0105c Ofiar\u0119, kt\u00f3ra nam przypomina niezmierzon\u0105 mi\u0142o\u015b\u0107 Twojego Syna, pokornie prosimy Ci\u0119, Bo\u017ce, przyjmij intencje Twoich wiernych i spraw przez dzia\u0142anie Eucharystii, aby w naszych rodzinach wzrasta\u0142a prawdziwa wiara, \u015bwi\u0119to\u015b\u0107 \u017cycia, braterska mi\u0142o\u015b\u0107 i duch modlitwy. <\/em><\/strong><strong>Niech Matka Naj\u015bwi\u0119tsza wyprosi \u0142aski, o kt\u00f3re modlili\u015bmy si\u0119 w tej Mszy \u015bw. dla \u2026 Za\u015b zmar\u0142ym \u2026 za kt\u00f3rych odprawiali\u015bmy Msz\u0119 \u015bw.: <u>wieczny odpoczynek racz im da\u0107 Panie<\/u> (\u2026); niech odpoczywaj\u0105 w pokoju wiecznym. Amen<\/strong><\/p>\n\n\n\n<p><strong><u>30.06<em>. &#8211; NIEDZIELA&nbsp; <\/em><\/u><\/strong><em><\/em><\/p>\n\n\n\n<p><strong>8.oo \u2013 1) <\/strong>++ rodzic\u00f3w: Piotra i Teodor\u0119 Je\u017cyn\u00f3w w dniu ich ziemskich imienin oraz ++ z rodziny<\/p>\n\n\n\n<p>&nbsp;&nbsp;&nbsp;&nbsp;&nbsp;&nbsp;&nbsp;&nbsp;&nbsp;&nbsp;&nbsp;&nbsp;&nbsp;&nbsp;&nbsp;&nbsp;&nbsp; Je\u017cyn\u00f3w i Szynkler\u00f3w<\/p>\n\n\n\n<p><strong>&nbsp;&nbsp;&nbsp;&nbsp;&nbsp;&nbsp;&nbsp;&nbsp;&nbsp;&nbsp;&nbsp; &nbsp; 2)<\/strong> + Aleksandra Radzika w 37 rocz. \u015bm. oraz ++ z rodziny Radzik\u00f3w, Pekar\u00f3w, Kasjan\u00f3w,<\/p>\n\n\n\n<p>&nbsp;&nbsp;&nbsp;&nbsp;&nbsp;&nbsp;&nbsp;&nbsp;&nbsp;&nbsp;&nbsp;&nbsp;&nbsp;&nbsp;&nbsp;&nbsp;&nbsp;&nbsp; Rogal\u00f3w i dusze w czy\u015b\u0107cu cierpi\u0105ce \u2013 modli si\u0119 rodzina<\/p>\n\n\n\n<p><strong>11.oo \u2013 1) <\/strong>+ brata Jana Kaweckiego oraz ++ rodzic\u00f3w: Jakuba i Olg\u0119 \u2013 modli si\u0119 Anna z rodzin\u0105<\/p>\n\n\n\n<p><strong>&nbsp;&nbsp;&nbsp;&nbsp;&nbsp;&nbsp;&nbsp;&nbsp;&nbsp;&nbsp;&nbsp; &nbsp; 2) <\/strong>+ Henryka Sobierajskiego w 4 rocz. \u015bm. \u2013 modli si\u0119 \u017cona, dzieci, wnuki i prawnuki<\/p>\n\n\n\n<p><strong>12.3o \u2013 1) <\/strong>+ Agnieszk\u0119 w 17 rocz. \u015bm. \u2013 modl\u0105 si\u0119 rodzice<\/p>\n\n\n\n<p><strong>&nbsp;&nbsp;&nbsp;&nbsp;&nbsp;&nbsp;&nbsp;&nbsp;&nbsp;&nbsp;&nbsp; &nbsp; 2)<\/strong> w intencji Panu Bogu wiadomej<\/p>\n\n\n\n<p>&nbsp;&nbsp;&nbsp;&nbsp;&nbsp;&nbsp;&nbsp;&nbsp;&nbsp;&nbsp;&nbsp;&nbsp;&nbsp;&nbsp;&nbsp;&nbsp;&nbsp;&nbsp;&nbsp;&nbsp;&nbsp;&nbsp;&nbsp; <strong><em>Chrzest po Mszy: Nela Dominika Spychaj<\/em><\/strong><\/p>\n\n\n\n<p><strong>18.oo &#8211; <\/strong>w intencji Otylii Tomaszkiewicz z racji urodzin dzi\u0119kczynna za otrzymane \u0142aski z pro\u015bb\u0105 o zdrowie,<\/p>\n\n\n\n<p>&nbsp;&nbsp;&nbsp;&nbsp;&nbsp;&nbsp;&nbsp;&nbsp;&nbsp;&nbsp;&nbsp;&nbsp;&nbsp; dary Ducha \u015awi\u0119tego, Bo\u017ce b\u0142ogos\u0142awie\u0144stwo, opiek\u0119 NMP i \u015bw. Patron\u00f3w \u2013 modli si\u0119 rodzina<strong> &nbsp;<\/strong>&nbsp;<\/p>\n\n\n\n<p><strong><u>01.07<em>. \u2013 PONIEDZIA\u0141EK<\/em><\/u><\/strong><\/p>\n\n\n\n<p><strong>&nbsp; 7.oo \u2013 <\/strong>&nbsp;<\/p>\n\n\n\n<p><strong>18.oo \u2013 <\/strong>++ z rodziny R\u0119bisz\u00f3w, Podolak\u00f3w oraz Zbigniewa Wilgosza \u2013 modli si\u0119 rodzina<\/p>\n\n\n\n<p><strong><u>02.07<em>. &#8211; WTOREK<\/em><\/u><\/strong><em><\/em><\/p>\n\n\n\n<p><strong>7.oo \u2013<\/strong><\/p>\n\n\n\n<p><strong>18.oo \u2013 <\/strong>++ z rodziny Winnowicz\u00f3w: rodzic\u00f3w: Konstancj\u0119, Wojciecha, Katarzyn\u0119, braci: Stanis\u0142awa, Jana,<\/p>\n\n\n\n<p>&nbsp;&nbsp;&nbsp;&nbsp;&nbsp;&nbsp;&nbsp;&nbsp;&nbsp;&nbsp;&nbsp;&nbsp; Mariana, Boles\u0142awa i J\u00f3zefa, bratowe: Aniel\u0119, W\u0142adys\u0142aw\u0119 i Janin\u0119 \u2013 modli si\u0119 Maria z rodzin\u0105<\/p>\n\n\n\n<p><strong><u>03.07<em>. \u2013 \u015aRODA<\/em><\/u><\/strong><\/p>\n\n\n\n<p><strong>&nbsp; 7.oo \u2013<\/strong><\/p>\n\n\n\n<p><strong>18.oo \u2013&nbsp; intencja zbiorowa nowennowa:<\/strong><\/p>\n\n\n\n<p><strong>&nbsp;1)<\/strong> ++ Mariusza oraz Witolda i jego rodzic\u00f3w \u2013 modli si\u0119 rodzina<\/p>\n\n\n\n<p><strong>&nbsp;2)<\/strong> + te\u015bcia Bonifacego, ++ z rodziny Golczyk\u00f3w i Soch\u00f3w oraz dusze w czy\u015b\u0107cu cierpi\u0105ce \u2013 modli si\u0119<\/p>\n\n\n\n<p>&nbsp;&nbsp;&nbsp;&nbsp;&nbsp; synowa z rodzin\u0105<\/p>\n\n\n\n<p><strong>&nbsp;3)<\/strong> ++ Ludwika, Zofi\u0119, Miros\u0142awa, Romana z rodziny Bartczak\u00f3w oraz Iren\u0119 Ikoniak<\/p>\n\n\n\n<p><strong>&nbsp;4)<\/strong> ++ Stefani\u0119, Juli\u0119, Helen\u0119, Sylwestra, J\u00f3zefa, Janusza, Krzysztofa, Aleksego z rodziny Klepackich,<\/p>\n\n\n\n<p>&nbsp;&nbsp;&nbsp; &nbsp;Mazep\u00f3w, Cielas\u00f3w i Rosi\u0144skich \u2013 modli si\u0119 rodzina<\/p>\n\n\n\n<p>5) w 18 rocz. urodzin wnuczki Olgi dzi\u0119kczynna za otrzymane \u0142aski z pro\u015bb\u0105 o zdrowie, dary Ducha<\/p>\n\n\n\n<p>&nbsp;&nbsp;&nbsp; \u015awi\u0119tego, Bo\u017ce b\u0142ogos\u0142awie\u0144stwo, opiek\u0119 NMP i \u015bw. Patron\u00f3w \u2013 modli si\u0119 babcia z rodzin\u0105<\/p>\n\n\n\n<p><strong>6)<\/strong> ++ rodzic\u00f3w: Janin\u0119 i Romana oraz ++ z ich rodzin<\/p>\n\n\n\n<p><strong>7)<\/strong> w 18 rocz. urodzin Oliwiera dzi\u0119kczynna za otrzymane \u0142aski z pro\u015bb\u0105 o zdrowie, dary Ducha \u015awi\u0119tego,<\/p>\n\n\n\n<p>&nbsp;&nbsp;&nbsp; Bo\u017ce b\u0142ogos\u0142awie\u0144stwo, opiek\u0119 NMP i \u015bw. Patron\u00f3w \u2013 modl\u0105 si\u0119 rodzice z rodzin\u0105<\/p>\n\n\n\n<p><strong><u>04.07<em>. \u2013 CZWARTEK <\/em><\/u><\/strong><em>&nbsp;<\/em><\/p>\n\n\n\n<p><strong>&nbsp; 7.oo \u2013<\/strong> + Tadeusza Zielonego oraz ++ z rodziny Zielonych i Barabach\u00f3w<\/p>\n\n\n\n<p><strong>18.oo \u2013 <\/strong>+ Adel\u0119 Czuczo\u0142\u0119 w 5 rocz. \u015bm. \u2013 modli si\u0119 c\u00f3rka Dorota z rodzin\u0105<\/p>\n\n\n\n<p><strong><u>05.07<em>. \u2013 PI\u0104TEK<\/em><\/u><\/strong><\/p>\n\n\n\n<p><strong>&nbsp; 7.oo \u2013<\/strong>&nbsp; <strong>1) <\/strong>+ Grzegorza i dusze w czy\u015b\u0107cu cierpi\u0105ce&nbsp;<\/p>\n\n\n\n<p><strong>&nbsp;&nbsp;&nbsp;&nbsp;&nbsp;&nbsp;&nbsp;&nbsp;&nbsp;&nbsp;&nbsp; &nbsp; 2)<\/strong><\/p>\n\n\n\n<p><strong>18.oo \u2013 <\/strong>++ Michalin\u0119 i Jana oraz ++ bliskich \u2013 modli si\u0119 Czes\u0142awa<\/p>\n\n\n\n<p><strong><em><u>06.07. \u2013 SOBOTA<\/u><\/em><\/strong><\/p>\n\n\n\n<p><strong>&nbsp; 7.oo \u2013<\/strong> + Janin\u0119 w 1 rocz. \u015bm. \u2013 modli si\u0119 rodzina<\/p>\n\n\n\n<p><strong>18.oo \u2013 <\/strong>intencja wynagradzaj\u0105ca Niepokalanemu Sercu NMP<\/p>\n\n\n\n<p><strong><em><u>07.07. \u2013 NIEDZIELA&nbsp;<\/u><\/em><\/strong><\/p>\n\n\n\n<p><strong>&nbsp; 8.oo \u2013 1) <\/strong>+ Wand\u0119 \u0141owisz w 13 rocz. \u015bm. \u2013 modli si\u0119 rodzina<\/p>\n\n\n\n<p><strong>&nbsp;&nbsp;&nbsp;&nbsp;&nbsp;&nbsp;&nbsp;&nbsp;&nbsp;&nbsp;&nbsp; &nbsp; 2)<\/strong> + J\u00f3zef\u0119 Kotopk\u0119 &#8211; Tomaszkiewicz- 30 dzie\u0144 od pogrzebu &#8211; intencja od uczestnik\u00f3w Mszy<\/p>\n\n\n\n<p>&nbsp;&nbsp;&nbsp;&nbsp;&nbsp;&nbsp;&nbsp;&nbsp;&nbsp;&nbsp;&nbsp;&nbsp;&nbsp;&nbsp;&nbsp;&nbsp;&nbsp; pogrzebowej<\/p>\n\n\n\n<p><strong>11.oo \u2013 1) <\/strong>+ Ks. Pra\u0142ata Bogdana Kaczorowskiego \u2013 modl\u0105 si\u0119 Parafianie<\/p>\n\n\n\n<p><strong>&nbsp;&nbsp;&nbsp;&nbsp;&nbsp;&nbsp;&nbsp;&nbsp;&nbsp;&nbsp;&nbsp; &nbsp; 2) <\/strong>+ brata Zygmunta w 45 rocz. \u015bm. oraz ++ rodzic\u00f3w: Helen\u0119 i Jana St\u0119pieni\u00f3w \u2013 modl\u0105 si\u0119<\/p>\n\n\n\n<p>&nbsp;&nbsp;&nbsp;&nbsp;&nbsp;&nbsp;&nbsp;&nbsp;&nbsp;&nbsp;&nbsp;&nbsp;&nbsp;&nbsp;&nbsp;&nbsp;&nbsp; siostry i c\u00f3rki z rodzinami<\/p>\n\n\n\n<p><strong>12.3o \u2013 1) <\/strong>w 40 rocz. urodzin Marleny i Dawida, ich dzieci: Aleksandra w 11 rocz. urodzin i Len\u0119 w 8 rocz.<\/p>\n\n\n\n<p>&nbsp;&nbsp;&nbsp;&nbsp;&nbsp;&nbsp;&nbsp;&nbsp;&nbsp;&nbsp;&nbsp;&nbsp;&nbsp;&nbsp;&nbsp;&nbsp;&nbsp; urodzin&nbsp; i te\u015bci\u00f3w dzi\u0119kczynna za otrzymane \u0142aski z pro\u015bb\u0105 o zdrowie, dary Ducha \u015awi\u0119tego,<\/p>\n\n\n\n<p>&nbsp;&nbsp;&nbsp;&nbsp;&nbsp;&nbsp;&nbsp;&nbsp;&nbsp;&nbsp;&nbsp;&nbsp;&nbsp;&nbsp;&nbsp;&nbsp;&nbsp; Bo\u017ce b\u0142ogos\u0142awie\u0144stwo, opiek\u0119 NMP i \u015bw. Patron\u00f3w<\/p>\n\n\n\n<p><strong>&nbsp;&nbsp;&nbsp;&nbsp;&nbsp;&nbsp;&nbsp;&nbsp;&nbsp;&nbsp;&nbsp; &nbsp; 2)<\/strong> zaj. P. Pytlarz<\/p>\n\n\n\n<p><strong>18.oo \u2013 <\/strong>++ Franciszka w 10 rocz. \u015bm. i Stefani\u0119 w 4 rocz. \u015bm. z rodziny Parkasiewicz\u00f3w<\/p>\n\n\n\n<p>&nbsp;&nbsp;&nbsp;&nbsp;&nbsp;&nbsp;&nbsp;&nbsp;&nbsp;&nbsp;&nbsp;&nbsp;&nbsp; oraz ++ z rodziny Olejarnik\u00f3w \u2013 modli si\u0119 rodzina<\/p>\n","protected":false},"excerpt":{"rendered":"<p>Sk\u0142adaj\u0105c Ofiar\u0119, kt\u00f3ra nam przypomina niezmierzon\u0105 mi\u0142o\u015b\u0107 Twojego Syna, pokornie prosimy Ci\u0119, Bo\u017ce, przyjmij intencje Twoich wiernych i spraw przez dzia\u0142anie Eucharystii, aby w naszych rodzinach wzrasta\u0142a prawdziwa wiara, \u015bwi\u0119to\u015b\u0107 \u017cycia, braterska mi\u0142o\u015b\u0107 i duch modlitwy. Niech Matka Naj\u015bwi\u0119tsza wyprosi \u0142aski, o kt\u00f3re modlili\u015bmy si\u0119 w tej Mszy \u015bw. dla&#8230; <a class=\"continue-reading-link\" href=\"http:\/\/parafia.scinawa.info\/index.php\/2024\/06\/29\/intencje-mszalne-30-06-07-07-2024\/\">Czytaj dalej <span class=\"meta-nav\">&rarr; <\/span><\/a><\/p>\n","protected":false},"author":2,"featured_media":0,"comment_status":"closed","ping_status":"closed","sticky":false,"template":"","format":"standard","meta":{"footnotes":""},"categories":[39],"tags":[],"class_list":["post-2681","post","type-post","status-publish","format-standard","hentry","category-intencje"],"_links":{"self":[{"href":"http:\/\/parafia.scinawa.info\/index.php\/wp-json\/wp\/v2\/posts\/2681","targetHints":{"allow":["GET"]}}],"collection":[{"href":"http:\/\/parafia.scinawa.info\/index.php\/wp-json\/wp\/v2\/posts"}],"about":[{"href":"http:\/\/parafia.scinawa.info\/index.php\/wp-json\/wp\/v2\/types\/post"}],"author":[{"embeddable":true,"href":"http:\/\/parafia.scinawa.info\/index.php\/wp-json\/wp\/v2\/users\/2"}],"replies":[{"embeddable":true,"href":"http:\/\/parafia.scinawa.info\/index.php\/wp-json\/wp\/v2\/comments?post=2681"}],"version-history":[{"count":1,"href":"http:\/\/parafia.scinawa.info\/index.php\/wp-json\/wp\/v2\/posts\/2681\/revisions"}],"predecessor-version":[{"id":2682,"href":"http:\/\/parafia.scinawa.info\/index.php\/wp-json\/wp\/v2\/posts\/2681\/revisions\/2682"}],"wp:attachment":[{"href":"http:\/\/parafia.scinawa.info\/index.php\/wp-json\/wp\/v2\/media?parent=2681"}],"wp:term":[{"taxonomy":"category","embeddable":true,"href":"http:\/\/parafia.scinawa.info\/index.php\/wp-json\/wp\/v2\/categories?post=2681"},{"taxonomy":"post_tag","embeddable":true,"href":"http:\/\/parafia.scinawa.info\/index.php\/wp-json\/wp\/v2\/tags?post=2681"}],"curies":[{"name":"wp","href":"https:\/\/api.w.org\/{rel}","templated":true}]}}