{"id":2692,"date":"2024-07-12T11:43:04","date_gmt":"2024-07-12T09:43:04","guid":{"rendered":"http:\/\/parafia.scinawa.info\/?p=2692"},"modified":"2024-07-12T11:43:04","modified_gmt":"2024-07-12T09:43:04","slug":"intencje-mszalne-14-07-21-07-2024","status":"publish","type":"post","link":"http:\/\/parafia.scinawa.info\/index.php\/2024\/07\/12\/intencje-mszalne-14-07-21-07-2024\/","title":{"rendered":"INTENCJE MSZALNE 14.07. \u00a0\u2013 21.07. 2024"},"content":{"rendered":"\n<p><strong><em>Sk\u0142adaj\u0105c Ofiar\u0119, kt\u00f3ra nam przypomina niezmierzon\u0105 mi\u0142o\u015b\u0107 Twojego Syna, pokornie prosimy Ci\u0119, Bo\u017ce, przyjmij intencje Twoich wiernych i spraw przez dzia\u0142anie Eucharystii, aby w naszych rodzinach wzrasta\u0142a prawdziwa wiara, \u015bwi\u0119to\u015b\u0107 \u017cycia, braterska mi\u0142o\u015b\u0107 i duch modlitwy. <\/em><\/strong><strong>Niech Matka Naj\u015bwi\u0119tsza wyprosi \u0142aski, o kt\u00f3re modlili\u015bmy si\u0119 w tej Mszy \u015bw. dla \u2026 Za\u015b zmar\u0142ym \u2026 za kt\u00f3rych odprawiali\u015bmy Msz\u0119 \u015bw.: <u>wieczny odpoczynek racz im da\u0107 Panie<\/u> (\u2026); niech odpoczywaj\u0105 w pokoju wiecznym. Amen<\/strong><\/p>\n\n\n\n<p><strong><u>14.07<em>. &#8211; NIEDZIELA&nbsp; <\/em><\/u><\/strong><em><\/em><\/p>\n\n\n\n<p><strong>8.oo \u2013 1) <\/strong>+ m\u0119\u017ca Boles\u0142awa Bilewicza i zi\u0119cia Henryka \u2013 modli si\u0119 Janina z rodzin\u0105<\/p>\n\n\n\n<p><strong>&nbsp;&nbsp;&nbsp;&nbsp;&nbsp;&nbsp;&nbsp;&nbsp;&nbsp;&nbsp;&nbsp; &nbsp; 2)<\/strong> + Janin\u0119 Soko\u0142owsk\u0105 w 1 rocz. \u015bm. \u2013 modl\u0105 si\u0119 syn z \u017con\u0105, wnuk Marcin, wnuczka Emilia<\/p>\n\n\n\n<p>&nbsp;&nbsp;&nbsp;&nbsp;&nbsp;&nbsp;&nbsp;&nbsp;&nbsp;&nbsp;&nbsp;&nbsp;&nbsp;&nbsp;&nbsp;&nbsp;&nbsp; i prawnuczka R\u00f3\u017ca<\/p>\n\n\n\n<p><strong>11.oo \u2013 1) <\/strong>++ Zbigniewa, Andrzeja, Helen\u0119, Kazimierza i Andrzeja Budnych, Mariana, Natali\u0119, J\u00f3zefa,<\/p>\n\n\n\n<p>&nbsp;&nbsp;&nbsp;&nbsp;&nbsp;&nbsp;&nbsp;&nbsp;&nbsp;&nbsp;&nbsp;&nbsp;&nbsp;&nbsp;&nbsp;&nbsp;&nbsp;&nbsp; Jerzego, Klar\u0119 Osak\u00f3w oraz Waleri\u0119 i Ludwika Grze\u017cu\u0142kowskich<\/p>\n\n\n\n<p><strong>&nbsp;&nbsp;&nbsp;&nbsp;&nbsp;&nbsp;&nbsp;&nbsp;&nbsp;&nbsp;&nbsp; &nbsp; 2) <\/strong>++ Micha\u0142a i Kazimier\u0119, ++ dziadk\u00f3w z obu stron, ++ z rodziny Babij\u00f3w, Arciszewskich,<\/p>\n\n\n\n<p>&nbsp;&nbsp;&nbsp;&nbsp;&nbsp;&nbsp;&nbsp;&nbsp;&nbsp;&nbsp;&nbsp;&nbsp;&nbsp;&nbsp;&nbsp;&nbsp;&nbsp; Urba\u0144skich, Chrzanowskich, Malisz\u00f3w, Baran\u00f3w, siostr\u0119 Agnieszk\u0119 Jadwi\u017cank\u0119 oraz dusze<\/p>\n\n\n\n<p>&nbsp;&nbsp;&nbsp;&nbsp;&nbsp;&nbsp;&nbsp;&nbsp;&nbsp;&nbsp;&nbsp;&nbsp;&nbsp;&nbsp;&nbsp;&nbsp;&nbsp; w czy\u015b\u0107cu cierpi\u0105ce \u2013 modli si\u0119 rodzina&nbsp;<\/p>\n\n\n\n<p><strong>12.3o \u2013 1) <\/strong>w 5 rocz. urodzin Zbysia&nbsp; oraz za Kazia Wajd\u00f3w dzi\u0119kczynna za otrzymane \u0142aski z pro\u015bb\u0105<\/p>\n\n\n\n<p>&nbsp;&nbsp;&nbsp;&nbsp;&nbsp;&nbsp;&nbsp;&nbsp;&nbsp;&nbsp;&nbsp;&nbsp;&nbsp;&nbsp;&nbsp;&nbsp;&nbsp; o zdrowie, Bo\u017ce b\u0142ogos\u0142awie\u0144stwo, dary Ducha \u015awi\u0119tego, opiek\u0119 NMP i \u015bw. Patron\u00f3w<\/p>\n\n\n\n<p>&nbsp;&nbsp;&nbsp;&nbsp;&nbsp;&nbsp;&nbsp;&nbsp;&nbsp;&nbsp;&nbsp;&nbsp;&nbsp;&nbsp;&nbsp;&nbsp;&nbsp; \u2013 modl\u0105 si\u0119 dziadkowie<\/p>\n\n\n\n<p><strong>&nbsp;&nbsp;&nbsp;&nbsp;&nbsp;&nbsp;&nbsp;&nbsp;&nbsp;&nbsp;&nbsp; &nbsp; 2)<\/strong> + Wincentego Stanisza \u2013 gregorianka 14<\/p>\n\n\n\n<p><strong>18.oo \u2013 <\/strong>+ Maryl\u0119 Sta\u0144czyk z domu Szymczak w 5 rocz. \u015bm. oraz ++ Kazimier\u0119 i J\u00f3zefa Szymczak\u00f3w<\/p>\n\n\n\n<p>&nbsp;&nbsp;&nbsp;&nbsp;&nbsp;&nbsp;&nbsp;&nbsp;&nbsp;&nbsp;&nbsp;&nbsp;&nbsp;&nbsp;&nbsp;&nbsp;&nbsp; \u2013 modli si\u0119 rodzina<strong>&nbsp; &nbsp;<\/strong>&nbsp;<\/p>\n\n\n\n<p><strong><u>15.07<em>. \u2013 PONIEDZIA\u0141EK<\/em><\/u><\/strong><\/p>\n\n\n\n<p><strong>&nbsp; &nbsp;&nbsp;7.oo \u2013 <\/strong>+ Wincentego Stanisza \u2013 gregorianka 15<\/p>\n\n\n\n<p><strong>18.oo \u2013 <\/strong>++ Zbigniewa i Wiolett\u0119 Beni\u00f3w \u2013 modli si\u0119 \u017cona z rodzin\u0105<\/p>\n\n\n\n<p><strong><u>16.07<em>. &#8211; WTOREK<\/em><\/u><\/strong><em><\/em><\/p>\n\n\n\n<p><strong>7.oo \u2013 <\/strong>+ Wincentego Stanisza \u2013 gregorianka 16<\/p>\n\n\n\n<p><strong>18.oo \u2013 <\/strong>++ m\u0119\u017ca Leszka Fidlera oraz rodzic\u00f3w: Mari\u0119 i Stanis\u0142awa \u2013 modli si\u0119 rodzina<\/p>\n\n\n\n<p><strong><u>17.07<em>. \u2013 \u015aRODA<\/em><\/u><\/strong><\/p>\n\n\n\n<p><strong>&nbsp; 7.oo \u2013 <\/strong>+ Wincentego Stanisza \u2013 gregorianka 17<strong><\/strong><\/p>\n\n\n\n<p><strong>18.oo \u2013&nbsp; intencja zbiorowa nowennowa:<\/strong><\/p>\n\n\n\n<p><strong>1)<\/strong> + Krzysztofa Lulka w 36 rocz. \u015bm. \u2013 modl\u0105 si\u0119 rodzice z rodzin\u0105<\/p>\n\n\n\n<p><strong>2)<\/strong> + m\u0119\u017ca Bogdana z racji ziemskich imienin \u2013 modli si\u0119 \u017cona z dzie\u0107mi i wnukami<\/p>\n\n\n\n<p><strong>3)<\/strong> + Micha\u0142a Justa w 7 rocz. \u015bm oraz ++ z rodziny Just\u00f3w, Adamczak\u00f3w i Szymankiewicz\u00f3w \u2013 modli si\u0119<\/p>\n\n\n\n<p>&nbsp;&nbsp;&nbsp;&nbsp;&nbsp; rodzina<\/p>\n\n\n\n<p><strong>4)<\/strong> + J\u00f3zefa Kaczmarka oraz ++ jego rodzic\u00f3w: Stefana i Wiktori\u0119 \u2013 modli si\u0119 rodzina<\/p>\n\n\n\n<p><strong>5)<\/strong> + Halin\u0119 Usak \u2013 modl\u0105 si\u0119 s\u0105siedzi z ul. Wiosennej<\/p>\n\n\n\n<p><strong>6)<\/strong><\/p>\n\n\n\n<p><strong><u>18.07<em>. \u2013 CZWARTEK <\/em><\/u><\/strong><em>&nbsp;<\/em><\/p>\n\n\n\n<p><strong>&nbsp; 7.oo \u2013<\/strong>&nbsp; + Wincentego Stanisza \u2013 gregorianka 18<\/p>\n\n\n\n<p><strong>18.oo \u2013 &nbsp;<\/strong>w 50 rocz. urodzin El\u017cbiety i w intencji jej rodziny dzi\u0119kczynna za otrzymane \u0142aski z pro\u015bb\u0105<\/p>\n\n\n\n<p>&nbsp;&nbsp;&nbsp;&nbsp;&nbsp;&nbsp;&nbsp;&nbsp;&nbsp;&nbsp;&nbsp;&nbsp;&nbsp;&nbsp; o zdrowie, &nbsp;dary Ducha \u015awi\u0119tego, Bo\u017ce b\u0142ogos\u0142awie\u0144stwo, opiek\u0119 NMP i \u015bw. Patron\u00f3w<\/p>\n\n\n\n<p>&nbsp;&nbsp;&nbsp;&nbsp;&nbsp;&nbsp;&nbsp;&nbsp;&nbsp;&nbsp;&nbsp;&nbsp;&nbsp;&nbsp; \u2013 modli si\u0119 rodzina<\/p>\n\n\n\n<p><strong><u>19.07<em>. \u2013 PI\u0104TEK<\/em><\/u><\/strong><\/p>\n\n\n\n<p><strong>&nbsp; 7.oo \u2013<\/strong> + Ignacego w 20 rocz. \u015bm. oraz ++ Leokadi\u0119, Jana i Krzysztofa Milczark\u00f3w \u2013 modli si\u0119 rodzina<\/p>\n\n\n\n<p><strong>18.oo \u2013 <\/strong>+ tat\u0119 Aleksandra, ++ z rodziny Sienkiewicz\u00f3w i Ilkowskich oraz dusze w czy\u015b\u0107cu cierpi\u0105ce<\/p>\n\n\n\n<p>&nbsp;&nbsp;&nbsp;&nbsp;&nbsp;&nbsp;&nbsp;&nbsp;&nbsp;&nbsp;&nbsp;&nbsp;&nbsp;&nbsp; \u2013 modli si\u0119 c\u00f3rka z rodzin\u0105<\/p>\n\n\n\n<p><strong><em><u>20.07. \u2013 SOBOTA<\/u><\/em><\/strong><\/p>\n\n\n\n<p><strong>&nbsp; 7.oo \u2013<\/strong> + Jana Feliszka oraz ++ rodzic\u00f3w z obu stron: Zofi\u0119 i Aleksandra, Kamil\u0119 i Bronis\u0142awa \u2013 modli si\u0119<\/p>\n\n\n\n<p>&nbsp;&nbsp;&nbsp;&nbsp;&nbsp;&nbsp;&nbsp;&nbsp;&nbsp;&nbsp;&nbsp;&nbsp;&nbsp;&nbsp; \u017cona z rodzin\u0105<\/p>\n\n\n\n<p><strong>18.oo \u2013 1) <\/strong>w 93 rocz. urodzin Eugeniusza Winiarskiego dzi\u0119kczynna za otrzymane \u0142aski z pro\u015bb\u0105<\/p>\n\n\n\n<p>&nbsp;&nbsp;&nbsp;&nbsp;&nbsp;&nbsp;&nbsp;&nbsp;&nbsp;&nbsp;&nbsp;&nbsp;&nbsp;&nbsp;&nbsp;&nbsp;&nbsp; o zdrowie, Bo\u017ce b\u0142ogos\u0142awie\u0144stwo, dary Ducha \u015awi\u0119tego, opiek\u0119 NMP i \u015bw. Patron\u00f3w<\/p>\n\n\n\n<p>&nbsp;&nbsp;&nbsp;&nbsp;&nbsp;&nbsp;&nbsp;&nbsp;&nbsp;&nbsp;&nbsp;&nbsp;&nbsp;&nbsp;&nbsp;&nbsp;&nbsp; \u2013 modl\u0105 si\u0119 dzieci, wnuki i prawnuki<\/p>\n\n\n\n<p><strong>&nbsp;&nbsp;&nbsp;&nbsp;&nbsp;&nbsp;&nbsp;&nbsp;&nbsp;&nbsp;&nbsp; &nbsp; 2) <\/strong>++ Zofi\u0119, Baltazara i Alfreda z rodziny Koz\u0142owskich<\/p>\n\n\n\n<p><strong><em><u>21.07. \u2013 NIEDZIELA&nbsp;<\/u><\/em><\/strong><\/p>\n\n\n\n<p><strong>&nbsp; 8.oo \u2013&nbsp; <\/strong>w intencji Marii w dniu imienin dzi\u0119kczynna za otrzymane \u0142aski z pro\u015bb\u0105 o zdrowie, dary Ducha<\/p>\n\n\n\n<p>&nbsp;&nbsp;&nbsp;&nbsp;&nbsp;&nbsp;&nbsp;&nbsp;&nbsp;&nbsp;&nbsp;&nbsp;&nbsp;&nbsp;&nbsp;&nbsp;&nbsp; \u015awi\u0119tego, Bo\u017ce b\u0142ogos\u0142awie\u0144stwo, opiek\u0119 NMP i \u015bw. Patron\u00f3w \u2013 modli si\u0119 m\u0105\u017c z rodzin\u0105<\/p>\n\n\n\n<p><strong>11.oo \u2013 <\/strong>+ m\u0119\u017ca Zbigniewa Rynga w 2 rocz. \u015bm.,&nbsp; ++ te\u015bci\u00f3w, tat\u0119, brata i siostr\u0119 \u2013 modli si\u0119 rodzina<\/p>\n\n\n\n<p><strong>12.3o \u2013 <\/strong>&nbsp;w 23 rocz. urodzin Magdaleny dzi\u0119kczynna za otrzymane \u0142aski z pro\u015bb\u0105 o zdrowie, dary Ducha<\/p>\n\n\n\n<p>&nbsp;&nbsp;&nbsp;&nbsp;&nbsp;&nbsp;&nbsp;&nbsp;&nbsp;&nbsp;&nbsp;&nbsp;&nbsp;&nbsp;&nbsp;&nbsp; \u015awi\u0119tego, Bo\u017ce b\u0142ogos\u0142awie\u0144stwo, opiek\u0119 NMP i \u015bw. Patron\u00f3w na ka\u017cdy dzie\u0144 \u017cycia<\/p>\n\n\n\n<p><strong>18.oo \u2013 <\/strong>++ Czes\u0142aw\u0119 i J\u00f3zefa, braci, siostry, bratowe z rodziny Machowiak\u00f3w, Jana G\u00f3nerk\u0119,<\/p>\n\n\n\n<p>Dariusza i Alin\u0119 Kobl\u00f3w<\/p>\n","protected":false},"excerpt":{"rendered":"<p>Sk\u0142adaj\u0105c Ofiar\u0119, kt\u00f3ra nam przypomina niezmierzon\u0105 mi\u0142o\u015b\u0107 Twojego Syna, pokornie prosimy Ci\u0119, Bo\u017ce, przyjmij intencje Twoich wiernych i spraw przez dzia\u0142anie Eucharystii, aby w naszych rodzinach wzrasta\u0142a prawdziwa wiara, \u015bwi\u0119to\u015b\u0107 \u017cycia, braterska mi\u0142o\u015b\u0107 i duch modlitwy. Niech Matka Naj\u015bwi\u0119tsza wyprosi \u0142aski, o kt\u00f3re modlili\u015bmy si\u0119 w tej Mszy \u015bw. dla&#8230; <a class=\"continue-reading-link\" href=\"http:\/\/parafia.scinawa.info\/index.php\/2024\/07\/12\/intencje-mszalne-14-07-21-07-2024\/\">Czytaj dalej <span class=\"meta-nav\">&rarr; <\/span><\/a><\/p>\n","protected":false},"author":2,"featured_media":0,"comment_status":"closed","ping_status":"closed","sticky":false,"template":"","format":"standard","meta":{"footnotes":""},"categories":[39],"tags":[],"class_list":["post-2692","post","type-post","status-publish","format-standard","hentry","category-intencje"],"_links":{"self":[{"href":"http:\/\/parafia.scinawa.info\/index.php\/wp-json\/wp\/v2\/posts\/2692","targetHints":{"allow":["GET"]}}],"collection":[{"href":"http:\/\/parafia.scinawa.info\/index.php\/wp-json\/wp\/v2\/posts"}],"about":[{"href":"http:\/\/parafia.scinawa.info\/index.php\/wp-json\/wp\/v2\/types\/post"}],"author":[{"embeddable":true,"href":"http:\/\/parafia.scinawa.info\/index.php\/wp-json\/wp\/v2\/users\/2"}],"replies":[{"embeddable":true,"href":"http:\/\/parafia.scinawa.info\/index.php\/wp-json\/wp\/v2\/comments?post=2692"}],"version-history":[{"count":1,"href":"http:\/\/parafia.scinawa.info\/index.php\/wp-json\/wp\/v2\/posts\/2692\/revisions"}],"predecessor-version":[{"id":2693,"href":"http:\/\/parafia.scinawa.info\/index.php\/wp-json\/wp\/v2\/posts\/2692\/revisions\/2693"}],"wp:attachment":[{"href":"http:\/\/parafia.scinawa.info\/index.php\/wp-json\/wp\/v2\/media?parent=2692"}],"wp:term":[{"taxonomy":"category","embeddable":true,"href":"http:\/\/parafia.scinawa.info\/index.php\/wp-json\/wp\/v2\/categories?post=2692"},{"taxonomy":"post_tag","embeddable":true,"href":"http:\/\/parafia.scinawa.info\/index.php\/wp-json\/wp\/v2\/tags?post=2692"}],"curies":[{"name":"wp","href":"https:\/\/api.w.org\/{rel}","templated":true}]}}