{"id":2696,"date":"2024-07-12T13:06:29","date_gmt":"2024-07-12T11:06:29","guid":{"rendered":"http:\/\/parafia.scinawa.info\/?p=2696"},"modified":"2024-07-12T13:06:29","modified_gmt":"2024-07-12T11:06:29","slug":"intencje-mszalne-21-07-28-07-2024","status":"publish","type":"post","link":"http:\/\/parafia.scinawa.info\/index.php\/2024\/07\/12\/intencje-mszalne-21-07-28-07-2024\/","title":{"rendered":"INTENCJE MSZALNE 21.07. \u00a0\u2013 28.07. 2024"},"content":{"rendered":"\n<p><strong><em>Sk\u0142adaj\u0105c Ofiar\u0119, kt\u00f3ra nam przypomina niezmierzon\u0105 mi\u0142o\u015b\u0107 Twojego Syna, pokornie prosimy Ci\u0119, Bo\u017ce, przyjmij intencje Twoich wiernych i spraw przez dzia\u0142anie Eucharystii, aby w naszych rodzinach wzrasta\u0142a prawdziwa wiara, \u015bwi\u0119to\u015b\u0107 \u017cycia, braterska mi\u0142o\u015b\u0107 i duch modlitwy. <\/em><\/strong><strong>Niech Matka Naj\u015bwi\u0119tsza wyprosi \u0142aski, o kt\u00f3re modlili\u015bmy si\u0119 w tej Mszy \u015bw. dla \u2026 Za\u015b zmar\u0142ym \u2026 za kt\u00f3rych odprawiali\u015bmy Msz\u0119 \u015bw.: <u>wieczny odpoczynek racz im da\u0107 Panie<\/u> (\u2026); niech odpoczywaj\u0105 w pokoju wiecznym. Amen<\/strong><\/p>\n\n\n\n<p><strong><u>21.07<em>. &#8211; NIEDZIELA&nbsp; <\/em><\/u><\/strong><em><\/em><\/p>\n\n\n\n<p><strong>8.oo \u2013&nbsp; <\/strong>w intencji Marii w dniu imienin dzi\u0119kczynna za otrzymane \u0142aski z pro\u015bb\u0105 o zdrowie, dary Ducha<\/p>\n\n\n\n<p>&nbsp;&nbsp;&nbsp;&nbsp;&nbsp;&nbsp;&nbsp;&nbsp;&nbsp;&nbsp;&nbsp;&nbsp;&nbsp;&nbsp;&nbsp;&nbsp;&nbsp; \u015awi\u0119tego, Bo\u017ce b\u0142ogos\u0142awie\u0144stwo, opiek\u0119 NMP i \u015bw. Patron\u00f3w \u2013 modli si\u0119 m\u0105\u017c z rodzin\u0105<\/p>\n\n\n\n<p><strong>11.oo \u2013 <\/strong>+ m\u0119\u017ca Zbigniewa Rynga w 2 rocz. \u015bm.,&nbsp; ++ te\u015bci\u00f3w, tat\u0119, brata i siostr\u0119 \u2013 modli si\u0119 rodzina<\/p>\n\n\n\n<p><strong>12.3o \u2013 <\/strong>&nbsp;w 23 rocz. urodzin Magdaleny dzi\u0119kczynna za otrzymane \u0142aski z pro\u015bb\u0105 o zdrowie, dary Ducha<\/p>\n\n\n\n<p>&nbsp;&nbsp;&nbsp;&nbsp;&nbsp;&nbsp;&nbsp;&nbsp;&nbsp;&nbsp;&nbsp;&nbsp;&nbsp;&nbsp;&nbsp;&nbsp; \u015awi\u0119tego, Bo\u017ce b\u0142ogos\u0142awie\u0144stwo, opiek\u0119 NMP i \u015bw. Patron\u00f3w na ka\u017cdy dzie\u0144 \u017cycia<\/p>\n\n\n\n<p><strong>18.oo \u2013 <\/strong>++ Czes\u0142aw\u0119 i J\u00f3zefa, braci, siostry, bratowe z rodziny Machowiak\u00f3w, Jana G\u00f3nerk\u0119,<\/p>\n\n\n\n<p>&nbsp;&nbsp;&nbsp;&nbsp;&nbsp;&nbsp;&nbsp;&nbsp;&nbsp;&nbsp;&nbsp;&nbsp;&nbsp;&nbsp; Dariusza i Alin\u0119 Kobl\u00f3w<strong>&nbsp; &nbsp;<\/strong>&nbsp;<\/p>\n\n\n\n<p><strong><u>22.07<em>. \u2013 PONIEDZIA\u0141EK<\/em><\/u><\/strong><\/p>\n\n\n\n<p><strong>&nbsp; &nbsp;&nbsp;7.oo \u2013 <\/strong>&nbsp;+ Wincentego Stanisza \u2013 gregorianka 22<\/p>\n\n\n\n<p><strong>18.oo \u2013 1) <\/strong>&nbsp;+ Mariann\u0119 Truch w rocz. ziemskich urodzin \u2013 modli si\u0119 c\u00f3rka z rodzin\u0105<\/p>\n\n\n\n<p><strong>&nbsp;&nbsp;&nbsp;&nbsp;&nbsp;&nbsp;&nbsp;&nbsp;&nbsp;&nbsp;&nbsp; &nbsp; 2) <\/strong>+ Ryszarda Olka \u2013 modli si\u0119 rodzina<\/p>\n\n\n\n<p><strong><u>23.07<em>. &#8211; WTOREK<\/em><\/u><\/strong><em><\/em><\/p>\n\n\n\n<p><strong>7.oo \u2013 <\/strong>+ Wincentego Stanisza \u2013 gregorianka 23<\/p>\n\n\n\n<p><strong>18.oo \u2013 1) <\/strong>&nbsp;zaj. P. Podbor\u0105czy\u0144ska<\/p>\n\n\n\n<p><strong>&nbsp;&nbsp;&nbsp;&nbsp;&nbsp;&nbsp;&nbsp;&nbsp;&nbsp;&nbsp;&nbsp; &nbsp; 2) <\/strong>+ Grzegorza Kapa\u0142\u0119 z racji ziemskich urodzin \u2013 modli si\u0119 \u017cona z rodzin\u0105<\/p>\n\n\n\n<p><strong><u>24.07<em>. \u2013 \u015aRODA<\/em><\/u><\/strong><\/p>\n\n\n\n<p><strong>&nbsp; 7.oo \u2013 <\/strong>+ Wincentego Stanisza \u2013 gregorianka 24<strong><\/strong><\/p>\n\n\n\n<p><strong>18.oo \u2013&nbsp; intencja zbiorowa nowennowa:<\/strong><\/p>\n\n\n\n<p><strong>1)<\/strong> w intencji Magdaleny i Jakuba z racji urodzin i imienin dzi\u0119kczynna za otrzymane \u0142aski z pro\u015bb\u0105<\/p>\n\n\n\n<p>o zdrowie, Bo\u017ce b\u0142ogos\u0142awie\u0144stwo, dary Ducha \u015awi\u0119tego, opiek\u0119 NMP i \u015bw. Patron\u00f3w \u2013 modli si\u0119 rodzina<\/p>\n\n\n\n<p><strong>2)<\/strong> ++ Romana, Mari\u0119, J\u00f3zefa z rodziny Warcho\u0142\u00f3w oraz Eugeni\u0119 i Piotra z rodziny Bilewicz\u00f3w \u2013 modli si\u0119<\/p>\n\n\n\n<p>&nbsp;&nbsp;&nbsp;&nbsp;&nbsp; rodzina<\/p>\n\n\n\n<p><strong>3)<\/strong> + Miko\u0142aja Hynka &#8211; 30 dzie\u0144 od pogrzebu &#8211; intencja od uczestnik\u00f3w Mszy pogrzebowej<\/p>\n\n\n\n<p><strong>4)<\/strong> w intencji ksi\u0119\u017cy Tomasza i Marka dzi\u0119kczynna za otrzymane \u0142aski z pro\u015bb\u0105 o zdrowie, dary Ducha<\/p>\n\n\n\n<p>&nbsp;&nbsp;&nbsp;&nbsp; \u015awi\u0119tego, Bo\u017ce b\u0142ogos\u0142awie\u0144stwo, opiek\u0119 NMP i \u015bw. Patron\u00f3w<\/p>\n\n\n\n<p><strong>5)<\/strong><\/p>\n\n\n\n<p><strong><u>25.07<em>. \u2013 CZWARTEK <\/em><\/u><\/strong><em>&nbsp;<\/em><\/p>\n\n\n\n<p><strong>&nbsp; 7.oo \u2013<\/strong> + brata Sylwestra, rodzic\u00f3w z obu stron i dusze w czy\u015b\u0107cu cierpi\u0105ce \u2013 modli si\u0119 siostra z m\u0119\u017cem<\/p>\n\n\n\n<p><strong>18.oo \u2013 1) <\/strong>zaj. Dawid Kaczor<\/p>\n\n\n\n<p><strong>&nbsp;&nbsp;&nbsp;&nbsp;&nbsp;&nbsp;&nbsp;&nbsp;&nbsp;&nbsp;&nbsp; &nbsp; 2) <\/strong>zaj.<\/p>\n\n\n\n<p><strong><u>26.07<em>. \u2013 PI\u0104TEK<\/em><\/u><\/strong><\/p>\n\n\n\n<p><strong>&nbsp; 7.oo \u2013<\/strong>&nbsp; ++ rodzic\u00f3w: Ann\u0119 i J\u00f3zefa Podlewskich \u2013 modli si\u0119 c\u00f3rka z rodzin\u0105<\/p>\n\n\n\n<p><strong>18.oo \u20131) <\/strong>&nbsp;zaj. P. Szeliga<\/p>\n\n\n\n<p><strong>&nbsp;&nbsp;&nbsp;&nbsp;&nbsp;&nbsp;&nbsp;&nbsp;&nbsp;&nbsp;&nbsp; &nbsp; 2) <\/strong>+ Dari\u0119 Marczuk w 1 rocz. \u015bm. \u2013 modl\u0105 si\u0119 rodzice z rodzin\u0105<strong><\/strong><\/p>\n\n\n\n<p><strong><em><u>27.07. \u2013 SOBOTA<\/u><\/em><\/strong><\/p>\n\n\n\n<p><strong>&nbsp; 7.oo \u2013<\/strong> + Wincentego Stanisza \u2013 gregorianka 27<\/p>\n\n\n\n<p><strong>18.oo \u2013 <\/strong>+ El\u017cbiet\u0119 w 9 rocz. \u015bm. oraz ++ z rodziny Kowaliszyn\u00f3w i Ho\u0142yk\u00f3w<\/p>\n\n\n\n<p><strong><em><u>28.07. \u2013 NIEDZIELA&nbsp;<\/u><\/em><\/strong><\/p>\n\n\n\n<p><strong>&nbsp; 8.oo \u2013 1) <\/strong>++ Mariann\u0119 w 2 rocz. \u015bm. i J\u00f3zefa Witasiak\u00f3w \u2013 modl\u0105 si\u0119 synowie z rodzinami<\/p>\n\n\n\n<p><strong>&nbsp;&nbsp;&nbsp;&nbsp;&nbsp;&nbsp;&nbsp;&nbsp;&nbsp;&nbsp;&nbsp; &nbsp; 2)<\/strong> zaj. P. \u017bo\u0142y\u0144scy<\/p>\n\n\n\n<p><strong>11.oo \u2013 <\/strong>+ Ludwik\u0119 Szmigielsk\u0105 \u2013 modli si\u0119 rodzina<\/p>\n\n\n\n<p><strong>12.3o \u2013 <\/strong>+ Helen\u0119 Lewandowsk\u0105 w 11 miesi\u0119cy po \u015bmierci, ++ z rodziny Lewandowskich i Sobolewskich<\/p>\n\n\n\n<p><strong>18.oo \u2013 <\/strong>zaj. P. Bogacz<\/p>\n","protected":false},"excerpt":{"rendered":"<p>Sk\u0142adaj\u0105c Ofiar\u0119, kt\u00f3ra nam przypomina niezmierzon\u0105 mi\u0142o\u015b\u0107 Twojego Syna, pokornie prosimy Ci\u0119, Bo\u017ce, przyjmij intencje Twoich wiernych i spraw przez dzia\u0142anie Eucharystii, aby w naszych rodzinach wzrasta\u0142a prawdziwa wiara, \u015bwi\u0119to\u015b\u0107 \u017cycia, braterska mi\u0142o\u015b\u0107 i duch modlitwy. Niech Matka Naj\u015bwi\u0119tsza wyprosi \u0142aski, o kt\u00f3re modlili\u015bmy si\u0119 w tej Mszy \u015bw. dla&#8230; <a class=\"continue-reading-link\" href=\"http:\/\/parafia.scinawa.info\/index.php\/2024\/07\/12\/intencje-mszalne-21-07-28-07-2024\/\">Czytaj dalej <span class=\"meta-nav\">&rarr; <\/span><\/a><\/p>\n","protected":false},"author":2,"featured_media":0,"comment_status":"closed","ping_status":"closed","sticky":false,"template":"","format":"standard","meta":{"footnotes":""},"categories":[39],"tags":[],"class_list":["post-2696","post","type-post","status-publish","format-standard","hentry","category-intencje"],"_links":{"self":[{"href":"http:\/\/parafia.scinawa.info\/index.php\/wp-json\/wp\/v2\/posts\/2696","targetHints":{"allow":["GET"]}}],"collection":[{"href":"http:\/\/parafia.scinawa.info\/index.php\/wp-json\/wp\/v2\/posts"}],"about":[{"href":"http:\/\/parafia.scinawa.info\/index.php\/wp-json\/wp\/v2\/types\/post"}],"author":[{"embeddable":true,"href":"http:\/\/parafia.scinawa.info\/index.php\/wp-json\/wp\/v2\/users\/2"}],"replies":[{"embeddable":true,"href":"http:\/\/parafia.scinawa.info\/index.php\/wp-json\/wp\/v2\/comments?post=2696"}],"version-history":[{"count":1,"href":"http:\/\/parafia.scinawa.info\/index.php\/wp-json\/wp\/v2\/posts\/2696\/revisions"}],"predecessor-version":[{"id":2697,"href":"http:\/\/parafia.scinawa.info\/index.php\/wp-json\/wp\/v2\/posts\/2696\/revisions\/2697"}],"wp:attachment":[{"href":"http:\/\/parafia.scinawa.info\/index.php\/wp-json\/wp\/v2\/media?parent=2696"}],"wp:term":[{"taxonomy":"category","embeddable":true,"href":"http:\/\/parafia.scinawa.info\/index.php\/wp-json\/wp\/v2\/categories?post=2696"},{"taxonomy":"post_tag","embeddable":true,"href":"http:\/\/parafia.scinawa.info\/index.php\/wp-json\/wp\/v2\/tags?post=2696"}],"curies":[{"name":"wp","href":"https:\/\/api.w.org\/{rel}","templated":true}]}}