{"id":2698,"date":"2024-07-12T13:10:37","date_gmt":"2024-07-12T11:10:37","guid":{"rendered":"http:\/\/parafia.scinawa.info\/?p=2698"},"modified":"2024-07-12T13:10:37","modified_gmt":"2024-07-12T11:10:37","slug":"ogloszenia-duszpasterskie-16-niedziela-zwykla-21-07-2024","status":"publish","type":"post","link":"http:\/\/parafia.scinawa.info\/index.php\/2024\/07\/12\/ogloszenia-duszpasterskie-16-niedziela-zwykla-21-07-2024\/","title":{"rendered":"Og\u0142oszenia duszpasterskie -16 Niedziela zwyk\u0142a \u2013 21.07. 2024"},"content":{"rendered":"\n<p><strong><u>1<\/u><\/strong><strong>.<\/strong> Dzi\u015b prze\u017cywamy <strong>16 Niedziel\u0119 zwyk\u0142\u0105<\/strong>. Msze \u015bw. wed\u0142ug porz\u0105dku wakacyjnego.<\/p>\n\n\n\n<p><strong><u>3.<\/u><\/strong> Codziennie spowied\u017a i adoracja Naj\u015bwi\u0119tszego Sakramentu o godz. <strong>17<sup>00<\/sup>.<\/strong><\/p>\n\n\n\n<p><strong><u>4. <\/u><\/strong><strong>W tym tygodniu nabo\u017ce\u0144stwa:<\/strong><\/p>\n\n\n\n<p><strong>&#8211; <u>w poniedzia\u0142ek<\/u>&nbsp; &#8211; <\/strong>nabo\u017ce\u0144stwo<strong> <em>do Bo\u017cego Mi\u0142osierdzia<\/em> &nbsp;i \u015bw. Rity <\/strong>o godz. <strong>17<sup>30<\/sup><\/strong><\/p>\n\n\n\n<p><strong>&#8211; <u>we wtorek<\/u>&nbsp; &nbsp;&nbsp;&nbsp;&nbsp;&nbsp;&nbsp; &#8211; <\/strong>nabo\u017ce\u0144stwo<strong> <em>do \u015bw. Ojca Pio<\/em> <\/strong>o godz. <strong>17<sup>30<\/sup><\/strong><\/p>\n\n\n\n<p><strong>&#8211;<\/strong> <strong><u>w \u015brod\u0119<\/u><\/strong> &nbsp;&nbsp;&nbsp;&nbsp;&nbsp;&nbsp;&nbsp;&nbsp;&nbsp;&nbsp;&nbsp; <strong>&#8211; <\/strong>Nowenna do <strong><em>NMP Nieustaj\u0105cej Pomocy <\/em><\/strong>&nbsp;o godz. <strong>17<sup>30<\/sup><\/strong><\/p>\n\n\n\n<p>&#8211; <strong><u>w niedziel\u0119<\/u><\/strong> &nbsp;&nbsp;&nbsp;&nbsp;&nbsp;&nbsp; <strong>&#8211; <\/strong>nabo\u017ce\u0144stwo<strong> <em>do \u015bw. O. Szarbela<\/em> <\/strong>o godz. <strong>17<sup>30<\/sup><\/strong><\/p>\n\n\n\n<p><strong><u>5.<\/u><\/strong><strong> <\/strong>W tym tygodniu obchodzimy:<strong><\/strong><\/p>\n\n\n\n<p>&#8211; <strong><u>w poniedzia\u0142ek<\/u><\/strong> &nbsp;&nbsp;\u2013 \u015bwi\u0119to \u015bw. Marii Magdaleny<\/p>\n\n\n\n<p>&#8211; <strong><u>we wtorek<\/u><\/strong> &nbsp;&nbsp;&nbsp;&nbsp;&nbsp;&nbsp;&nbsp;&nbsp;&nbsp;&nbsp;\u2013 \u015bwi\u0119to \u015bw. Brygidy<\/p>\n\n\n\n<p>&#8211; <strong><u>w \u015brod\u0119<\/u><\/strong> &nbsp;&nbsp;&nbsp;&nbsp;&nbsp;&nbsp;&nbsp;&nbsp;&nbsp;&nbsp;&nbsp;&nbsp;&nbsp; \u2013 wspomnienie \u015bw. Kingi, dziewicy<\/p>\n\n\n\n<p>&#8211; <strong><u>w czwartek<\/u><\/strong> &nbsp;&nbsp;&nbsp;&nbsp;&nbsp;&nbsp;&nbsp;\u2013 \u015bwi\u0119to \u015bw. Jakuba Aposto\u0142a<strong><em> Po Mszy wieczornej po\u015bwi\u0119cenie pojazd\u00f3w<\/em><\/strong><strong><\/strong><\/p>\n\n\n\n<p><strong>&nbsp;&nbsp;&nbsp;&nbsp;&nbsp;&nbsp;&nbsp;&nbsp;&nbsp;&nbsp;&nbsp;&nbsp;&nbsp;&nbsp;&nbsp;&nbsp;&nbsp;&nbsp;&nbsp;&nbsp;&nbsp;&nbsp;&nbsp;&nbsp;&nbsp;&nbsp;&nbsp;&nbsp;&nbsp;&nbsp;&nbsp; z racji \u015bwi\u0119ta \u015bw. Krzysztofa \u2013 Patrona kierowc\u00f3w. Podczas<\/strong><\/p>\n\n\n\n<p><strong>&nbsp;&nbsp;&nbsp;&nbsp;&nbsp;&nbsp;&nbsp;&nbsp;&nbsp;&nbsp;&nbsp;&nbsp;&nbsp;&nbsp;&nbsp;&nbsp;&nbsp;&nbsp;&nbsp;&nbsp;&nbsp;&nbsp;&nbsp;&nbsp;&nbsp;&nbsp;&nbsp;&nbsp;&nbsp;&nbsp;&nbsp; po\u015bwi\u0119cenia zbierane b\u0119d\u0105 ofiary do puszek na zakup \u015brodk\u00f3w<\/strong><\/p>\n\n\n\n<p><strong>&nbsp;&nbsp;&nbsp;&nbsp;&nbsp;&nbsp;&nbsp;&nbsp;&nbsp;&nbsp;&nbsp;&nbsp;&nbsp;&nbsp;&nbsp;&nbsp;&nbsp;&nbsp;&nbsp;&nbsp;&nbsp;&nbsp;&nbsp;&nbsp;&nbsp;&nbsp;&nbsp;&nbsp;&nbsp;&nbsp;&nbsp; transportu dla misjonarzy.<\/strong><\/p>\n\n\n\n<p>&#8211; <strong><u>w pi\u0105tek<\/u><\/strong> &nbsp;&nbsp; &nbsp;&nbsp;&nbsp;&nbsp;&nbsp;&nbsp;&nbsp;&nbsp;\u2013 wspomnienie \u015bw. Joachima i Anny, Rodzic\u00f3w NMP<\/p>\n\n\n\n<p><strong><u>6<\/u><\/strong><strong>. <\/strong>W przysz\u0142\u0105 niedziel\u0119 b\u0119dziemy prze\u017cywa\u0107 <strong>17 Niedziel\u0119 zwyk\u0142\u0105<\/strong>. Msze \u015bw. wg porz\u0105dku wakacyjnego.<\/p>\n\n\n\n<p><strong><u>7<\/u><\/strong><strong>.<\/strong> Kancelaria czynna codziennie po Mszy \u015bw. wieczornej z wyj\u0105tkiem niedziel, uroczysto\u015bci i \u015bwi\u0105t.<\/p>\n\n\n\n<p><strong><u>8<\/u><\/strong><strong>.<\/strong> Do nabycia jest prasa katolicka: Niedziela, Go\u015b\u0107 Niedzielny, Ma\u0142y GN i R\u00f3\u017caniec.<\/p>\n\n\n\n<p><strong><u>9<\/u><\/strong><strong>.<\/strong> Dzi\u0119kuj\u0119 wszystkim, kt\u00f3rzy w tym tygodniu sprz\u0105tali \u015bwi\u0105tyni\u0119 i przygotowali j\u0105 na nasze spotkanie eucharystyczne.<\/p>\n\n\n\n<p><strong><u>10<\/u><\/strong><strong>.<\/strong> Serdeczne B\u00f3g zap\u0142a\u0107 za ofiary sk\u0142adane na remonty w naszej parafii.<\/p>\n\n\n\n<p><a><strong><u>11<\/u><\/strong><\/a><strong>.<\/strong> Intencje mszalne \u2013 obrazki, pielgrzymki.<\/p>\n\n\n\n<p><strong><u>12<\/u><\/strong><strong>.<\/strong> <strong><em><u>3 sierpnia 2024 roku<\/u><\/em><\/strong> w naszej parafii zatrzymuje si\u0119 i go\u015bci pielgrzymka piesza G\u0142ogowa na Jasn\u0105 G\u00f3r\u0119. Zapraszamy do pomocy w ugoszczeniu pielgrzym\u00f3w. Ofiary na ten cel mo\u017cna sk\u0142ada\u0107 do skarbony pod ambon\u0105. Za wszelka pomoc sk\u0142adamy serdeczne B\u00f3g zap\u0142a\u0107.<\/p>\n\n\n\n<p><em>\u017byczymy mi\u0142ego tygodnia i obfitych \u0142ask Bo\u017cych.<\/em><\/p>\n","protected":false},"excerpt":{"rendered":"<p>1. Dzi\u015b prze\u017cywamy 16 Niedziel\u0119 zwyk\u0142\u0105. Msze \u015bw. wed\u0142ug porz\u0105dku wakacyjnego. 3. Codziennie spowied\u017a i adoracja Naj\u015bwi\u0119tszego Sakramentu o godz. 1700. 4. W tym tygodniu nabo\u017ce\u0144stwa: &#8211; w poniedzia\u0142ek&nbsp; &#8211; nabo\u017ce\u0144stwo do Bo\u017cego Mi\u0142osierdzia &nbsp;i \u015bw. Rity o godz. 1730 &#8211; we wtorek&nbsp; &nbsp;&nbsp;&nbsp;&nbsp;&nbsp;&nbsp; &#8211; nabo\u017ce\u0144stwo do \u015bw. Ojca Pio&#8230; <a class=\"continue-reading-link\" href=\"http:\/\/parafia.scinawa.info\/index.php\/2024\/07\/12\/ogloszenia-duszpasterskie-16-niedziela-zwykla-21-07-2024\/\">Czytaj dalej <span class=\"meta-nav\">&rarr; <\/span><\/a><\/p>\n","protected":false},"author":2,"featured_media":0,"comment_status":"closed","ping_status":"closed","sticky":false,"template":"","format":"standard","meta":{"footnotes":""},"categories":[40],"tags":[],"class_list":["post-2698","post","type-post","status-publish","format-standard","hentry","category-ogloszenia-duszpasterskie"],"_links":{"self":[{"href":"http:\/\/parafia.scinawa.info\/index.php\/wp-json\/wp\/v2\/posts\/2698","targetHints":{"allow":["GET"]}}],"collection":[{"href":"http:\/\/parafia.scinawa.info\/index.php\/wp-json\/wp\/v2\/posts"}],"about":[{"href":"http:\/\/parafia.scinawa.info\/index.php\/wp-json\/wp\/v2\/types\/post"}],"author":[{"embeddable":true,"href":"http:\/\/parafia.scinawa.info\/index.php\/wp-json\/wp\/v2\/users\/2"}],"replies":[{"embeddable":true,"href":"http:\/\/parafia.scinawa.info\/index.php\/wp-json\/wp\/v2\/comments?post=2698"}],"version-history":[{"count":1,"href":"http:\/\/parafia.scinawa.info\/index.php\/wp-json\/wp\/v2\/posts\/2698\/revisions"}],"predecessor-version":[{"id":2699,"href":"http:\/\/parafia.scinawa.info\/index.php\/wp-json\/wp\/v2\/posts\/2698\/revisions\/2699"}],"wp:attachment":[{"href":"http:\/\/parafia.scinawa.info\/index.php\/wp-json\/wp\/v2\/media?parent=2698"}],"wp:term":[{"taxonomy":"category","embeddable":true,"href":"http:\/\/parafia.scinawa.info\/index.php\/wp-json\/wp\/v2\/categories?post=2698"},{"taxonomy":"post_tag","embeddable":true,"href":"http:\/\/parafia.scinawa.info\/index.php\/wp-json\/wp\/v2\/tags?post=2698"}],"curies":[{"name":"wp","href":"https:\/\/api.w.org\/{rel}","templated":true}]}}