{"id":2713,"date":"2024-08-10T10:42:51","date_gmt":"2024-08-10T08:42:51","guid":{"rendered":"http:\/\/parafia.scinawa.info\/?p=2713"},"modified":"2024-08-10T10:42:51","modified_gmt":"2024-08-10T08:42:51","slug":"intencje-mszalne-11-08-18-08-2024","status":"publish","type":"post","link":"http:\/\/parafia.scinawa.info\/index.php\/2024\/08\/10\/intencje-mszalne-11-08-18-08-2024\/","title":{"rendered":"INTENCJE MSZALNE 11.08. \u00a0\u2013 18.08. 2024"},"content":{"rendered":"\n<p><strong><em>Sk\u0142adaj\u0105c Ofiar\u0119, kt\u00f3ra nam przypomina niezmierzon\u0105 mi\u0142o\u015b\u0107 Twojego Syna, pokornie prosimy Ci\u0119, Bo\u017ce, przyjmij intencje Twoich wiernych i spraw przez dzia\u0142anie Eucharystii, aby w naszych rodzinach wzrasta\u0142a prawdziwa wiara, \u015bwi\u0119to\u015b\u0107 \u017cycia, braterska mi\u0142o\u015b\u0107 i duch modlitwy. <\/em><\/strong><strong>Niech Matka Naj\u015bwi\u0119tsza wyprosi \u0142aski, o kt\u00f3re modlili\u015bmy si\u0119 w tej Mszy \u015bw. dla \u2026 Za\u015b zmar\u0142ym \u2026 za kt\u00f3rych odprawiali\u015bmy Msz\u0119 \u015bw.: <u>wieczny odpoczynek racz im da\u0107 Panie<\/u> (\u2026); niech odpoczywaj\u0105 w pokoju wiecznym. Amen<\/strong><\/p>\n\n\n\n<p><strong><u>11.08<em>. &#8211; NIEDZIELA&nbsp; <\/em><\/u><\/strong><em><\/em><\/p>\n\n\n\n<p><strong>8.oo \u2013 1) <\/strong>++ rodzic\u00f3w: Adel\u0119 i Jaros\u0142awa Olejarnik\u00f3w, brata Henryka, W\u0142adys\u0142awa i Stanis\u0142aw\u0119<\/p>\n\n\n\n<p>&nbsp;&nbsp;&nbsp;&nbsp;&nbsp;&nbsp;&nbsp;&nbsp;&nbsp;&nbsp;&nbsp;&nbsp;&nbsp;&nbsp;&nbsp;&nbsp; Troci\u0144skich oraz ++ na Syberii \u2013 modli si\u0119 rodzina<\/p>\n\n\n\n<p><strong>&nbsp;&nbsp;&nbsp;&nbsp;&nbsp;&nbsp;&nbsp;&nbsp;&nbsp;&nbsp;&nbsp; &nbsp; 2)<\/strong> w 18 rocz. urodzin Dominiki dzi\u0119kczynna za otrzymane \u0142aski z pro\u015bb\u0105 o zdrowie, &nbsp;dary<\/p>\n\n\n\n<p>&nbsp;&nbsp;&nbsp;&nbsp;&nbsp;&nbsp;&nbsp;&nbsp;&nbsp;&nbsp;&nbsp;&nbsp;&nbsp;&nbsp;&nbsp;&nbsp;&nbsp; Ducha \u015awi\u0119tego, Bo\u017ce b\u0142ogos\u0142awie\u0144stwo, opiek\u0119 NMP i \u015bw. Patron\u00f3w na dalsze lata \u017cycia<\/p>\n\n\n\n<p>&nbsp;&nbsp;&nbsp;&nbsp;&nbsp;&nbsp;&nbsp;&nbsp;&nbsp;&nbsp;&nbsp;&nbsp;&nbsp;&nbsp;&nbsp;&nbsp;&nbsp; \u2013 modli si\u0119 rodzina i chrzestni<\/p>\n\n\n\n<p><strong>11.oo \u2013 1) <\/strong>+ J\u00f3zefa Poraszk\u0119 w 7 rocz. \u015bm. \u2013 modli si\u0119 rodzina<\/p>\n\n\n\n<p><strong>&nbsp;&nbsp;&nbsp;&nbsp;&nbsp;&nbsp;&nbsp;&nbsp;&nbsp;&nbsp;&nbsp; &nbsp; 2) <\/strong>+ Stanis\u0142awa w 6 rocz. \u015bm. \u2013 modl\u0105 si\u0119 dzieci z rodzinami<\/p>\n\n\n\n<p><strong>12.3o \u2013 1) <\/strong>w 70 rocz. urodzin Aliny dzi\u0119kczynna za otrzymane \u0142aski z pro\u015bb\u0105 o zdrowie, dary Ducha<\/p>\n\n\n\n<p>&nbsp;&nbsp;&nbsp;&nbsp;&nbsp;&nbsp;&nbsp;&nbsp;&nbsp;&nbsp;&nbsp;&nbsp;&nbsp;&nbsp;&nbsp;&nbsp; \u015awi\u0119tego, Bo\u017ce b\u0142ogos\u0142awie\u0144stwo, opiek\u0119 NMP i \u015bw. Patron\u00f3w na dalsze lata \u2013 modli si\u0119 m\u0105\u017c<\/p>\n\n\n\n<p>&nbsp;&nbsp;&nbsp;&nbsp;&nbsp;&nbsp;&nbsp;&nbsp;&nbsp;&nbsp;&nbsp;&nbsp;&nbsp;&nbsp;&nbsp;&nbsp;&nbsp; z dzie\u0107mi i rodzin\u0105<\/p>\n\n\n\n<p><strong>&nbsp;&nbsp;&nbsp;&nbsp;&nbsp;&nbsp;&nbsp;&nbsp;&nbsp;&nbsp;&nbsp; &nbsp; 2)<\/strong> w 23 rocz. \u015blubu Edyty i Damiana Pytlarz\u00f3w oraz za ich dzieci: Mateusza, Katarzyn\u0119, Micha\u0142a<\/p>\n\n\n\n<p>&nbsp;&nbsp;&nbsp;&nbsp;&nbsp;&nbsp;&nbsp;&nbsp;&nbsp;&nbsp;&nbsp;&nbsp;&nbsp;&nbsp;&nbsp;&nbsp;&nbsp; i \u0141ucj\u0119 dzi\u0119kczynna za otrzymane \u0142aski z pro\u015bb\u0105 o zdrowie, &nbsp;dary Ducha \u015awi\u0119tego, Bo\u017ce<\/p>\n\n\n\n<p>&nbsp;&nbsp;&nbsp;&nbsp;&nbsp;&nbsp;&nbsp;&nbsp;&nbsp;&nbsp;&nbsp;&nbsp;&nbsp;&nbsp;&nbsp;&nbsp;&nbsp; b\u0142ogos\u0142awie\u0144stwo, opiek\u0119 NMP i \u015bw. Patron\u00f3w \u2013 modli si\u0119 rodzina<\/p>\n\n\n\n<p><strong>18.oo \u2013 <\/strong>w intencji Panu Bogu wiadomej<\/p>\n\n\n\n<p><strong><u>12.08<em>. \u2013 PONIEDZIA\u0141EK<\/em><\/u><\/strong><\/p>\n\n\n\n<p><strong>&nbsp; 7.oo \u2013 <\/strong>&nbsp;+ Janusza \u015awieczaka- nowennowa 8<\/p>\n\n\n\n<p><strong>18.oo \u2013 <\/strong>++ Czes\u0142aw\u0119, Katarzyn\u0119, Stanis\u0142awa oraz ++ z rodziny \u017bo\u0142y\u0144skich \u2013 modli si\u0119 rodzina<\/p>\n\n\n\n<p><strong><u>13.08<em>. &#8211; WTOREK<\/em><\/u><\/strong><em><\/em><\/p>\n\n\n\n<p><strong>&nbsp; 7.oo \u2013 <\/strong>+ Janusza \u015awieczaka &#8211; nowennowa 9<\/p>\n\n\n\n<p><strong>18.oo \u2013 <\/strong>+ Ludwik\u0119 Szmigielsk\u0105 \u2013 modli si\u0119 rodzina<\/p>\n\n\n\n<p><strong><u>14.08<em>. \u2013 \u015aRODA<\/em><\/u><\/strong><\/p>\n\n\n\n<p><strong>&nbsp; 7.oo \u2013<\/strong> + Ryszarda Siwaka &#8211; 30 dzie\u0144 od pogrzebu &#8211; intencja od uczestnik\u00f3w Mszy pogrzebowej<\/p>\n\n\n\n<p><strong>18.oo \u2013&nbsp; intencja zbiorowa nowennowa:<\/strong><\/p>\n\n\n\n<p><strong>1)<\/strong> + Mari\u0119 Szpularz z racji ziemskich imienin oraz ++ z rodziny Szpularz\u00f3w \u2013 modli si\u0119 rodzina<\/p>\n\n\n\n<p><strong>2)<\/strong> ++ rodzic\u00f3w: Franciszk\u0119 i Wojciecha, brata Edwarda z rodziny Marcin\u00f3w i m\u0119\u017ca Edwarda Michalewicza<\/p>\n\n\n\n<p>&nbsp;&nbsp;&nbsp;&nbsp;&nbsp; \u2013 modli si\u0119 \u017cona z rodzin\u0105<\/p>\n\n\n\n<p><strong>3)<\/strong> + Halin\u0119 Usak &#8211; 30 dzie\u0144 od pogrzebu &#8211; intencja od uczestnik\u00f3w Mszy pogrzebowej<\/p>\n\n\n\n<p><strong>4)<\/strong> + Tomasza Szatkowskiego w 6 rocz. \u015bm., ++ rodzic\u00f3w: Iren\u0119 i Mariana, Mari\u0119 z racji ziemskich imienin<\/p>\n\n\n\n<p>&nbsp;&nbsp;&nbsp;&nbsp; i Wac\u0142awa oraz Stanis\u0142awa Sosnowskiego \u2013 modli si\u0119 rodzina<\/p>\n\n\n\n<p><strong>5)<\/strong> + Adama Wojciechowskiego \u2013 modli si\u0119 J\u00f3zefa Koszyk z rodzin\u0105<\/p>\n\n\n\n<p><strong>6)<\/strong> w intencji Amelki i Miko\u0142aja oraz ich rodzic\u00f3w: Ma\u0142gorzat\u0119 i i Marcina, Agnieszk\u0119 i Wies\u0142awa<\/p>\n\n\n\n<p>&nbsp; &nbsp;&nbsp;dzi\u0119kczynna za otrzymane \u0142aski z pro\u015bb\u0105 o zdrowie, &nbsp;dary Ducha \u015awi\u0119tego, Bo\u017ce b\u0142ogos\u0142awie\u0144stwo,<\/p>\n\n\n\n<p>&nbsp;&nbsp;&nbsp; &nbsp;opiek\u0119 NMP i \u015bw. Patron\u00f3w \u2013 modl\u0105 si\u0119 rodzice i dziadkowie<\/p>\n\n\n\n<p><strong><u>15.08<em>. \u2013 CZWARTEK <\/em><\/u><\/strong><em>&nbsp;<\/em><\/p>\n\n\n\n<p><strong>&nbsp; 8.oo \u2013 1) <\/strong>z racji imienin dzi\u0119kczynna za otrzymane \u0142aski z pro\u015bb\u0105 o zdrowie, &nbsp;dary Ducha \u015awi\u0119tego,<\/p>\n\n\n\n<p>&nbsp;&nbsp;&nbsp;&nbsp;&nbsp;&nbsp;&nbsp;&nbsp;&nbsp;&nbsp;&nbsp;&nbsp;&nbsp;&nbsp;&nbsp;&nbsp;&nbsp; Bo\u017ce b\u0142ogos\u0142awie\u0144stwo, opiek\u0119 NMP i \u015bw. Patron\u00f3w<\/p>\n\n\n\n<p>&nbsp;&nbsp;&nbsp;&nbsp;&nbsp;&nbsp;&nbsp;&nbsp;&nbsp;&nbsp;&nbsp; &nbsp;&nbsp; <strong>2)<\/strong> ++ Mari\u0119 i Onufrego Stembalskich \u2013 modli si\u0119 rodzina<\/p>\n\n\n\n<p><strong>11.oo \u2013 1) <\/strong>za Ojczyzn\u0119<\/p>\n\n\n\n<p><strong>&nbsp;&nbsp;&nbsp;&nbsp;&nbsp;&nbsp;&nbsp;&nbsp;&nbsp;&nbsp;&nbsp; &nbsp; 2) <\/strong>w intencji dzieci: Tomasza w 3 rocz. urodzin, Ani w 6 rocz. urodzin, Oli w 8 rocz. urodzin, Jana<\/p>\n\n\n\n<p>&nbsp;&nbsp;&nbsp;&nbsp;&nbsp;&nbsp;&nbsp;&nbsp;&nbsp;&nbsp;&nbsp;&nbsp;&nbsp;&nbsp;&nbsp;&nbsp;&nbsp; w 13 rocz. urodzin dzi\u0119kczynna za otrzymane \u0142aski z pro\u015bb\u0105 o zdrowie, &nbsp;dary Ducha \u015awi\u0119tego,<\/p>\n\n\n\n<p>&nbsp;&nbsp;&nbsp;&nbsp;&nbsp;&nbsp;&nbsp;&nbsp;&nbsp;&nbsp;&nbsp;&nbsp;&nbsp;&nbsp;&nbsp;&nbsp; &nbsp;Bo\u017ce b\u0142ogos\u0142awie\u0144stwo, opiek\u0119 NMP i \u015bw. Patron\u00f3w \u2013 modl\u0105 si\u0119 rodzice<\/p>\n\n\n\n<p><strong>18.oo \u2013 <\/strong>dzi\u0119kczynno \u2013 b\u0142agalna w intencji Panu Bogu wiadomej<\/p>\n\n\n\n<p><strong><u>16.08<em>. \u2013 PI\u0104TEK<\/em><\/u><\/strong><\/p>\n\n\n\n<p><strong>&nbsp; &nbsp;&nbsp;7.oo \u2013<\/strong> + Piotra w 84 rocz. ziemskich urodzin<\/p>\n\n\n\n<p><strong>18.oo \u2013 <\/strong>++ Donat\u0119, Alfred\u0119, Zbigniewa i Stanis\u0142awa oraz ++ z rodziny Ciach\u00f3w, Poroszewskich<\/p>\n\n\n\n<p>&nbsp;&nbsp;&nbsp;&nbsp;&nbsp;&nbsp;&nbsp;&nbsp;&nbsp;&nbsp;&nbsp;&nbsp;&nbsp; i \u015amiesza\u0142\u00f3w \u2013 modli si\u0119 rodzina<\/p>\n\n\n\n<p><strong><em><u>17.08. \u2013 SOBOTA<\/u><\/em><\/strong><\/p>\n\n\n\n<p><strong>&nbsp; &nbsp;&nbsp;7.oo \u2013<\/strong><\/p>\n\n\n\n<p><strong>15.oo \u2013 <\/strong>\u015blub: Grzegorz Szeliga \u2013 Ilona D\u0105browska<\/p>\n\n\n\n<p><strong>18.oo \u2013 <\/strong>++ rodzic\u00f3w i dziadk\u00f3w: Mari\u0119 i Paw\u0142a Pejs\u00f3w oraz Franciszk\u0119 i Krzysztofa Grocholskich<\/p>\n\n\n\n<p>&nbsp;&nbsp;&nbsp;&nbsp;&nbsp;&nbsp;&nbsp;&nbsp;&nbsp;&nbsp;&nbsp;&nbsp;&nbsp; \u2013 modli si\u0119 c\u00f3rka z rodzin\u0105<\/p>\n\n\n\n<p><strong><em><u>18.08. \u2013 NIEDZIELA&nbsp;<\/u><\/em><\/strong><\/p>\n\n\n\n<p><strong>&nbsp; 8.oo \u2013 <\/strong>o zdrowie, dary Ducha \u015awi\u0119tego, Bo\u017ce b\u0142ogos\u0142awie\u0144stwo, opiek\u0119 NMP i \u015bw. Patron\u00f3w dla<\/p>\n\n\n\n<p>&nbsp;&nbsp;&nbsp;&nbsp;&nbsp;&nbsp;&nbsp;&nbsp;&nbsp; wszystkich dzieci, wnuk\u00f3w, ich wsp\u00f3\u0142ma\u0142\u017conk\u00f3w i prawnucz\u0105t \u2013 modli si\u0119 mama, babcia i prababcia<\/p>\n\n\n\n<p><strong>11.oo \u2013 <\/strong>zaj. P. Kozak<\/p>\n\n\n\n<p><strong>12.3o \u2013 <\/strong>w dniu urodzin Magdaleny dzi\u0119kczynna za otrzymane \u0142aski z pro\u015bb\u0105 o zdrowie, dary Ducha<\/p>\n\n\n\n<p>&nbsp;&nbsp;&nbsp;&nbsp;&nbsp;&nbsp;&nbsp;&nbsp;&nbsp;&nbsp;&nbsp;&nbsp;&nbsp; \u015awi\u0119tego, Bo\u017ce b\u0142ogos\u0142awie\u0144stwo, opiek\u0119 NMP i \u015bw. Patron\u00f3w \u2013 &nbsp;modli si\u0119 rodzina<\/p>\n\n\n\n<p><strong>18.oo \u2013 <\/strong>+ mam\u0119 Mari\u0119 Zagrodn\u0105 w 8 rocz. \u015bm. \u2013 modli si\u0119 rodzina<\/p>\n","protected":false},"excerpt":{"rendered":"<p>Sk\u0142adaj\u0105c Ofiar\u0119, kt\u00f3ra nam przypomina niezmierzon\u0105 mi\u0142o\u015b\u0107 Twojego Syna, pokornie prosimy Ci\u0119, Bo\u017ce, przyjmij intencje Twoich wiernych i spraw przez dzia\u0142anie Eucharystii, aby w naszych rodzinach wzrasta\u0142a prawdziwa wiara, \u015bwi\u0119to\u015b\u0107 \u017cycia, braterska mi\u0142o\u015b\u0107 i duch modlitwy. Niech Matka Naj\u015bwi\u0119tsza wyprosi \u0142aski, o kt\u00f3re modlili\u015bmy si\u0119 w tej Mszy \u015bw. dla&#8230; <a class=\"continue-reading-link\" href=\"http:\/\/parafia.scinawa.info\/index.php\/2024\/08\/10\/intencje-mszalne-11-08-18-08-2024\/\">Czytaj dalej <span class=\"meta-nav\">&rarr; <\/span><\/a><\/p>\n","protected":false},"author":2,"featured_media":0,"comment_status":"closed","ping_status":"closed","sticky":false,"template":"","format":"standard","meta":{"footnotes":""},"categories":[39],"tags":[],"class_list":["post-2713","post","type-post","status-publish","format-standard","hentry","category-intencje"],"_links":{"self":[{"href":"http:\/\/parafia.scinawa.info\/index.php\/wp-json\/wp\/v2\/posts\/2713","targetHints":{"allow":["GET"]}}],"collection":[{"href":"http:\/\/parafia.scinawa.info\/index.php\/wp-json\/wp\/v2\/posts"}],"about":[{"href":"http:\/\/parafia.scinawa.info\/index.php\/wp-json\/wp\/v2\/types\/post"}],"author":[{"embeddable":true,"href":"http:\/\/parafia.scinawa.info\/index.php\/wp-json\/wp\/v2\/users\/2"}],"replies":[{"embeddable":true,"href":"http:\/\/parafia.scinawa.info\/index.php\/wp-json\/wp\/v2\/comments?post=2713"}],"version-history":[{"count":1,"href":"http:\/\/parafia.scinawa.info\/index.php\/wp-json\/wp\/v2\/posts\/2713\/revisions"}],"predecessor-version":[{"id":2714,"href":"http:\/\/parafia.scinawa.info\/index.php\/wp-json\/wp\/v2\/posts\/2713\/revisions\/2714"}],"wp:attachment":[{"href":"http:\/\/parafia.scinawa.info\/index.php\/wp-json\/wp\/v2\/media?parent=2713"}],"wp:term":[{"taxonomy":"category","embeddable":true,"href":"http:\/\/parafia.scinawa.info\/index.php\/wp-json\/wp\/v2\/categories?post=2713"},{"taxonomy":"post_tag","embeddable":true,"href":"http:\/\/parafia.scinawa.info\/index.php\/wp-json\/wp\/v2\/tags?post=2713"}],"curies":[{"name":"wp","href":"https:\/\/api.w.org\/{rel}","templated":true}]}}