{"id":2739,"date":"2024-09-21T12:07:22","date_gmt":"2024-09-21T10:07:22","guid":{"rendered":"http:\/\/parafia.scinawa.info\/?p=2739"},"modified":"2024-09-21T12:07:22","modified_gmt":"2024-09-21T10:07:22","slug":"intencje-mszalne-22-09-29-09-2024","status":"publish","type":"post","link":"http:\/\/parafia.scinawa.info\/index.php\/2024\/09\/21\/intencje-mszalne-22-09-29-09-2024\/","title":{"rendered":"INTENCJE MSZALNE 22.09. \u00a0\u2013 29.09. 2024"},"content":{"rendered":"\n<p><strong><em>Sk\u0142adaj\u0105c Ofiar\u0119, kt\u00f3ra nam przypomina niezmierzon\u0105 mi\u0142o\u015b\u0107 Twojego Syna, pokornie prosimy Ci\u0119, Bo\u017ce, przyjmij intencje Twoich wiernych i spraw przez dzia\u0142anie Eucharystii, aby w naszych rodzinach wzrasta\u0142a prawdziwa wiara, \u015bwi\u0119to\u015b\u0107 \u017cycia, braterska mi\u0142o\u015b\u0107 i duch modlitwy. <\/em><\/strong><strong>Niech Matka Naj\u015bwi\u0119tsza wyprosi \u0142aski, o kt\u00f3re modlili\u015bmy si\u0119 w tej Mszy \u015bw. dla \u2026 Za\u015b zmar\u0142ym \u2026 za kt\u00f3rych odprawiali\u015bmy Msz\u0119 \u015bw.: <u>wieczny odpoczynek racz im da\u0107 Panie<\/u> (\u2026); niech odpoczywaj\u0105 w pokoju wiecznym. Amen<\/strong><\/p>\n\n\n\n<p><strong><u>22.09<em>. &#8211; NIEDZIELA&nbsp; <\/em><\/u><\/strong><em><\/em><\/p>\n\n\n\n<p><strong>8.oo \u2013 1) <\/strong>w intencji Marii i Edwarda dzi\u0119kczynna za otrzymane \u0142aski z pro\u015bb\u0105 o zdrowie, dary Ducha<\/p>\n\n\n\n<p>&nbsp;&nbsp;&nbsp;&nbsp;&nbsp;&nbsp;&nbsp;&nbsp;&nbsp;&nbsp;&nbsp;&nbsp;&nbsp;&nbsp;&nbsp;&nbsp;&nbsp; \u015awi\u0119tego, Bo\u017ce b\u0142ogos\u0142awie\u0144stwo, opiek\u0119 NMP i \u015bw. Patron\u00f3w na dalsze lata \u017cycia<\/p>\n\n\n\n<p>&nbsp;&nbsp;&nbsp;&nbsp;&nbsp;&nbsp;&nbsp;&nbsp;&nbsp;&nbsp;&nbsp;&nbsp;&nbsp;&nbsp;&nbsp;&nbsp;&nbsp;&nbsp; \u2013 modli si\u0119 rodzina&nbsp;<\/p>\n\n\n\n<p><strong>&nbsp;&nbsp;&nbsp;&nbsp;&nbsp;&nbsp;&nbsp;&nbsp;&nbsp;&nbsp;&nbsp;&nbsp;&nbsp; 2)<\/strong> ++ tat\u0119 Jana w 31 rocz. \u015bm., mam\u0119 Helen\u0119, m\u0119\u017ca Mariana i te\u015bci\u00f3w w 30 rocz. \u015bm.<\/p>\n\n\n\n<p>&nbsp;&nbsp;&nbsp;&nbsp;&nbsp;&nbsp;&nbsp;&nbsp;&nbsp;&nbsp;&nbsp;&nbsp;&nbsp;&nbsp;&nbsp;&nbsp;&nbsp;&nbsp; \u2013 modli si\u0119 rodzina<\/p>\n\n\n\n<p><strong>&nbsp; 9.3o \u2013 <\/strong>&nbsp;++ Henryka w 50 rocz. \u015bm., Barbar\u0119, Stanis\u0142aw\u0119 i Janin\u0119 \u2013 modli si\u0119 rodzina<\/p>\n\n\n\n<p><strong>11.oo \u2013 1) <\/strong>+ Jana Cie\u015bli\u0144skiego w 25 rocz. \u015bm. oraz ++ z rodziny Cie\u015bli\u0144skich, \u0141oz\u00f3w, Wr\u00f3blewskich<\/p>\n\n\n\n<p>&nbsp;&nbsp;&nbsp;&nbsp;&nbsp;&nbsp;&nbsp;&nbsp;&nbsp;&nbsp;&nbsp;&nbsp;&nbsp;&nbsp;&nbsp; i Wojciechowskich \u2013 modli si\u0119 rodzina<\/p>\n\n\n\n<p><strong>&nbsp;&nbsp;&nbsp;&nbsp;&nbsp;&nbsp;&nbsp;&nbsp;&nbsp;&nbsp;&nbsp; &nbsp; 2) <\/strong>&nbsp;w 22 rocz. \u015blubu Agnieszki i Mariusza oraz za ich dzieci: Magdalen\u0119 i Alicj\u0119 dzi\u0119kczynna za<\/p>\n\n\n\n<p>&nbsp;&nbsp;&nbsp;&nbsp;&nbsp;&nbsp;&nbsp;&nbsp;&nbsp;&nbsp;&nbsp;&nbsp;&nbsp;&nbsp;&nbsp;&nbsp;&nbsp; otrzymane \u0142aski z pro\u015bb\u0105 o zdrowie, dary Ducha \u015awi\u0119tego, Bo\u017ce b\u0142ogos\u0142awie\u0144stwo, opiek\u0119<\/p>\n\n\n\n<p>&nbsp;&nbsp;&nbsp;&nbsp;&nbsp;&nbsp;&nbsp;&nbsp;&nbsp;&nbsp;&nbsp;&nbsp;&nbsp;&nbsp;&nbsp;&nbsp;&nbsp;&nbsp; NMP i \u015bw. Patron\u00f3w \u2013 modli si\u0119 rodzina<\/p>\n\n\n\n<p><strong>12.3o \u2013 1) <\/strong>w intencji Ireny w dniu urodzin dzi\u0119kczynna za otrzymane \u0142aski z pro\u015bb\u0105 o zdrowie, dary Ducha<\/p>\n\n\n\n<p>&nbsp;&nbsp;&nbsp;&nbsp;&nbsp;&nbsp;&nbsp;&nbsp;&nbsp;&nbsp;&nbsp;&nbsp;&nbsp;&nbsp;&nbsp;&nbsp; \u015awi\u0119tego, Bo\u017ce b\u0142ogos\u0142awie\u0144stwo, opiek\u0119 NMP i \u015bw. Patron\u00f3w \u2013 modli si\u0119 rodzina<\/p>\n\n\n\n<p><strong>&nbsp;&nbsp;&nbsp;&nbsp;&nbsp;&nbsp;&nbsp;&nbsp; 2)<\/strong> ++ rodzic\u00f3w: Piotra w 23 rocz. \u015bm. i Joann\u0119 w 27 rocz. \u015bm. Jastrz\u0119bskich, siostr\u0119 Mari\u0119 Szpularz,<\/p>\n\n\n\n<p>&nbsp;&nbsp;&nbsp;&nbsp;&nbsp;&nbsp;&nbsp;&nbsp;&nbsp;&nbsp;&nbsp;&nbsp;&nbsp;&nbsp;&nbsp; brata Jana Jastrz\u0119bskiego w 5 rocz. \u015bm., siostr\u0119 J\u00f3zi\u0119 oraz kuzynk\u0119 Krystyn\u0119 Brzezi\u0144sk\u0105<\/p>\n\n\n\n<p><strong>18.oo \u2013 <\/strong>++ rodzic\u00f3w: W\u0142adys\u0142aw\u0119 w 6 rocz. \u015bm. i Tadeusza w 25 rocz. \u015bm. z rodziny Mazurkiewicz\u00f3w,<\/p>\n\n\n\n<p>&nbsp;&nbsp;&nbsp;&nbsp;&nbsp;&nbsp;&nbsp;&nbsp;&nbsp;&nbsp;&nbsp;&nbsp;&nbsp; ++ Marcel\u0119, Juli\u0119, W\u0142adys\u0142awa, Karola i Tadeusza z rodziny Siwak\u00f3w, Zofi\u0119, Baltazara i Alfreda<\/p>\n\n\n\n<p>&nbsp;&nbsp;&nbsp;&nbsp;&nbsp;&nbsp;&nbsp;&nbsp;&nbsp;&nbsp;&nbsp;&nbsp;&nbsp; Koz\u0142owskich oraz Teres\u0119 Kurman w 5 rocz. \u015bm. i dusze w czy\u015b\u0107cu cierpi\u0105ce \u2013 modli si\u0119 rodzina<strong>&nbsp; &nbsp;<\/strong>&nbsp;<\/p>\n\n\n\n<p><strong><u>23.09<em>. \u2013 PONIEDZIA\u0141EK<\/em><\/u><\/strong><\/p>\n\n\n\n<p><strong>&nbsp; &nbsp;&nbsp;7.oo \u2013 <\/strong>&nbsp;<\/p>\n\n\n\n<p><strong>18.oo \u2013 1) <\/strong>++ Ew\u0119 i Wac\u0142awa Kazimierczak\u00f3w oraz ++ z rodziny Kazimierczak\u00f3w i Samselskich<\/p>\n\n\n\n<p><strong>&nbsp;&nbsp;&nbsp;&nbsp;&nbsp;&nbsp;&nbsp;&nbsp;&nbsp;&nbsp;&nbsp; &nbsp; 2)<\/strong> + Czes\u0142awa Matyni\u0119 &#8211; gregorianka 1<\/p>\n\n\n\n<p><strong><u>24.09<em>. &#8211; WTOREK<\/em><\/u><\/strong><em><\/em><\/p>\n\n\n\n<p><strong>7.oo \u2013 <\/strong>+ Czes\u0142awa Matyni\u0119 &#8211; gregorianka 2<\/p>\n\n\n\n<p><strong>18.oo \u2013 <\/strong>++ Kazimierza, Czes\u0142aw\u0119, Helen\u0119, Stanis\u0142awa i J\u00f3zef\u0119 z rodziny P\u0142acht\u00f3w<\/p>\n\n\n\n<p><strong><u>25.09<em>. \u2013 \u015aRODA<\/em><\/u><\/strong><\/p>\n\n\n\n<p><strong>&nbsp; 7.oo \u2013 <\/strong>+ Czes\u0142awa Matyni\u0119 &#8211; gregorianka 3<strong><\/strong><\/p>\n\n\n\n<p><strong>18.oo \u2013&nbsp; intencja zbiorowa nowennowa:<\/strong><\/p>\n\n\n\n<p><strong>1)<\/strong> + te\u015bciow\u0105 J\u00f3zef\u0119, ++ z rodziny Janik\u00f3w i Golczyk\u00f3w oraz dusze w czy\u015b\u0107cu cierpi\u0105ce \u2013 modli si\u0119<\/p>\n\n\n\n<p>&nbsp;&nbsp;&nbsp;&nbsp; synowa z rodzin\u0105<\/p>\n\n\n\n<p><strong>2)<\/strong> ++ rodzic\u00f3w: Helen\u0119 i Eugeniusza Ciszewskich oraz wnuka Artura Nu\u017cy\u0144skiego<\/p>\n\n\n\n<p><strong>3)<\/strong> + Ludwik\u0119 \u015amigielsk\u0105 \u2013 modli si\u0119 rodzina<\/p>\n\n\n\n<p><strong>4)<\/strong> + Stanis\u0142aw\u0119 Szuty \u2013 modl\u0105 si\u0119 s\u0105siedzi z ul. Wiosennej<\/p>\n\n\n\n<p><strong><u>26.09<em>. \u2013 CZWARTEK <\/em><\/u><\/strong><em>&nbsp;<\/em><\/p>\n\n\n\n<p><strong>&nbsp; 7.oo \u2013<\/strong>&nbsp;<\/p>\n\n\n\n<p><strong>18.oo \u2013 1) <\/strong>&nbsp;+ Czes\u0142awa Matyni\u0119 &#8211; gregorianka 4<\/p>\n\n\n\n<p><strong>&nbsp;&nbsp;&nbsp;&nbsp;&nbsp;&nbsp;&nbsp;&nbsp;&nbsp;&nbsp;&nbsp; &nbsp; 2) <\/strong>+ Kazimierza G\u00f3r\u0119 w 18 rocz. \u015bm. \u2013 modli si\u0119 c\u00f3rka z rodzin\u0105<\/p>\n\n\n\n<p><strong><u>27.09<em>. \u2013 PI\u0104TEK<\/em><\/u><\/strong><\/p>\n\n\n\n<p><strong>&nbsp; &nbsp;&nbsp;7.oo \u2013<\/strong> + Tadeusza Zielonego oraz ++ z rodziny Zielonych i Barabach\u00f3w<\/p>\n\n\n\n<p><strong>18.oo \u2013 1) <\/strong>+ Czes\u0142awa Matyni\u0119 &#8211; gregorianka 5<\/p>\n\n\n\n<p><strong>&nbsp;&nbsp;&nbsp;&nbsp;&nbsp;&nbsp;&nbsp;&nbsp;&nbsp;&nbsp;&nbsp; &nbsp; 2)<\/strong> ++ Mariana, Zofi\u0119 i Kazimierza Krzy\u017canowskich \u2013 modli si\u0119 rodzina<\/p>\n\n\n\n<p><strong><em><u>28.09. \u2013 SOBOTA<\/u><\/em><\/strong><\/p>\n\n\n\n<p><strong>&nbsp; &nbsp;&nbsp;7.oo \u2013<\/strong> + Czes\u0142awa Matyni\u0119 &#8211; gregorianka 6<\/p>\n\n\n\n<p><strong>18.oo \u2013 1) <\/strong>+ m\u0119\u017ca Walentego w 30 rocz. \u015bm., jego rodzic\u00f3w: J\u00f3zefa, Zofi\u0119, J\u00f3zef\u0119 z rodziny Ka\u0142\u00f3w,<\/p>\n\n\n\n<p>&nbsp;&nbsp;&nbsp;&nbsp;&nbsp;&nbsp;&nbsp;&nbsp;&nbsp;&nbsp;&nbsp;&nbsp;&nbsp;&nbsp;&nbsp;&nbsp;&nbsp; ++ z rodziny Szrajnert\u00f3w i \u017bukowskich oraz Jana B\u0142aszczyszyna \u2013 modli si\u0119 rodzina<\/p>\n\n\n\n<p><strong>&nbsp;&nbsp;&nbsp;&nbsp;&nbsp;&nbsp;&nbsp;&nbsp;&nbsp;&nbsp;&nbsp; &nbsp; 2)<\/strong> &nbsp;w 1 rocz. \u015blubu Aleksandry i Kamila dzi\u0119kczynna za otrzymane \u0142aski z pro\u015bb\u0105 o zdrowie,<\/p>\n\n\n\n<p>&nbsp;&nbsp;&nbsp;&nbsp;&nbsp;&nbsp;&nbsp;&nbsp;&nbsp;&nbsp;&nbsp;&nbsp;&nbsp;&nbsp; dary Ducha \u015awi\u0119tego, Bo\u017ce b\u0142ogos\u0142awie\u0144stwo, opiek\u0119 NMP i \u015bw. Patron\u00f3w \u2013 modl\u0105 si\u0119 rodzice<\/p>\n\n\n\n<p><strong><em><u>29.09. \u2013 NIEDZIELA&nbsp;<\/u><\/em><\/strong><\/p>\n\n\n\n<p><strong>&nbsp; 8.oo \u2013 1) <\/strong>++ Damiana Koszty\u0142\u0119 w 2 rocz. \u015bm. i Katarzyn\u0119 oraz ++ z rodziny \u2013 modli si\u0119 rodzina<\/p>\n\n\n\n<p><strong>&nbsp;&nbsp;&nbsp;&nbsp;&nbsp;&nbsp;&nbsp;&nbsp;&nbsp;&nbsp;&nbsp; &nbsp; 2)<\/strong> zaj. P. Plichta<\/p>\n\n\n\n<p><strong>&nbsp; 9.3o \u2013 <\/strong>+ m\u0119\u017ca J\u00f3zefa Mazurkiewicza, ++ rodzic\u00f3w i rodze\u0144stwo, ich wsp\u00f3\u0142ma\u0142\u017conk\u00f3w i dzieci oraz<\/p>\n\n\n\n<p>&nbsp;&nbsp;&nbsp;&nbsp;&nbsp;&nbsp;&nbsp;&nbsp;&nbsp;&nbsp;&nbsp;&nbsp;&nbsp;&nbsp; dziadk\u00f3w z obu stron \u2013 modli si\u0119 Eugenia z rodzin\u0105&nbsp;<\/p>\n\n\n\n<p><strong>11.oo \u2013 1) <\/strong>++ Franciszk\u0119, Jana, J\u00f3zefa i Andrzeja \u2013 modli si\u0119 rodzina<\/p>\n\n\n\n<p><strong>&nbsp;&nbsp;&nbsp;&nbsp;&nbsp;&nbsp;&nbsp;&nbsp;&nbsp;&nbsp;&nbsp; &nbsp; 2) <\/strong>+ brata Mateusza Chwistka w 1 rocz. \u015bm., ++ jego rodzic\u00f3w: W\u0142adys\u0142aw\u0119 i Romana oraz<\/p>\n\n\n\n<p>&nbsp;&nbsp;&nbsp;&nbsp;&nbsp;&nbsp;&nbsp;&nbsp;&nbsp;&nbsp;&nbsp;&nbsp;&nbsp;&nbsp;&nbsp;&nbsp;&nbsp; rodze\u0144stwo i ++ z rodziny \u2013 modli si\u0119 siostra Helena z rodzin\u0105<\/p>\n\n\n\n<p><strong>12.3o \u2013 1)<\/strong> ++ rodzic\u00f3w: Stefani\u0119 i W\u0142odzimierza Rolewicz\u00f3w, siostr\u0119 Krystyn\u0119, Les\u0142awa, ++ z rodziny<\/p>\n\n\n\n<p>&nbsp;&nbsp;&nbsp;&nbsp;&nbsp;&nbsp;&nbsp;&nbsp;&nbsp;&nbsp;&nbsp;&nbsp;&nbsp;&nbsp;&nbsp;&nbsp; Grajk\u00f3w \u2013 modli si\u0119 rodzina<strong><\/strong><\/p>\n\n\n\n<p><strong>&nbsp;&nbsp;&nbsp;&nbsp; &nbsp;&nbsp;&nbsp;&nbsp;&nbsp;&nbsp;&nbsp;&nbsp;&nbsp;2)<\/strong> ++ Wiolett\u0119 i Zbigniewa Beni\u00f3w, ++ rodzic\u00f3w: J\u00f3zef\u0119 i Adama Droni\u00f3w \u2013 modli si\u0119 Urszula<\/p>\n\n\n\n<p>&nbsp;&nbsp;&nbsp;&nbsp;&nbsp;&nbsp;&nbsp;&nbsp;&nbsp;&nbsp;&nbsp;&nbsp;&nbsp;&nbsp;&nbsp;&nbsp;&nbsp; z rodzin\u0105<\/p>\n\n\n\n<p><strong>18.oo \u2013 1) <\/strong>++ Antonin\u0119, Genowef\u0119, Micha\u0142a i Zbigniewa z rodziny Tracz\u00f3w<\/p>\n\n\n\n<p><strong>&nbsp;&nbsp;&nbsp;&nbsp;&nbsp;&nbsp;&nbsp;&nbsp;&nbsp;&nbsp;&nbsp; &nbsp; 2)<\/strong> ++ El\u017cbiet\u0119, Jana, Stanis\u0142awa z rodziny Krechowicz\u00f3w<\/p>\n\n\n\n<p><strong>&nbsp;&nbsp;&nbsp;&nbsp;&nbsp;&nbsp;&nbsp;&nbsp;&nbsp;&nbsp;&nbsp; &nbsp; 3) <\/strong>+ Czes\u0142awa Matyni\u0119 &#8211; gregorianka 7<strong> <\/strong>&nbsp;<\/p>\n","protected":false},"excerpt":{"rendered":"<p>Sk\u0142adaj\u0105c Ofiar\u0119, kt\u00f3ra nam przypomina niezmierzon\u0105 mi\u0142o\u015b\u0107 Twojego Syna, pokornie prosimy Ci\u0119, Bo\u017ce, przyjmij intencje Twoich wiernych i spraw przez dzia\u0142anie Eucharystii, aby w naszych rodzinach wzrasta\u0142a prawdziwa wiara, \u015bwi\u0119to\u015b\u0107 \u017cycia, braterska mi\u0142o\u015b\u0107 i duch modlitwy. Niech Matka Naj\u015bwi\u0119tsza wyprosi \u0142aski, o kt\u00f3re modlili\u015bmy si\u0119 w tej Mszy \u015bw. dla&#8230; <a class=\"continue-reading-link\" href=\"http:\/\/parafia.scinawa.info\/index.php\/2024\/09\/21\/intencje-mszalne-22-09-29-09-2024\/\">Czytaj dalej <span class=\"meta-nav\">&rarr; <\/span><\/a><\/p>\n","protected":false},"author":2,"featured_media":0,"comment_status":"closed","ping_status":"closed","sticky":false,"template":"","format":"standard","meta":{"footnotes":""},"categories":[39],"tags":[],"class_list":["post-2739","post","type-post","status-publish","format-standard","hentry","category-intencje"],"_links":{"self":[{"href":"http:\/\/parafia.scinawa.info\/index.php\/wp-json\/wp\/v2\/posts\/2739","targetHints":{"allow":["GET"]}}],"collection":[{"href":"http:\/\/parafia.scinawa.info\/index.php\/wp-json\/wp\/v2\/posts"}],"about":[{"href":"http:\/\/parafia.scinawa.info\/index.php\/wp-json\/wp\/v2\/types\/post"}],"author":[{"embeddable":true,"href":"http:\/\/parafia.scinawa.info\/index.php\/wp-json\/wp\/v2\/users\/2"}],"replies":[{"embeddable":true,"href":"http:\/\/parafia.scinawa.info\/index.php\/wp-json\/wp\/v2\/comments?post=2739"}],"version-history":[{"count":1,"href":"http:\/\/parafia.scinawa.info\/index.php\/wp-json\/wp\/v2\/posts\/2739\/revisions"}],"predecessor-version":[{"id":2740,"href":"http:\/\/parafia.scinawa.info\/index.php\/wp-json\/wp\/v2\/posts\/2739\/revisions\/2740"}],"wp:attachment":[{"href":"http:\/\/parafia.scinawa.info\/index.php\/wp-json\/wp\/v2\/media?parent=2739"}],"wp:term":[{"taxonomy":"category","embeddable":true,"href":"http:\/\/parafia.scinawa.info\/index.php\/wp-json\/wp\/v2\/categories?post=2739"},{"taxonomy":"post_tag","embeddable":true,"href":"http:\/\/parafia.scinawa.info\/index.php\/wp-json\/wp\/v2\/tags?post=2739"}],"curies":[{"name":"wp","href":"https:\/\/api.w.org\/{rel}","templated":true}]}}